{"id":11242,"date":"2025-08-20T08:53:39","date_gmt":"2025-08-20T07:53:39","guid":{"rendered":"https:\/\/nakanarach.pl\/?p=11242"},"modified":"2025-08-20T09:40:31","modified_gmt":"2025-08-20T08:40:31","slug":"tragiczne-statystyki-upalow","status":"publish","type":"post","link":"https:\/\/nakanarach.pl\/index.php\/2025\/08\/20\/tragiczne-statystyki-upalow\/","title":{"rendered":"TRAGICZNE STATYSTYKI UPA\u0141\u00d3W"},"content":{"rendered":"\n<p><strong>HISZPANIA\/WYSPY KANARYJSKIE: Przera\u017caj\u0105ce statystyki upa\u0142\u00f3w na rajskim archipelagu i w Hiszpanii. Dla wielu os\u00f3b s\u0142o\u0144ce okaza\u0142o si\u0119 \u015bmiertelnie niebezpieczne. Dlatego w\u0142adze apeluj\u0105 do mieszka\u0144c\u00f3w i turyst\u00f3w, aby w godzinach najwi\u0119kszych upa\u0142\u00f3w pomi\u0119dzy 14-17 unika\u0107 przebywania bez cienia i och\u0142ody na \u015bwie\u017cym powietrzu. <\/strong><\/p>\n\n\n\n<p>Na Wyspach Kanaryjskich s\u0142o\u0144ce jest bardziej ostre ni\u017c w Polsce z kilku powod\u00f3w:\u00a0blisko\u015bci r\u00f3wnika, czasem braku chmur, wp\u0142ywu pr\u0105du kanaryjskiego (zimny pr\u0105d oceaniczny, kt\u00f3ry kszta\u0142tuje subtropikalny klimat archipelagu) i specyficznego klimatu wysp le\u017c\u0105cych na wysoko\u015bci afryka\u0144skiego Maroka i Sahary Zachodniej. Klimat charakteryzuje si\u0119 tutaj nisk\u0105 wilgotno\u015bci\u0105 i ma\u0142\u0105 ilo\u015bci\u0105 opad\u00f3w deszczu, co przek\u0142ada si\u0119 na du\u017c\u0105 liczb\u0119 s\u0142onecznych dni (ok. 300 w roku) i mniej chmur, kt\u00f3re mog\u0142yby rozprasza\u0107 \u015bwiat\u0142o s\u0142oneczne.\u00a0Dodatkowo nie ka\u017cdy wie, \u017ce promienie s\u0142oneczne potrafi\u0105 opala\u0107 nawet w pochmurne dni. To w\u0142a\u015bnie Kanary s\u0105 regionem Hiszpanii o najwy\u017cszym promieniowaniu ultrafioletowym przez ca\u0142y rok. <\/p>\n\n\n\n<p>Statystycznie to w\u0142a\u015bnie co roku w sierpniu na Wyspach Kanaryjskich notuje si\u0119 najwy\u017csze temperatury. A minionych kilku latach zdarza\u0142o si\u0119, \u017ce Gran Canaria by\u0142a najcieplejszym miejscem w ca\u0142ej Hiszpanii z temperaturami dochodz\u0105cymi do 46 stopni w ci\u0105gu dnia i 39 w nocy. <\/p>\n\n\n\n<figure class=\"wp-block-image size-large\"><img fetchpriority=\"high\" decoding=\"async\" width=\"1024\" height=\"461\" src=\"http:\/\/nakanarach.pl\/wp-content\/uploads\/2021\/06\/Termometr-39-stopni-noc-1024x461.jpg\" alt=\"\" class=\"wp-image-4626\" srcset=\"https:\/\/nakanarach.pl\/wp-content\/uploads\/2021\/06\/Termometr-39-stopni-noc-1024x461.jpg 1024w, https:\/\/nakanarach.pl\/wp-content\/uploads\/2021\/06\/Termometr-39-stopni-noc-300x135.jpg 300w, https:\/\/nakanarach.pl\/wp-content\/uploads\/2021\/06\/Termometr-39-stopni-noc-768x346.jpg 768w, https:\/\/nakanarach.pl\/wp-content\/uploads\/2021\/06\/Termometr-39-stopni-noc-1536x691.jpg 1536w, https:\/\/nakanarach.pl\/wp-content\/uploads\/2021\/06\/Termometr-39-stopni-noc-2048x922.jpg 2048w\" sizes=\"(max-width: 1024px) 100vw, 1024px\" \/><figcaption class=\"wp-element-caption\"><em><strong>Foto: Archiwum NaKanarach.pl &#8211; temperatura w nocy na pla\u017cy Faro de Maspalomas 2021 r. <\/strong><\/em><\/figcaption><\/figure>\n\n\n\n<p>D\u0142ugotrwa\u0142y okres wysokich temperatur, kt\u00f3ry dotyka archipelag, a zw\u0142aszcza Gran Canari\u0119, spowodowa\u0142 w sierpniu na tej wyspie a\u017c 15 zgon\u00f3w &#8211; wynika z danych Systemu Monitorowania \u015amiertelno\u015bci Dziennej (MoMo). <\/p>\n\n\n\n<p>Bior\u0105c pod uwag\u0119 te ostatnie zgony spowodowane upa\u0142ami, szacuje si\u0119, \u017ce ekstremalne temperatury spowodowa\u0142y na wszystkich o\u015bmiu wyspach archipelagu a\u017c 51 zgon\u00f3w od pocz\u0105tku tego lata. <\/p>\n\n\n\n<ul class=\"wp-block-list\">\n<li>Nale\u017cy wyja\u015bni\u0107, \u017ce liczba ta jest szacunkowa, a liczba zgon\u00f3w przypisanych upa\u0142om jest obliczana na podstawie wzorca zgon\u00f3w spodziewanych w ci\u0105gu ostatnich dziesi\u0119ciu lat  &#8211; m\u00f3wi gazecie Canarias7 Elena L\u00f3pez, szefowa S\u0142u\u017cby Epidemiologii i Prewencji Dyrekcji Generalnej Zdrowia Publicznego.<\/li>\n<\/ul>\n\n\n\n<p>L\u00f3pez zwr\u00f3ci\u0142a uwag\u0119, \u017ce fala upa\u0142\u00f3w, kt\u00f3ra nawiedzi\u0142a archipelag od 10 sierpnia, odbi\u0142a si\u0119 na liczbie zg\u0142osze\u0144 do pogotowia ratunkowego na Wyspach Kanaryjskich. W tym miesi\u0105cu udzielono pomocy na miejscu \u0142\u0105cznie 31 osobom w wieku od 20 do 84 lat, kt\u00f3re wykazywa\u0142y objawy zwi\u0105zane z nadmiernym upa\u0142em.<\/p>\n\n\n\n<p>Ponadto, wed\u0142ug informacji posiadanych przez s\u0142u\u017cb\u0119 zdrowia, co najmniej 15 innych os\u00f3b zosta\u0142o przyj\u0119tych do szpitali z powodu przegrzania organizmu. By\u0142y one w wieku od 14 miesi\u0119cy do 86 lat.<\/p>\n\n\n\n<p>Wed\u0142ug lekarza profil os\u00f3b dotkni\u0119tych tymi objawami jest zr\u00f3\u017cnicowany, cho\u0107 przewa\u017caj\u0105 osoby pracuj\u0105ce w upale na \u015bwie\u017cym powietrzu i osoby sp\u0119dzaj\u0105ce wolny czas na s\u0142o\u0144cu. W rzeczywisto\u015bci oko\u0142o po\u0142owa pomocy udzielonej przez pogotowie ratunkowe z powodu upa\u0142\u00f3w dotyczy\u0142a obcokrajowc\u00f3w, kt\u00f3rzy sp\u0119dzali urlop na archipelagu.<\/p>\n\n\n\n<p>Wi\u0119kszo\u015b\u0107 interwencji pogotowia ratunkowego by\u0142a na po\u0142udniowych i po\u0142udniowo-zachodnich terenach Gran Canarii, gdzie udzielano pomocy osobom z objawami hipertermii lub udaru s\u0142onecznego, ale interwencje mia\u0142y miejsce r\u00f3wnie\u017c w tak r\u00f3\u017cnych miejscach, jak Puerto de la Cruz, pla\u017ca Las Canteras w stolicy Gran Canarii, Puerto del Rosario, Arrecife czy Puerto del Carmen na Lanzarote.<\/p>\n\n\n\n<p>Dobr\u0105 wiadomo\u015bci\u0105 jest to, \u017ce wed\u0142ug L\u00f3pez s\u0142u\u017cba zdrowia nie odnotowa\u0142a \u017cadnych zgon\u00f3w spowodowanych bezpo\u015brednio udarem cieplnym, z\u0142\u0105 wiadomo\u015bci\u0105 jest natomiast to, \u017ce w najbli\u017cszych dniach na Wyspach Kanaryjskich utrzymaj\u0105 si\u0119 do\u015b\u0107 wysokie temperatury.<\/p>\n\n\n\n<p>W ca\u0142ej Hiszpanii wed\u0142ug szacunk\u00f3w upa\u0142y spowodowa\u0142y tego lata 2635 zgon\u00f3w, z czego prawie po\u0142owa, czyli 1149 by\u0142a podczas fali upa\u0142\u00f3w, kt\u00f3ra rozpocz\u0119\u0142a si\u0119 3 sierpnia &#8211; podaje agencja Efe. Liczba zgon\u00f3w spowodowanych upa\u0142ami tego lata przekracza o 40% liczb\u0119 odnotowan\u0105 w tym samym okresie ubieg\u0142ego roku, kiedy to wynios\u0142a 1856.<\/p>\n\n\n\n<p>System MoMo ujawnia, \u017ce zdecydowana wi\u0119kszo\u015b\u0107 os\u00f3b zmar\u0142ych z powodu upa\u0142\u00f3w w kraju to osoby powy\u017cej 65 roku \u017cycia (2529), a w szczeg\u00f3lno\u015bci powy\u017cej 75 roku \u017cycia (2347, z czego 1747 mia\u0142o 85 lat lub wi\u0119cej).<\/p>\n\n\n\n<p>Wed\u0142ug danych systemu zarz\u0105dzanego przez Narodowe Centrum Epidemiologii, kt\u00f3re dokonuje prognoz statystycznych na podstawie danych dotycz\u0105cych \u015bmiertelno\u015bci i prog\u00f3w maksymalnych temperatur, powy\u017cej kt\u00f3rych upa\u0142 stanowi zagro\u017cenie dla zdrowia, 1579 os\u00f3b to kobiety, a 1056 to m\u0119\u017cczy\u017ani.<\/p>\n\n\n\n<p>Wed\u0142ug Pa\u0144stwowej Agencji Meteorologicznej (AEMET) 20 sierpnia na Wyspach Kanaryjskich nast\u0105pi niewielki spadek temperatur. Ale nadal prognozowane s\u0105 temperatury powy\u017cej 30 stopni Celsjusza w po\u0142udniowej i zachodniej cz\u0119\u015bci \u015brodkowej cz\u0119\u015bci wyspy, a w niekt\u00f3rych cz\u0119\u015bciach Gran Canarii temperatura ma osi\u0105gn\u0105\u0107 34 stopnie.<\/p>\n\n\n\n<p>Od 19 sierpnia obowi\u0105zuje kolejny alert przeciwpo\u017carowy w lasach na wyspach: El Hierro, La Gomera, Teneryfa i Gran Canaria na obszarach po\u0142o\u017conych powy\u017cej 600 metr\u00f3w na p\u00f3\u0142nocnych zboczach oraz powy\u017cej 400 metr\u00f3w na pozosta\u0142ych stokach. W przypadku La Palmy ograniczenia dotycz\u0105 obszar\u00f3w powy\u017cej 600 metr\u00f3w w cz\u0119\u015bci wschodniej i powy\u017cej 400 metr\u00f3w w zachodniej cz\u0119\u015bci wyspy. Jest tam ca\u0142kowity zakaz rozpalania na terenach rekreacyjnych: grilli, ognisk, palenisk oraz kuchenek gazowych. Nie wolno te\u017c u\u017cywa\u0107 maszyn rolniczych i narz\u0119dzi, kt\u00f3re mog\u0105 wytwarza\u0107 iskry. <\/p>\n\n\n\n<p>Nie wolno te\u017c pali\u0107 tytoniu na terenach rekreacyjnych, w kempingach, na polach namiotowych, szlakach turystycznych, punktach widokowych na terenach g\u00f3rskich.<\/p>\n\n\n\n<p>Opr\u00f3cz alarmu przeciwpo\u017carowego w lasach, rz\u0105d regionalny utrzymuje w mocy kilka innych ostrze\u017ce\u0144 meteorologicznych: przed ekstremalnie wysokimi temperaturami, mg\u0142ami i silnymi wiatrami na ca\u0142ym archipelagu, a tak\u017ce przed wysokimi falami na Oceanie Atlantyckim w prowincjach Santa Cruz de Tenerife i Las Palmas. <\/p>\n\n\n\n<p>Foto: Zdj\u0119cie ilustracyjne NaKanarach.pl<\/p>\n","protected":false},"excerpt":{"rendered":"<p>HISZPANIA\/WYSPY KANARYJSKIE: Przera\u017caj\u0105ce statystyki upa\u0142\u00f3w na rajskim archipelagu i w Hiszpanii. Dla wielu os\u00f3b s\u0142o\u0144ce okaza\u0142o si\u0119 \u015bmiertelnie niebezpieczne. Dlatego w\u0142adze apeluj\u0105 do mieszka\u0144c\u00f3w i turyst\u00f3w, aby w godzinach najwi\u0119kszych upa\u0142\u00f3w pomi\u0119dzy 14-17 unika\u0107 przebywania bez cienia i och\u0142ody na \u015bwie\u017cym powietrzu. Na Wyspach Kanaryjskich s\u0142o\u0144ce jest bardziej ostre ni\u017c w Polsce z kilku powod\u00f3w:\u00a0blisko\u015bci [&hellip;]<\/p>\n","protected":false},"author":4,"featured_media":8683,"comment_status":"closed","ping_status":"open","sticky":false,"template":"","format":"standard","meta":{"om_disable_all_campaigns":false,"_monsterinsights_skip_tracking":false,"_monsterinsights_sitenote_active":false,"_monsterinsights_sitenote_note":"","_monsterinsights_sitenote_category":0,"footnotes":""},"categories":[12],"tags":[],"class_list":["post-11242","post","type-post","status-publish","format-standard","has-post-thumbnail","hentry","category-aktualnosci"],"aioseo_notices":[],"blog_post_layout_featured_media_urls":{"thumbnail":["https:\/\/nakanarach.pl\/wp-content\/uploads\/2024\/10\/Plaza-Las-Canteras-32-stopnie-1-150x150.jpg",150,150,true],"full":["https:\/\/nakanarach.pl\/wp-content\/uploads\/2024\/10\/Plaza-Las-Canteras-32-stopnie-1-scaled.jpg",2560,1441,false]},"categories_names":{"12":{"name":"Aktualno\u015bci","link":"https:\/\/nakanarach.pl\/index.php\/category\/aktualnosci\/"}},"tags_names":[],"comments_number":"0","wpmagazine_modules_lite_featured_media_urls":{"thumbnail":["https:\/\/nakanarach.pl\/wp-content\/uploads\/2024\/10\/Plaza-Las-Canteras-32-stopnie-1-150x150.jpg",150,150,true],"cvmm-medium":["https:\/\/nakanarach.pl\/wp-content\/uploads\/2024\/10\/Plaza-Las-Canteras-32-stopnie-1-300x300.jpg",300,300,true],"cvmm-medium-plus":["https:\/\/nakanarach.pl\/wp-content\/uploads\/2024\/10\/Plaza-Las-Canteras-32-stopnie-1-305x207.jpg",305,207,true],"cvmm-portrait":["https:\/\/nakanarach.pl\/wp-content\/uploads\/2024\/10\/Plaza-Las-Canteras-32-stopnie-1-400x600.jpg",400,600,true],"cvmm-medium-square":["https:\/\/nakanarach.pl\/wp-content\/uploads\/2024\/10\/Plaza-Las-Canteras-32-stopnie-1-600x600.jpg",600,600,true],"cvmm-large":["https:\/\/nakanarach.pl\/wp-content\/uploads\/2024\/10\/Plaza-Las-Canteras-32-stopnie-1-1024x1024.jpg",1024,1024,true],"cvmm-small":["https:\/\/nakanarach.pl\/wp-content\/uploads\/2024\/10\/Plaza-Las-Canteras-32-stopnie-1-130x95.jpg",130,95,true],"full":["https:\/\/nakanarach.pl\/wp-content\/uploads\/2024\/10\/Plaza-Las-Canteras-32-stopnie-1-scaled.jpg",2560,1441,false]},"_links":{"self":[{"href":"https:\/\/nakanarach.pl\/index.php\/wp-json\/wp\/v2\/posts\/11242","targetHints":{"allow":["GET"]}}],"collection":[{"href":"https:\/\/nakanarach.pl\/index.php\/wp-json\/wp\/v2\/posts"}],"about":[{"href":"https:\/\/nakanarach.pl\/index.php\/wp-json\/wp\/v2\/types\/post"}],"author":[{"embeddable":true,"href":"https:\/\/nakanarach.pl\/index.php\/wp-json\/wp\/v2\/users\/4"}],"replies":[{"embeddable":true,"href":"https:\/\/nakanarach.pl\/index.php\/wp-json\/wp\/v2\/comments?post=11242"}],"version-history":[{"count":2,"href":"https:\/\/nakanarach.pl\/index.php\/wp-json\/wp\/v2\/posts\/11242\/revisions"}],"predecessor-version":[{"id":11245,"href":"https:\/\/nakanarach.pl\/index.php\/wp-json\/wp\/v2\/posts\/11242\/revisions\/11245"}],"wp:featuredmedia":[{"embeddable":true,"href":"https:\/\/nakanarach.pl\/index.php\/wp-json\/wp\/v2\/media\/8683"}],"wp:attachment":[{"href":"https:\/\/nakanarach.pl\/index.php\/wp-json\/wp\/v2\/media?parent=11242"}],"wp:term":[{"taxonomy":"category","embeddable":true,"href":"https:\/\/nakanarach.pl\/index.php\/wp-json\/wp\/v2\/categories?post=11242"},{"taxonomy":"post_tag","embeddable":true,"href":"https:\/\/nakanarach.pl\/index.php\/wp-json\/wp\/v2\/tags?post=11242"}],"curies":[{"name":"wp","href":"https:\/\/api.w.org\/{rel}","templated":true}]}}