{"id":11250,"date":"2025-08-22T07:32:50","date_gmt":"2025-08-22T06:32:50","guid":{"rendered":"https:\/\/nakanarach.pl\/?p=11250"},"modified":"2025-08-22T08:53:38","modified_gmt":"2025-08-22T07:53:38","slug":"nietypowy-protest-na-plazy-video","status":"publish","type":"post","link":"https:\/\/nakanarach.pl\/index.php\/2025\/08\/22\/nietypowy-protest-na-plazy-video\/","title":{"rendered":"NIETYPOWY PROTEST NA PLA\u017bY (VIDEO)"},"content":{"rendered":"\n<p><strong>LANZAROTE: Dotychczas Kanaryjczycy protestowali na pla\u017cach przeciwko nadmiarowi turyst\u00f3w lub zanieczyszczaniu oceanu \u015bciekami. Tym razem na niezwyk\u0142y widok natkn\u0119li si\u0119 urlopowicze i mieszka\u0144cy odpoczywaj\u0105cy na pla\u017cy Playa Basti\u00e1n w Costa Teguise. Na piasku ustawiono tam kilkadziesi\u0105t parasoli w ramach politycznego protestu przeciwko premierowi Hiszpanii Pedro S\u00e1nchezowi, kt\u00f3ry obecnie sp\u0119dza letnie wakacje na Lanzarote.<\/strong><\/p>\n\n\n\n<p>Hiszpa\u0144ski premier odpoczywa wraz z \u017con\u0105, c\u00f3rkami i rodzicami w La Mareta, oficjalnej rezydencji kr\u00f3lewskiej w pobli\u017cu Costa Teguise, gdzie cz\u0119sto zatrzymuj\u0105 si\u0119 hiszpa\u0144scy szefowie rz\u0105d\u00f3w i odwiedzaj\u0105cy dostojnicy podczas pobytu na Wyspach Kanaryjskich. Budynek, w kt\u00f3rym przebywa szef rady ministr\u00f3w to kompleks zbudowany dla kr\u00f3la Jordanii Husajna, kt\u00f3ry pod koniec lat osiemdziesi\u0105tych podarowa\u0142 go kr\u00f3lowi Juanowi Carlosowi I. W rezydencji Casa del Rey (z hiszp. Dom Kr\u00f3lewski) przebywa\u0142y g\u0142owy pa\u0144stw lub rz\u0105d\u00f3w, jak byli kanclerze Niemiec Helmut Kohl i Gerhard Schr\u00f6der, prezydent ZSRR Michai\u0142 Gorbaczow, by\u0142y prezydent Czech V\u00e1clav Havel czy poprzedni premierzy Hiszpanii Jos\u00e9 Mar\u00eda Aznar i Jos\u00e9 Luis Rodr\u00edguez Zapatero, a tak\u017ce sam S\u00e1nchez.<\/p>\n\n\n\n<p>Tymczasem w jednym z najwi\u0119kszych kurort\u00f3w na Lanzarote i popularnej w\u015br\u00f3d wielu rodzin pla\u017cy ze wzgl\u0119du na \u0142agodne wody pojawi\u0142o si\u0119 prawie 50 parasoli ustawionych w taki spos\u00f3b, aby tworzy\u0142y wiadomo\u015bci krytykuj\u0105ce premiera S\u00e1ncheza. <\/p>\n\n\n\n<figure class=\"wp-block-gallery has-nested-images columns-default is-cropped wp-block-gallery-1 is-layout-flex wp-block-gallery-is-layout-flex\">\n<figure class=\"wp-block-image size-large\"><img fetchpriority=\"high\" decoding=\"async\" width=\"1024\" height=\"682\" data-id=\"11253\" src=\"https:\/\/nakanarach.pl\/wp-content\/uploads\/2025\/08\/Sanchez-parasolki1-FB-Hazte-Oir-1024x682.jpg\" alt=\"\" class=\"wp-image-11253\" srcset=\"https:\/\/nakanarach.pl\/wp-content\/uploads\/2025\/08\/Sanchez-parasolki1-FB-Hazte-Oir-1024x682.jpg 1024w, https:\/\/nakanarach.pl\/wp-content\/uploads\/2025\/08\/Sanchez-parasolki1-FB-Hazte-Oir-300x200.jpg 300w, https:\/\/nakanarach.pl\/wp-content\/uploads\/2025\/08\/Sanchez-parasolki1-FB-Hazte-Oir-768x512.jpg 768w, https:\/\/nakanarach.pl\/wp-content\/uploads\/2025\/08\/Sanchez-parasolki1-FB-Hazte-Oir-1536x1023.jpg 1536w, https:\/\/nakanarach.pl\/wp-content\/uploads\/2025\/08\/Sanchez-parasolki1-FB-Hazte-Oir.jpg 2048w\" sizes=\"(max-width: 1024px) 100vw, 1024px\" \/><\/figure>\n\n\n\n<figure class=\"wp-block-image size-large\"><img decoding=\"async\" width=\"1024\" height=\"683\" data-id=\"11252\" src=\"https:\/\/nakanarach.pl\/wp-content\/uploads\/2025\/08\/Sanchez-parasolki2-FB-Hazte-Oir-1024x683.jpg\" alt=\"\" class=\"wp-image-11252\" srcset=\"https:\/\/nakanarach.pl\/wp-content\/uploads\/2025\/08\/Sanchez-parasolki2-FB-Hazte-Oir-1024x683.jpg 1024w, https:\/\/nakanarach.pl\/wp-content\/uploads\/2025\/08\/Sanchez-parasolki2-FB-Hazte-Oir-300x200.jpg 300w, https:\/\/nakanarach.pl\/wp-content\/uploads\/2025\/08\/Sanchez-parasolki2-FB-Hazte-Oir-768x512.jpg 768w, https:\/\/nakanarach.pl\/wp-content\/uploads\/2025\/08\/Sanchez-parasolki2-FB-Hazte-Oir-1536x1024.jpg 1536w, https:\/\/nakanarach.pl\/wp-content\/uploads\/2025\/08\/Sanchez-parasolki2-FB-Hazte-Oir.jpg 2048w\" sizes=\"(max-width: 1024px) 100vw, 1024px\" \/><\/figure>\n\n\n\n<figure class=\"wp-block-image size-large\"><img decoding=\"async\" width=\"1024\" height=\"683\" data-id=\"11251\" src=\"https:\/\/nakanarach.pl\/wp-content\/uploads\/2025\/08\/Sanchez-parasolki3-FB-Hazte-Oir-1024x683.jpg\" alt=\"\" class=\"wp-image-11251\" srcset=\"https:\/\/nakanarach.pl\/wp-content\/uploads\/2025\/08\/Sanchez-parasolki3-FB-Hazte-Oir-1024x683.jpg 1024w, https:\/\/nakanarach.pl\/wp-content\/uploads\/2025\/08\/Sanchez-parasolki3-FB-Hazte-Oir-300x200.jpg 300w, https:\/\/nakanarach.pl\/wp-content\/uploads\/2025\/08\/Sanchez-parasolki3-FB-Hazte-Oir-768x512.jpg 768w, https:\/\/nakanarach.pl\/wp-content\/uploads\/2025\/08\/Sanchez-parasolki3-FB-Hazte-Oir-1536x1024.jpg 1536w, https:\/\/nakanarach.pl\/wp-content\/uploads\/2025\/08\/Sanchez-parasolki3-FB-Hazte-Oir.jpg 2048w\" sizes=\"(max-width: 1024px) 100vw, 1024px\" \/><\/figure>\n<\/figure>\n\n\n\n<p>Akcja ta zosta\u0142a szybko powi\u0105zana z Hazte O\u00edr (z hiszp. Niech ci\u0119 us\u0142ysz\u0105), madryck\u0105 grup\u0105 nacisku znan\u0105 w Hiszpanii z przyci\u0105gaj\u0105cych uwag\u0119 kontrowersyjnych kampanii. Organizacja ta przyzna\u0142a si\u0119 do tej akcji, opisuj\u0105c j\u0105 jako kolejny krok w ramach swojej tak zwanej \u201ekampanii l\u0105dowej, morskiej i powietrznej przeciwko skorumpowanemu premierowi\u201d. <\/p>\n\n\n\n<p><strong>ZOBACZ VIDEO<\/strong><\/p>\n\n\n\n<p><a href=\"https:\/\/www.facebook.com\/share\/r\/1FXB7aezHx\">https:\/\/www.facebook.com\/share\/r\/1FXB7aezHx<\/a><\/p>\n\n\n\n<p>W ostatnich miesi\u0105cach dzia\u0142acze Hazte O\u00edr wykorzystywali autobusy, ci\u0119\u017car\u00f3wki, skutery wodne, balony na ogrzane powietrze i gigantyczne banery, aby przekaza\u0107 swoje przes\u0142anie. <\/p>\n\n\n\n<p>Hiszpa\u0144ski rz\u0105d uzna\u0142 to za \u201ekampani\u0119 nienawi\u015bci\u201d, a socjalistyczna partia S\u00e1ncheza, PSOE, z\u0142o\u017cy\u0142a formaln\u0105 skarg\u0119 przeciwko Hazte O\u00edr za rzekome znies\u0142awienie i pom\u00f3wienie. Tymczasem policja na wyspie zidentyfikowa\u0142a pi\u0119\u0107 os\u00f3b, kt\u00f3re prawdopodobnie bra\u0142y udzia\u0142 w prote\u015bcie z parasolami.<\/p>\n\n\n\n<p>W\u0142adze gminy nakaza\u0142y usuni\u0119cie parasoli, ale do tego czasu w mediach spo\u0142eczno\u015bciowych pojawi\u0142o si\u0119 ju\u017c wiele zdj\u0119\u0107, niekt\u00f3rzy byli rozbawieni kreatywno\u015bci\u0105, a inni pot\u0119piali przekaz.<\/p>\n\n\n\n<p>Foto: Facebook\/Hazte O\u00edr<\/p>\n","protected":false},"excerpt":{"rendered":"<p>LANZAROTE: Dotychczas Kanaryjczycy protestowali na pla\u017cach przeciwko nadmiarowi turyst\u00f3w lub zanieczyszczaniu oceanu \u015bciekami. Tym razem na niezwyk\u0142y widok natkn\u0119li si\u0119 urlopowicze i mieszka\u0144cy odpoczywaj\u0105cy na pla\u017cy Playa Basti\u00e1n w Costa Teguise. Na piasku ustawiono tam kilkadziesi\u0105t parasoli w ramach politycznego protestu przeciwko premierowi Hiszpanii Pedro S\u00e1nchezowi, kt\u00f3ry obecnie sp\u0119dza letnie wakacje na Lanzarote. Hiszpa\u0144ski premier [&hellip;]<\/p>\n","protected":false},"author":4,"featured_media":11254,"comment_status":"closed","ping_status":"open","sticky":false,"template":"","format":"standard","meta":{"om_disable_all_campaigns":false,"_monsterinsights_skip_tracking":false,"_monsterinsights_sitenote_active":false,"_monsterinsights_sitenote_note":"","_monsterinsights_sitenote_category":0,"footnotes":""},"categories":[12],"tags":[],"class_list":["post-11250","post","type-post","status-publish","format-standard","has-post-thumbnail","hentry","category-aktualnosci"],"aioseo_notices":[],"blog_post_layout_featured_media_urls":{"thumbnail":["https:\/\/nakanarach.pl\/wp-content\/uploads\/2025\/08\/Sanchez-parasolki0-FB-Hazte-Oir-150x150.jpg",150,150,true],"full":["https:\/\/nakanarach.pl\/wp-content\/uploads\/2025\/08\/Sanchez-parasolki0-FB-Hazte-Oir.jpg",2048,1365,false]},"categories_names":{"12":{"name":"Aktualno\u015bci","link":"https:\/\/nakanarach.pl\/index.php\/category\/aktualnosci\/"}},"tags_names":[],"comments_number":"0","wpmagazine_modules_lite_featured_media_urls":{"thumbnail":["https:\/\/nakanarach.pl\/wp-content\/uploads\/2025\/08\/Sanchez-parasolki0-FB-Hazte-Oir-150x150.jpg",150,150,true],"cvmm-medium":["https:\/\/nakanarach.pl\/wp-content\/uploads\/2025\/08\/Sanchez-parasolki0-FB-Hazte-Oir-300x300.jpg",300,300,true],"cvmm-medium-plus":["https:\/\/nakanarach.pl\/wp-content\/uploads\/2025\/08\/Sanchez-parasolki0-FB-Hazte-Oir-305x207.jpg",305,207,true],"cvmm-portrait":["https:\/\/nakanarach.pl\/wp-content\/uploads\/2025\/08\/Sanchez-parasolki0-FB-Hazte-Oir-400x600.jpg",400,600,true],"cvmm-medium-square":["https:\/\/nakanarach.pl\/wp-content\/uploads\/2025\/08\/Sanchez-parasolki0-FB-Hazte-Oir-600x600.jpg",600,600,true],"cvmm-large":["https:\/\/nakanarach.pl\/wp-content\/uploads\/2025\/08\/Sanchez-parasolki0-FB-Hazte-Oir-1024x1024.jpg",1024,1024,true],"cvmm-small":["https:\/\/nakanarach.pl\/wp-content\/uploads\/2025\/08\/Sanchez-parasolki0-FB-Hazte-Oir-130x95.jpg",130,95,true],"full":["https:\/\/nakanarach.pl\/wp-content\/uploads\/2025\/08\/Sanchez-parasolki0-FB-Hazte-Oir.jpg",2048,1365,false]},"_links":{"self":[{"href":"https:\/\/nakanarach.pl\/index.php\/wp-json\/wp\/v2\/posts\/11250","targetHints":{"allow":["GET"]}}],"collection":[{"href":"https:\/\/nakanarach.pl\/index.php\/wp-json\/wp\/v2\/posts"}],"about":[{"href":"https:\/\/nakanarach.pl\/index.php\/wp-json\/wp\/v2\/types\/post"}],"author":[{"embeddable":true,"href":"https:\/\/nakanarach.pl\/index.php\/wp-json\/wp\/v2\/users\/4"}],"replies":[{"embeddable":true,"href":"https:\/\/nakanarach.pl\/index.php\/wp-json\/wp\/v2\/comments?post=11250"}],"version-history":[{"count":4,"href":"https:\/\/nakanarach.pl\/index.php\/wp-json\/wp\/v2\/posts\/11250\/revisions"}],"predecessor-version":[{"id":11269,"href":"https:\/\/nakanarach.pl\/index.php\/wp-json\/wp\/v2\/posts\/11250\/revisions\/11269"}],"wp:featuredmedia":[{"embeddable":true,"href":"https:\/\/nakanarach.pl\/index.php\/wp-json\/wp\/v2\/media\/11254"}],"wp:attachment":[{"href":"https:\/\/nakanarach.pl\/index.php\/wp-json\/wp\/v2\/media?parent=11250"}],"wp:term":[{"taxonomy":"category","embeddable":true,"href":"https:\/\/nakanarach.pl\/index.php\/wp-json\/wp\/v2\/categories?post=11250"},{"taxonomy":"post_tag","embeddable":true,"href":"https:\/\/nakanarach.pl\/index.php\/wp-json\/wp\/v2\/tags?post=11250"}],"curies":[{"name":"wp","href":"https:\/\/api.w.org\/{rel}","templated":true}]}}