{"id":11303,"date":"2025-09-02T08:58:00","date_gmt":"2025-09-02T07:58:00","guid":{"rendered":"https:\/\/nakanarach.pl\/?p=11303"},"modified":"2025-09-05T11:26:40","modified_gmt":"2025-09-05T10:26:40","slug":"masowe-kontrole-na-slynnych-wydmach-video","status":"publish","type":"post","link":"https:\/\/nakanarach.pl\/index.php\/2025\/09\/02\/masowe-kontrole-na-slynnych-wydmach-video\/","title":{"rendered":"MASOWE KONTROLE NA S\u0141YNNYCH WYDMACH (VIDEO)"},"content":{"rendered":"\n<p><strong>GRAN CANARIA: Latem wraz z rekordowym nap\u0142ywem zagranicznych wczasowicz\u00f3w znacz\u0105co nasili\u0142 si\u0119 problem os\u00f3b spaceruj\u0105cych po s\u0142ynnych wydmach Maspalomas. Dlatego w\u0142adze skierowa\u0142y do walki z niesfornymi turystami paramilatarn\u0105 formacj\u0119 &#8211; hiszpa\u0144sk\u0105 Gwardi\u0119 Cywiln\u0105. <\/strong><\/p>\n\n\n\n<p>Rada Gran Canarii (Cabildo de Gran Canaria) informuje, \u017ce presja cz\u0142owieka na ten obszar jest coraz wi\u0119ksza. Szacuje si\u0119, \u017ce w ci\u0105gu dnia od 150 do 300 os\u00f3b bezprawnie wkracza na wydmy, przechodz\u0105c przez obszary obj\u0119te ograniczeniami i schodz\u0105c z wyznaczonych szlak\u00f3w. Szczytowy moment nast\u0119puje o zachodzie s\u0142o\u0144ca, kiedy to na piasku mo\u017ce zgromadzi\u0107 si\u0119 nawet 500 os\u00f3b, depcz\u0105c rodzim\u0105 ro\u015blinno\u015b\u0107 i powoduj\u0105c ucieczk\u0119 zamieszkuj\u0105cej to miejsce fauny. Pomimo obecno\u015bci znak\u00f3w, lin wyznaczaj\u0105cych granice \u015bcie\u017cek spacerowych i miejsc przeznaczonych do obserwacji, wielu odwiedzaj\u0105cych ignoruje zasady, maj\u0105c na celu wy\u0142\u0105cznie zrobienie zdj\u0119cia krajobrazu.<\/p>\n\n\n\n<p>Gwardia Cywilna, poprzez swoj\u0105 jednostk\u0119 Seprona, wraz z Rad\u0105 Wyspy Gran Canaria, za po\u015brednictwem swoich funkcjonariuszy ds. \u015brodowiska, zintensyfikowa\u0142a dzia\u0142ania w zakresie nadzoru i zapobiegania w Specjalnym Rezerwacie Przyrody Las Dunas de Maspalomas w celu ochrony jednego z najcenniejszych i najbardziej wra\u017cliwych obszar\u00f3w przyrodniczych archipelagu. Ma to zwi\u0105zek masowym naruszaniem zakazu przez odwiedzaj\u0105cych, kt\u00f3rzy spaceruj\u0105 po wydmach poza wyznaczonymi szlakami. <br>W\u015br\u00f3d nowych i bardziej restrykcyjnych \u015brodk\u00f3w kontroli wyr\u00f3\u017cnia si\u0119 m.in. trwaj\u0105ca ju\u017c instalacj\u0119 czujnik\u00f3w, kt\u00f3re wykrywaj\u0105 ruch w poszczeg\u00f3lnych obszarach wydm. Jest to system pomiaru wideo, kt\u00f3ry zidentyfikuje i oszacuje liczb\u0119 os\u00f3b oraz miejsce i dat\u0119 wyst\u0105pienia zdarze\u0144, a tak\u017ce jest w stanie generowa\u0107 automatyczne alerty i wysy\u0142a\u0107 je za po\u015brednictwem poczty elektronicznej, SMS-\u00f3w lub innych \u015brodk\u00f3w komunikacji. Modu\u0142y tych czujnik\u00f3w s\u0105 wyposa\u017cone w trzy wysokiej jako\u015bci kamery z zaawansowanymi czujnikami zdolnymi do przechwytywania obraz\u00f3w. Dodatkowo specjalne czujniki pojawi\u0105 si\u0119 w stawie Charca w Maspalomas, aby mierzy\u0107 zm\u0119tnienie wody, jej temperatur\u0119 oraz poziom pH, azotan\u00f3w, sodu, wapnia i bromk\u00f3w, gdy\u017c kilka lat temu pojawi\u0142y si\u0119 tu \u015bni\u0119te ryby.<\/p>\n\n\n\n<p>Przy okazji wprowadzany jest nowy system oznakowania cyfrowego z kodami QR, ekrany informacyjne oraz kontrola \u015brodowiskowa laguny.<\/p>\n\n\n\n<p><strong>ZOBACZ VIDEO:<\/strong><\/p>\n\n\n\n<p><a href=\"https:\/\/www.facebook.com\/share\/v\/16kCCiBAQx\">https:\/\/www.facebook.com\/share\/v\/16kCCiBAQx<\/a><\/p>\n\n\n\n<p>W tej sytuacji wsp\u00f3\u0142praca mi\u0119dzy Sepron\u0105 a funkcjonariuszami ds. \u015brodowiska nabiera szczeg\u00f3lnego znaczenia, nie tylko poprzez odstraszaj\u0105c\u0105 obecno\u015b\u0107 i kontrol\u0119 w terenie, ale tak\u017ce w ramach szerszej strategii wdro\u017conej przez Rad\u0119 Wyspy w celu zmniejszenia presji ze strony odwiedzaj\u0105cych i promowania \u015bwiadomo\u015bci ekologicznej. <\/p>\n\n\n\n<figure class=\"wp-block-image size-large\"><img fetchpriority=\"high\" decoding=\"async\" width=\"1024\" height=\"768\" src=\"http:\/\/nakanarach.pl\/wp-content\/uploads\/2021\/05\/Medio-ambiente-Straznicy-Wydm-1024x768.jpg\" alt=\"\" class=\"wp-image-1498\" srcset=\"https:\/\/nakanarach.pl\/wp-content\/uploads\/2021\/05\/Medio-ambiente-Straznicy-Wydm-1024x768.jpg 1024w, https:\/\/nakanarach.pl\/wp-content\/uploads\/2021\/05\/Medio-ambiente-Straznicy-Wydm-300x225.jpg 300w, https:\/\/nakanarach.pl\/wp-content\/uploads\/2021\/05\/Medio-ambiente-Straznicy-Wydm-768x576.jpg 768w, https:\/\/nakanarach.pl\/wp-content\/uploads\/2021\/05\/Medio-ambiente-Straznicy-Wydm-1536x1152.jpg 1536w, https:\/\/nakanarach.pl\/wp-content\/uploads\/2021\/05\/Medio-ambiente-Straznicy-Wydm-2048x1536.jpg 2048w, https:\/\/nakanarach.pl\/wp-content\/uploads\/2021\/05\/Medio-ambiente-Straznicy-Wydm-136x102.jpg 136w\" sizes=\"(max-width: 1024px) 100vw, 1024px\" \/><figcaption class=\"wp-element-caption\"><strong><em>Foto: Archiwum NaKanarach.pl<\/em><\/strong><\/figcaption><\/figure>\n\n\n\n<p>Bogactwo przyrodnicze wydm Maspalomas uzasadnia t\u0119 szczeg\u00f3ln\u0105 uwag\u0119: w ich wyj\u0105tkowym krajobrazie wsp\u00f3\u0142istniej\u0105 gatunki ro\u015blin, takie jak tarajales, balancones lub siemprevivas, a tak\u017ce cenna awifauna, w kt\u00f3rej wyr\u00f3\u017cniaj\u0105 si\u0119 rybitwa, sieweczka, pustu\u0142ka i ponad dwadzie\u015bcia gatunk\u00f3w, kt\u00f3re wykorzystuj\u0105 ten ekosystem do gniazdowania zar\u00f3wno na wydmach, jak i w stawie Charca, przy kt\u00f3rym latem 2025 r. spacerowa\u0142a turystka, kt\u00f3rej teraz szuka policja. <\/p>\n\n\n\n<figure class=\"wp-block-image size-full\"><img decoding=\"async\" width=\"800\" height=\"533\" src=\"http:\/\/nakanarach.pl\/wp-content\/uploads\/2025\/07\/Charca-Wydmy-Turysta-La-Provincia.webp\" alt=\"\" class=\"wp-image-10990\" srcset=\"https:\/\/nakanarach.pl\/wp-content\/uploads\/2025\/07\/Charca-Wydmy-Turysta-La-Provincia.webp 800w, https:\/\/nakanarach.pl\/wp-content\/uploads\/2025\/07\/Charca-Wydmy-Turysta-La-Provincia-300x200.webp 300w, https:\/\/nakanarach.pl\/wp-content\/uploads\/2025\/07\/Charca-Wydmy-Turysta-La-Provincia-768x512.webp 768w\" sizes=\"(max-width: 800px) 100vw, 800px\" \/><figcaption class=\"wp-element-caption\"><strong><em>Foto: La Provincia<\/em><\/strong><\/figcaption><\/figure>\n\n\n\n<p>Gwardia Cywilna przypomina mieszka\u0144com i turystom, \u017ce wst\u0119p do obszar\u00f3w obj\u0119tych ograniczeniami jest surowo zabroniony, a nieprzestrzeganie przepis\u00f3w mo\u017ce skutkowa\u0107 karami finansowymi w wysoko\u015bci od 150 do 1500 euro (ok. 650 &#8211; 6500 z\u0142), zgodnie z ustaw\u0105 4\/2017 o gruntach i obszarach chronionych na Wyspach Kanaryjskich.<\/p>\n\n\n\n<p>Przypominamy, \u017ce na terenie rezerwatu przyrody na wydmach Maspalomas: <\/p>\n\n\n\n<ul id=\"block-ec6e1aec-133f-4f37-9ee2-7eae7ffc9818\" class=\"wp-block-list\">\n<li>Nale\u017cy zawsze chodzi\u0107 po wskazanych obszarach i wyznaczonych w nich \u015bcie\u017ckach.<\/li>\n\n\n\n<li>Trzeba przestrzega\u0107 zasad wynikaj\u0105cych z oznakowania i tablic informacyjnych<\/li>\n\n\n\n<li>Nie wolno u\u017cywa\u0107 kamieni lub innych element\u00f3w do tworzenia struktur zmieniaj\u0105cych krajobraz.<\/li>\n\n\n\n<li>Nale\u017cy szanowa\u0107 zwierz\u0119ta i ro\u015bliny<\/li>\n\n\n\n<li>Zakazane jest biwakowanie oraz rozpalanie ognisk i grilli.<\/li>\n<\/ul>\n\n\n\n<p>Foto: Archiwum NaKanarach.pl, La Provincia<\/p>\n","protected":false},"excerpt":{"rendered":"<p>GRAN CANARIA: Latem wraz z rekordowym nap\u0142ywem zagranicznych wczasowicz\u00f3w znacz\u0105co nasili\u0142 si\u0119 problem os\u00f3b spaceruj\u0105cych po s\u0142ynnych wydmach Maspalomas. Dlatego w\u0142adze skierowa\u0142y do walki z niesfornymi turystami paramilatarn\u0105 formacj\u0119 &#8211; hiszpa\u0144sk\u0105 Gwardi\u0119 Cywiln\u0105. Rada Gran Canarii (Cabildo de Gran Canaria) informuje, \u017ce presja cz\u0142owieka na ten obszar jest coraz wi\u0119ksza. Szacuje si\u0119, \u017ce w ci\u0105gu [&hellip;]<\/p>\n","protected":false},"author":4,"featured_media":4694,"comment_status":"closed","ping_status":"open","sticky":false,"template":"","format":"standard","meta":{"om_disable_all_campaigns":false,"_monsterinsights_skip_tracking":false,"_monsterinsights_sitenote_active":false,"_monsterinsights_sitenote_note":"","_monsterinsights_sitenote_category":0,"footnotes":""},"categories":[78,79],"tags":[],"class_list":["post-11303","post","type-post","status-publish","format-standard","has-post-thumbnail","hentry","category-interwencje","category-wiecej-informacji"],"aioseo_notices":[],"blog_post_layout_featured_media_urls":{"thumbnail":["https:\/\/nakanarach.pl\/wp-content\/uploads\/2022\/04\/Wydmy-Maspalomas-Widok-Ogolny-150x150.jpg",150,150,true],"full":["https:\/\/nakanarach.pl\/wp-content\/uploads\/2022\/04\/Wydmy-Maspalomas-Widok-Ogolny-scaled.jpg",2560,1152,false]},"categories_names":{"78":{"name":"Interwencje","link":"https:\/\/nakanarach.pl\/index.php\/category\/interwencje\/"},"79":{"name":"Wi\u0119cej informacji","link":"https:\/\/nakanarach.pl\/index.php\/category\/wiecej-informacji\/"}},"tags_names":[],"comments_number":"0","wpmagazine_modules_lite_featured_media_urls":{"thumbnail":["https:\/\/nakanarach.pl\/wp-content\/uploads\/2022\/04\/Wydmy-Maspalomas-Widok-Ogolny-150x150.jpg",150,150,true],"cvmm-medium":["https:\/\/nakanarach.pl\/wp-content\/uploads\/2022\/04\/Wydmy-Maspalomas-Widok-Ogolny-300x300.jpg",300,300,true],"cvmm-medium-plus":["https:\/\/nakanarach.pl\/wp-content\/uploads\/2022\/04\/Wydmy-Maspalomas-Widok-Ogolny-305x207.jpg",305,207,true],"cvmm-portrait":["https:\/\/nakanarach.pl\/wp-content\/uploads\/2022\/04\/Wydmy-Maspalomas-Widok-Ogolny-400x600.jpg",400,600,true],"cvmm-medium-square":["https:\/\/nakanarach.pl\/wp-content\/uploads\/2022\/04\/Wydmy-Maspalomas-Widok-Ogolny-600x600.jpg",600,600,true],"cvmm-large":["https:\/\/nakanarach.pl\/wp-content\/uploads\/2022\/04\/Wydmy-Maspalomas-Widok-Ogolny-1024x1024.jpg",1024,1024,true],"cvmm-small":["https:\/\/nakanarach.pl\/wp-content\/uploads\/2022\/04\/Wydmy-Maspalomas-Widok-Ogolny-130x95.jpg",130,95,true],"full":["https:\/\/nakanarach.pl\/wp-content\/uploads\/2022\/04\/Wydmy-Maspalomas-Widok-Ogolny-scaled.jpg",2560,1152,false]},"_links":{"self":[{"href":"https:\/\/nakanarach.pl\/index.php\/wp-json\/wp\/v2\/posts\/11303","targetHints":{"allow":["GET"]}}],"collection":[{"href":"https:\/\/nakanarach.pl\/index.php\/wp-json\/wp\/v2\/posts"}],"about":[{"href":"https:\/\/nakanarach.pl\/index.php\/wp-json\/wp\/v2\/types\/post"}],"author":[{"embeddable":true,"href":"https:\/\/nakanarach.pl\/index.php\/wp-json\/wp\/v2\/users\/4"}],"replies":[{"embeddable":true,"href":"https:\/\/nakanarach.pl\/index.php\/wp-json\/wp\/v2\/comments?post=11303"}],"version-history":[{"count":6,"href":"https:\/\/nakanarach.pl\/index.php\/wp-json\/wp\/v2\/posts\/11303\/revisions"}],"predecessor-version":[{"id":11341,"href":"https:\/\/nakanarach.pl\/index.php\/wp-json\/wp\/v2\/posts\/11303\/revisions\/11341"}],"wp:featuredmedia":[{"embeddable":true,"href":"https:\/\/nakanarach.pl\/index.php\/wp-json\/wp\/v2\/media\/4694"}],"wp:attachment":[{"href":"https:\/\/nakanarach.pl\/index.php\/wp-json\/wp\/v2\/media?parent=11303"}],"wp:term":[{"taxonomy":"category","embeddable":true,"href":"https:\/\/nakanarach.pl\/index.php\/wp-json\/wp\/v2\/categories?post=11303"},{"taxonomy":"post_tag","embeddable":true,"href":"https:\/\/nakanarach.pl\/index.php\/wp-json\/wp\/v2\/tags?post=11303"}],"curies":[{"name":"wp","href":"https:\/\/api.w.org\/{rel}","templated":true}]}}