{"id":11338,"date":"2025-09-01T08:10:59","date_gmt":"2025-09-01T07:10:59","guid":{"rendered":"https:\/\/nakanarach.pl\/?p=11338"},"modified":"2025-10-17T09:37:23","modified_gmt":"2025-10-17T08:37:23","slug":"niepokojace-wstrzasy-przy-wulkanie","status":"publish","type":"post","link":"https:\/\/nakanarach.pl\/index.php\/2025\/09\/01\/niepokojace-wstrzasy-przy-wulkanie\/","title":{"rendered":"NIEPOKOJ\u0104CE WSTRZ\u0104SY PRZY WULKANIE"},"content":{"rendered":"\n<p><strong>TENERYFA: Naukowcy z niepokojem analizuj\u0105 kolejn\u0105 seri\u0119 trz\u0119sie\u0144 ziemi, kt\u00f3re tym razem pojawi\u0142y si\u0119 bezpo\u015brednio przy zboczu wulkanu Teide na kanaryjskiej Teneryfie. Cho\u0107 nikt nie potrafi okre\u015bli\u0107, kiedy on ponownie wybuchnie to na koniec wrze\u015bnia zaplanowano masowe \u0107wiczenia z udzia\u0142em mieszka\u0144c\u00f3w na wypadek kolejnej erupcji. <\/strong><\/p>\n\n\n\n<p>Obecnie najwy\u017cszy szczyt Hiszpanii i zarazem wulkan w Parku Narodowym Teide jest stale monitorowany przez 24 godziny na dob\u0119. Zwi\u0119kszono te\u017c liczb\u0119 czujnik\u00f3w, kt\u00f3re rejestruj\u0105 nawet najmniejsze wstrz\u0105sy, kt\u00f3re najcz\u0119\u015bciej wyst\u0119puj\u0105 w Oceanie Atlantyckim pomi\u0119dzy Teneryf\u0105 a Gran Canari\u0105. <\/p>\n\n\n\n<p>Jednak naukowc\u00f3w zaniepokoi\u0142 fakt, \u017ce tym razem sie\u0107 sejsmiczna Wysp Kanaryjskich nale\u017c\u0105ca do Instytutu Wulkanologicznego Wysp Kanaryjskich (Involcan), wykry\u0142a 30 sierpnia 2025 roku now\u0105 seri\u0119 niewielkich wstrz\u0105s\u00f3w sejsmicznych pod g\u00f3r\u0105 Teide, rejestruj\u0105c ich w ci\u0105gu jednego dnia a\u017c ponad 90. Zjawiska te zosta\u0142y wykryte przez stacj\u0119 sejsmiczn\u0105 TNOR na p\u00f3\u0142nocnym zboczu Teide i mia\u0142y miejsce mi\u0119dzy godzin\u0105 17:14 a 18:26 czasu lokalnego. Z kolei Krajowy Instytut Geograficzny (IGN) wykry\u0142 r\u00f3wnie\u017c w tym samym czasie, \u017ce 15 trz\u0119sie\u0144 ziemi by\u0142o o sile od 0,2 do 0,8 w skali Richtera, kt\u00f3re jednak nie by\u0142y odczuwalne dla ludzi. <\/p>\n\n\n\n<p>Wed\u0142ug informacji badaczy z Involcan wstrz\u0105sy by\u0142y zjawiskami wulkaniczno-tektonicznymi, spowodowanymi p\u0119kaniem ska\u0142 w obr\u0119bie systemu wulkanicznego Teneryfy. Eksperci wyja\u015bniaj\u0105, \u017ce epizod ten stanowi cz\u0119\u015b\u0107 trwaj\u0105cej aktywno\u015bci sejsmicznej wyspy, kt\u00f3ra jest regularnie obserwowana od czerwca 2017 r., kiedy to zarejestrowano pierwsze z ponad 120 roj\u00f3w sejsmicznych.<\/p>\n\n\n\n<p>Pochodzenie tych roj\u00f3w jest zwi\u0105zane z ci\u015bnieniem w systemie wulkaniczno-hydrotermalnym Teneryfy, spowodowanym wt\u0142oczeniem p\u0142yn\u00f3w magmowych.<\/p>\n\n\n\n<p>Zjawisko to obserwowano ju\u017c wielokrotnie od 2016 r., co potwierdza wzrost rozproszonych emisji dwutlenku w\u0119gla w kraterze szczytowym Teide. Od 2024 r. wykryto te\u017c niewielkie odkszta\u0142cenia gruntu w p\u00f3\u0142nocno-wschodniej cz\u0119\u015bci kompleksu wulkanicznego Teide\u2013Pico Viejo. Ale na razie naukowcy nie przewiduj\u0105 erupcji wulkanu, kt\u00f3ry jest nadal aktywny. Ostatnia erupcja by\u0142a tu w 1909 roku.\u00a0<\/p>\n\n\n\n<p>Pomimo opisania tej aktywno\u015bci przez badaczy jako \u201eanomalnej\u201d, Involcan podkre\u015bla, \u017ce na razie nie ma oznak wskazuj\u0105cych na wzrost prawdopodobie\u0144stwa erupcji wulkanicznej w perspektywie kr\u00f3tko- lub \u015brednioterminowej, czyli w najbli\u017cszych miesi\u0105cach lub latach.<\/p>\n\n\n\n<p>Teide to najwy\u017cszy szczyt Hiszpanii i miejsce wpisane na list\u0119 \u015bwiatowego dziedzictwa UNESCO, jest jednym z naj\u015bci\u015blej monitorowanych wulkan\u00f3w na \u015bwiecie. Naukowcy podkre\u015blaj\u0105, \u017ce niewielkie wstrz\u0105sy sejsmiczne s\u0105 cz\u0119\u015bci\u0105 jego naturalnego zachowania, a Teneryfa pozostaje bezpieczna zar\u00f3wno dla mieszka\u0144c\u00f3w, jak i turyst\u00f3w.<\/p>\n\n\n\n<p>W 2024 roku na najch\u0119tniej odwiedzanej przez wczasowicz\u00f3w spo\u015br\u00f3d wszystkich wysp archipelagu (prawie 7 mln os\u00f3b rocznie)  zanotowano trz\u0119sienie ziemi o magnitudzie 3,3, kt\u00f3re by\u0142o odczuwalne w kilku miejscowo\u015bciach na wyspie. <\/p>\n\n\n\n<p>Z kolei 6 i 7 sierpnia 2025 roku Narodowy Instytut Geograficzny (IGN) zarejestrowa\u0142 ponad 700 mikrotrz\u0119sie\u0144 ziemi w rejonie miejscowo\u015bci Ca\u00f1adas del Teide na Teneryfie, w pobli\u017cu Pico Viejo.\u00a0Zjawisko to, zwane rojem sejsmicznym, obj\u0119\u0142o bardzo ma\u0142e wstrz\u0105sy o magnitudzie poni\u017cej 1, kt\u00f3re nie by\u0142y wyczuwalne dla ludzi ani nie wi\u0105za\u0142y si\u0119 z intruzj\u0105 magmow\u0105, tak jak mia\u0142o to miejsce w przypadku erupcji wulkanu na s\u0105siedniej La Palmie.\u00a0<\/p>\n\n\n\n<p>Tymczasem pod koniec wrze\u015bnia 2025 roku na Teneryfie planowane s\u0105 masowe \u0107wiczenia dla s\u0142u\u017cb ratunkowych i mieszka\u0144c\u00f3w w sytuacji zagro\u017cenia wulkanicznego, kt\u00f3re maj\u0105 na celu zwi\u0119kszenie poziomu przygotowania najwi\u0119kszej kanaryjskiej wyspy na potencjalne zagro\u017cenia ze strony wulkanu Teide.\u00a0<\/p>\n\n\n\n<p>Foto: Archiwum NaKanarach.pl<\/p>\n","protected":false},"excerpt":{"rendered":"<p>TENERYFA: Naukowcy z niepokojem analizuj\u0105 kolejn\u0105 seri\u0119 trz\u0119sie\u0144 ziemi, kt\u00f3re tym razem pojawi\u0142y si\u0119 bezpo\u015brednio przy zboczu wulkanu Teide na kanaryjskiej Teneryfie. Cho\u0107 nikt nie potrafi okre\u015bli\u0107, kiedy on ponownie wybuchnie to na koniec wrze\u015bnia zaplanowano masowe \u0107wiczenia z udzia\u0142em mieszka\u0144c\u00f3w na wypadek kolejnej erupcji. Obecnie najwy\u017cszy szczyt Hiszpanii i zarazem wulkan w Parku Narodowym [&hellip;]<\/p>\n","protected":false},"author":4,"featured_media":5159,"comment_status":"closed","ping_status":"open","sticky":false,"template":"","format":"standard","meta":{"om_disable_all_campaigns":false,"_monsterinsights_skip_tracking":false,"_monsterinsights_sitenote_active":false,"_monsterinsights_sitenote_note":"","_monsterinsights_sitenote_category":0,"footnotes":""},"categories":[12],"tags":[],"class_list":["post-11338","post","type-post","status-publish","format-standard","has-post-thumbnail","hentry","category-aktualnosci"],"aioseo_notices":[],"blog_post_layout_featured_media_urls":{"thumbnail":["https:\/\/nakanarach.pl\/wp-content\/uploads\/2022\/06\/Teide-Pion-150x150.jpg",150,150,true],"full":["https:\/\/nakanarach.pl\/wp-content\/uploads\/2022\/06\/Teide-Pion.jpg",768,1024,false]},"categories_names":{"12":{"name":"Aktualno\u015bci","link":"https:\/\/nakanarach.pl\/index.php\/category\/aktualnosci\/"}},"tags_names":[],"comments_number":"0","wpmagazine_modules_lite_featured_media_urls":{"thumbnail":["https:\/\/nakanarach.pl\/wp-content\/uploads\/2022\/06\/Teide-Pion-150x150.jpg",150,150,true],"cvmm-medium":["https:\/\/nakanarach.pl\/wp-content\/uploads\/2022\/06\/Teide-Pion-300x300.jpg",300,300,true],"cvmm-medium-plus":["https:\/\/nakanarach.pl\/wp-content\/uploads\/2022\/06\/Teide-Pion-305x207.jpg",305,207,true],"cvmm-portrait":["https:\/\/nakanarach.pl\/wp-content\/uploads\/2022\/06\/Teide-Pion-400x600.jpg",400,600,true],"cvmm-medium-square":["https:\/\/nakanarach.pl\/wp-content\/uploads\/2022\/06\/Teide-Pion-600x600.jpg",600,600,true],"cvmm-large":["https:\/\/nakanarach.pl\/wp-content\/uploads\/2022\/06\/Teide-Pion.jpg",768,1024,false],"cvmm-small":["https:\/\/nakanarach.pl\/wp-content\/uploads\/2022\/06\/Teide-Pion-130x95.jpg",130,95,true],"full":["https:\/\/nakanarach.pl\/wp-content\/uploads\/2022\/06\/Teide-Pion.jpg",768,1024,false]},"_links":{"self":[{"href":"https:\/\/nakanarach.pl\/index.php\/wp-json\/wp\/v2\/posts\/11338","targetHints":{"allow":["GET"]}}],"collection":[{"href":"https:\/\/nakanarach.pl\/index.php\/wp-json\/wp\/v2\/posts"}],"about":[{"href":"https:\/\/nakanarach.pl\/index.php\/wp-json\/wp\/v2\/types\/post"}],"author":[{"embeddable":true,"href":"https:\/\/nakanarach.pl\/index.php\/wp-json\/wp\/v2\/users\/4"}],"replies":[{"embeddable":true,"href":"https:\/\/nakanarach.pl\/index.php\/wp-json\/wp\/v2\/comments?post=11338"}],"version-history":[{"count":1,"href":"https:\/\/nakanarach.pl\/index.php\/wp-json\/wp\/v2\/posts\/11338\/revisions"}],"predecessor-version":[{"id":11339,"href":"https:\/\/nakanarach.pl\/index.php\/wp-json\/wp\/v2\/posts\/11338\/revisions\/11339"}],"wp:featuredmedia":[{"embeddable":true,"href":"https:\/\/nakanarach.pl\/index.php\/wp-json\/wp\/v2\/media\/5159"}],"wp:attachment":[{"href":"https:\/\/nakanarach.pl\/index.php\/wp-json\/wp\/v2\/media?parent=11338"}],"wp:term":[{"taxonomy":"category","embeddable":true,"href":"https:\/\/nakanarach.pl\/index.php\/wp-json\/wp\/v2\/categories?post=11338"},{"taxonomy":"post_tag","embeddable":true,"href":"https:\/\/nakanarach.pl\/index.php\/wp-json\/wp\/v2\/tags?post=11338"}],"curies":[{"name":"wp","href":"https:\/\/api.w.org\/{rel}","templated":true}]}}