{"id":11384,"date":"2025-09-10T08:08:42","date_gmt":"2025-09-10T07:08:42","guid":{"rendered":"https:\/\/nakanarach.pl\/?p=11384"},"modified":"2025-09-10T08:21:40","modified_gmt":"2025-09-10T07:21:40","slug":"w-hiszpanii-grozi-wiezienie-za-przekroczenie-predkosci-video","status":"publish","type":"post","link":"https:\/\/nakanarach.pl\/index.php\/2025\/09\/10\/w-hiszpanii-grozi-wiezienie-za-przekroczenie-predkosci-video\/","title":{"rendered":"W HISZPANII GROZI WI\u0118ZIENIE ZA PRZEKROCZENIE PR\u0118DKO\u015aCI (VIDEO)"},"content":{"rendered":"\n<p><strong>TENERYFA: Gwardia Cywilna szuka turysty, kt\u00f3rego nagrano, gdy jecha\u0142 autostrad\u0105 TF-1 na po\u0142udniu Teneryfy z pr\u0119dko\u015bci\u0105 ponad 220 kilometr\u00f3w na godzin\u0119, czyli prawie dwukrotnie przekraczaj\u0105c dozwolon\u0105 pr\u0119dko\u015b\u0107.<\/strong> <strong>Teraz opr\u00f3cz wysokiej grzywny grozi mu tak\u017ce kara wi\u0119zienia. <\/strong><\/p>\n\n\n\n<p>Ten lekkomy\u015blny czyn zosta\u0142 nagrany przez pasa\u017cera pojazdu i udost\u0119pniony na pocz\u0105tku wrze\u015bnia 2025 r. w mediach spo\u0142eczno\u015bciowych. Wida\u0107 na nim, jak samoch\u00f3d przyspiesza, a jego pasa\u017cerowie \u015bmiej\u0105 si\u0119 i wiwatuj\u0105. <strong>ZOBACZ VIDEO: <\/strong><\/p>\n\n\n\n<p><a href=\"https:\/\/www.instagram.com\/p\/DOKEpIIiGgQ\">https:\/\/www.instagram.com\/p\/DOKEpIIiGgQ<\/a><\/p>\n\n\n\n<p>Filmik trafi\u0142 ju\u017c w r\u0119ce \u015bledczych, kt\u00f3rzy pracuj\u0105 nad ustaleniem to\u017csamo\u015bci kierowcy wynaj\u0119tego z jednej z wypo\u017cyczalni pojazdu. To zachowanie jest klasyfikowane nie jako wykroczenie, lecz przest\u0119pstwo przeciwko bezpiecze\u0144stwu ruchu drogowego na mocy artyku\u0142u 379.1 hiszpa\u0144skiego kodeksu karnego. Teraz kierowcy grozi kara od 3 do 6 miesi\u0119cy wi\u0119zienia, grzywna w wysoko\u015bci od sze\u015bciu do dwunastu miesi\u0119cznych zarobk\u00f3w lub od 31 do 90 dni prac spo\u0142ecznych, a tak\u017ce zakaz prowadzenia pojazd\u00f3w na okres od jednego do czterech lat.<\/p>\n\n\n\n<p>Gwardia Cywilna tego konkretnego zdarzenia nie klasyfikuje jako \u201enieostro\u017cna jazda\u201d, kt\u00f3ra wymaga wykonania okre\u015blonych manewr\u00f3w zagra\u017caj\u0105cych innym uczestnikom ruchu drogowego, to jest to jednak nadal powa\u017cne naruszenie prawa. Gdyby wykazano, \u017ce kierowca stworzy\u0142 realne zagro\u017cenie dla innych to w\u00f3wczas grozi za to kara do dw\u00f3ch lat wi\u0119zienia. Je\u015bli jednak nie by\u0142 wcze\u015bniej karany to nie trafi za kraty.<\/p>\n\n\n\n<p>W Hiszpanii kara wi\u0119zienia grozi za takie wykroczenie tylko w skrajnych przypadkach: gdy pr\u0119dko\u015b\u0107 zosta\u0142a przekroczona o 60 km\/h w terenie zabudowanym (obowi\u0105zuje tu 50 km\/h) i o 80 km\/h na autostradach (limit pr\u0119dko\u015bci to 120 km\/h). <\/p>\n\n\n\n<p>W rozmowie z\u00a0Atl\u00e1ntico Hoy, przedstawiciel zwi\u0105zku zawodowego policjant\u00f3w CSIF w Santa Cruz wyja\u015bni\u0142, \u017ce chocia\u017c takie zachowanie jest przest\u0119pstwem, ale karanie zagranicznych kierowc\u00f3w mo\u017ce by\u0107 skomplikowane.<\/p>\n\n\n\n<ul class=\"wp-block-list\">\n<li>Je\u015bli kierowca nie zostanie zatrzymany w tym czasie, mandat powi\u0105zany z radarem trafi do wypo\u017cyczalni samochod\u00f3w, kt\u00f3ra nast\u0119pnie przeka\u017ce dane kierowcy organom ruchu drogowego. Je\u015bli kierowca jest Europejczykiem, cz\u0119sto mo\u017cna go ukara\u0107, ale je\u015bli pochodzi spoza UE, jest to praktycznie niemo\u017cliwe &#8211; powiedzia\u0142.<\/li>\n<\/ul>\n\n\n\n<p>Ostrzeg\u0142 on przed \u201enier\u00f3wnym traktowaniem\u201d mieszka\u0144c\u00f3w Hiszpanii i turyst\u00f3w zagranicznych w przypadku wykrocze\u0144 drogowych. Hiszpa\u0144scy kierowcy nie tylko musz\u0105 liczy\u0107 si\u0119 z mandatami, ale tak\u017ce punktami karnymi, podczas gdy tury\u015bci zazwyczaj musz\u0105 jedynie zap\u0142aci\u0107 grzywn\u0119, a w niekt\u00f3rych przypadkach mog\u0105 unikn\u0105\u0107 nawet tego, anuluj\u0105c kart\u0119 kredytow\u0105 powi\u0105zan\u0105 z umow\u0105 najmu samochodu.<\/p>\n\n\n\n<p>\u0179r\u00f3d\u0142o filmu: Instagram \/ @tenerifequejasvecinales<\/p>\n\n\n\n<p>Foto: Guardia Civil<\/p>\n","protected":false},"excerpt":{"rendered":"<p>TENERYFA: Gwardia Cywilna szuka turysty, kt\u00f3rego nagrano, gdy jecha\u0142 autostrad\u0105 TF-1 na po\u0142udniu Teneryfy z pr\u0119dko\u015bci\u0105 ponad 220 kilometr\u00f3w na godzin\u0119, czyli prawie dwukrotnie przekraczaj\u0105c dozwolon\u0105 pr\u0119dko\u015b\u0107. Teraz opr\u00f3cz wysokiej grzywny grozi mu tak\u017ce kara wi\u0119zienia. Ten lekkomy\u015blny czyn zosta\u0142 nagrany przez pasa\u017cera pojazdu i udost\u0119pniony na pocz\u0105tku wrze\u015bnia 2025 r. w mediach spo\u0142eczno\u015bciowych. Wida\u0107 [&hellip;]<\/p>\n","protected":false},"author":4,"featured_media":10311,"comment_status":"closed","ping_status":"open","sticky":false,"template":"","format":"standard","meta":{"om_disable_all_campaigns":false,"_monsterinsights_skip_tracking":false,"_monsterinsights_sitenote_active":false,"_monsterinsights_sitenote_note":"","_monsterinsights_sitenote_category":0,"footnotes":""},"categories":[12,25],"tags":[],"class_list":["post-11384","post","type-post","status-publish","format-standard","has-post-thumbnail","hentry","category-aktualnosci","category-ruch-drogowy"],"aioseo_notices":[],"blog_post_layout_featured_media_urls":{"thumbnail":["https:\/\/nakanarach.pl\/wp-content\/uploads\/2025\/05\/Gwardia-Cywilna-Trafico-150x150.jpg",150,150,true],"full":["https:\/\/nakanarach.pl\/wp-content\/uploads\/2025\/05\/Gwardia-Cywilna-Trafico.jpg",960,540,false]},"categories_names":{"12":{"name":"Aktualno\u015bci","link":"https:\/\/nakanarach.pl\/index.php\/category\/aktualnosci\/"},"25":{"name":"Ruch drogowy","link":"https:\/\/nakanarach.pl\/index.php\/category\/ruch-drogowy\/"}},"tags_names":[],"comments_number":"0","wpmagazine_modules_lite_featured_media_urls":{"thumbnail":["https:\/\/nakanarach.pl\/wp-content\/uploads\/2025\/05\/Gwardia-Cywilna-Trafico-150x150.jpg",150,150,true],"cvmm-medium":["https:\/\/nakanarach.pl\/wp-content\/uploads\/2025\/05\/Gwardia-Cywilna-Trafico-300x300.jpg",300,300,true],"cvmm-medium-plus":["https:\/\/nakanarach.pl\/wp-content\/uploads\/2025\/05\/Gwardia-Cywilna-Trafico-305x207.jpg",305,207,true],"cvmm-portrait":["https:\/\/nakanarach.pl\/wp-content\/uploads\/2025\/05\/Gwardia-Cywilna-Trafico-400x540.jpg",400,540,true],"cvmm-medium-square":["https:\/\/nakanarach.pl\/wp-content\/uploads\/2025\/05\/Gwardia-Cywilna-Trafico-600x540.jpg",600,540,true],"cvmm-large":["https:\/\/nakanarach.pl\/wp-content\/uploads\/2025\/05\/Gwardia-Cywilna-Trafico.jpg",960,540,false],"cvmm-small":["https:\/\/nakanarach.pl\/wp-content\/uploads\/2025\/05\/Gwardia-Cywilna-Trafico-130x95.jpg",130,95,true],"full":["https:\/\/nakanarach.pl\/wp-content\/uploads\/2025\/05\/Gwardia-Cywilna-Trafico.jpg",960,540,false]},"_links":{"self":[{"href":"https:\/\/nakanarach.pl\/index.php\/wp-json\/wp\/v2\/posts\/11384","targetHints":{"allow":["GET"]}}],"collection":[{"href":"https:\/\/nakanarach.pl\/index.php\/wp-json\/wp\/v2\/posts"}],"about":[{"href":"https:\/\/nakanarach.pl\/index.php\/wp-json\/wp\/v2\/types\/post"}],"author":[{"embeddable":true,"href":"https:\/\/nakanarach.pl\/index.php\/wp-json\/wp\/v2\/users\/4"}],"replies":[{"embeddable":true,"href":"https:\/\/nakanarach.pl\/index.php\/wp-json\/wp\/v2\/comments?post=11384"}],"version-history":[{"count":7,"href":"https:\/\/nakanarach.pl\/index.php\/wp-json\/wp\/v2\/posts\/11384\/revisions"}],"predecessor-version":[{"id":11420,"href":"https:\/\/nakanarach.pl\/index.php\/wp-json\/wp\/v2\/posts\/11384\/revisions\/11420"}],"wp:featuredmedia":[{"embeddable":true,"href":"https:\/\/nakanarach.pl\/index.php\/wp-json\/wp\/v2\/media\/10311"}],"wp:attachment":[{"href":"https:\/\/nakanarach.pl\/index.php\/wp-json\/wp\/v2\/media?parent=11384"}],"wp:term":[{"taxonomy":"category","embeddable":true,"href":"https:\/\/nakanarach.pl\/index.php\/wp-json\/wp\/v2\/categories?post=11384"},{"taxonomy":"post_tag","embeddable":true,"href":"https:\/\/nakanarach.pl\/index.php\/wp-json\/wp\/v2\/tags?post=11384"}],"curies":[{"name":"wp","href":"https:\/\/api.w.org\/{rel}","templated":true}]}}