{"id":11432,"date":"2025-09-11T08:51:00","date_gmt":"2025-09-11T07:51:00","guid":{"rendered":"http:\/\/nakanarach.pl\/?p=11432"},"modified":"2025-09-11T14:16:01","modified_gmt":"2025-09-11T13:16:01","slug":"kolejna-bojka-w-turystycznej-miejscowosci-video","status":"publish","type":"post","link":"https:\/\/nakanarach.pl\/index.php\/2025\/09\/11\/kolejna-bojka-w-turystycznej-miejscowosci-video\/","title":{"rendered":"KOLEJNA B\u00d3JKA W TURYSTYCZNEJ MIEJSCOWO\u015aCI (VIDEO)"},"content":{"rendered":"\n<p><strong>TENERYFA: San Crist\u00f3bal de La Laguna jest\u00a0powszechnie uwa\u017cana za najpi\u0119kniejsze miasto na rajskiej Teneryfie. Co roku przyci\u0105ga tysi\u0105ce turyst\u00f3w, jednak coraz cz\u0119\u015bciej ich zachowanie na tej najwi\u0119kszej kanaryjskiej wyspie powoduje, \u017ce mieszka\u0144cy obawiaj\u0105 si\u0119 o swoje bezpiecze\u0144stwo. W sieci pojawi\u0142 si\u0119 kolejny film pokazuj\u0105cy brutaln\u0105 b\u00f3jk\u0119<\/strong> <strong>na ulicy. <\/strong><\/p>\n\n\n\n<p>San Crist\u00f3bal de La Laguna znajduje si\u0119 na p\u00f3\u0142nocy wyspy, w pobli\u017cu stolicy Santa Cruz. To prawdziwa pere\u0142ka w postaci historycznego centrum, z w\u0105skimi, prostymi jak st\u00f3\u0142 uliczkami, otoczonymi pastelowymi rezydencjami, przytulnymi barami i nietypow\u0105 sieci\u0105 ma\u0142ych sklepik\u00f3w. By\u0142a pierwszym miastem na Wyspach Kanaryjskich i do tej pory jest jedynym uznanym jako \u015awiatowe Dziedzictwo UNESCO. Jego architektura kolonialna, liniowy uk\u0142ad ulic, kt\u00f3ry powsta\u0142 w XV wieku, bez ochrony mur\u00f3w zewn\u0119trznych i z du\u017cym deptakiem dla pieszych powoduj\u0105, \u017ce spacery zabytkowymi ulicami to niezapomniane prze\u017cycie. Niestety tym razem urokliwa La Laguna sta\u0142a si\u0119 aren\u0105 brutalnych wydarze\u0144. <strong>ZOBACZ VIDEO: <\/strong><\/p>\n\n\n\n<p><a href=\"https:\/\/www.instagram.com\/reel\/DOXBgFBCEiX\/?utm_source=ig_web_copy_link&amp;igsh=d3JrMjNlMmN5NWZ4\">https:\/\/www.instagram.com\/reel\/DOXBgFBCEiX\/?utm_source=ig_web_copy_link&amp;igsh=d3JrMjNlMmN5NWZ4<\/a><\/p>\n\n\n\n<ul class=\"wp-block-list\">\n<li>Co za wstyd, na mojej rodzinnej Teneryfie kiedy\u015b mo\u017cna by\u0142o wychodzi\u0107 o ka\u017cdej porze, a teraz codziennie widzimy takie przypadki &#8211; pisze jedna z internautek. <\/li>\n<\/ul>\n\n\n\n<p>To nie jest pierwszy przypadek brutalnej b\u00f3jki w La Laguna. W 2022 roku w internecie pojawi\u0142 si\u0119 film, na kt\u00f3rym wida\u0107, jak\u00a0m\u0142ody m\u0119\u017cczyzna bez koszulki, z dwoma kijami w d\u0142oniach uczestniczy\u0142 w b\u00f3jce z innymi osobami. Interweniowa\u0142a policja. <strong>ZOBACZ VIDEO: <\/strong><\/p>\n\n\n\n<p><a href=\"https:\/\/twitter.com\/Politeia_ESP?ref_src=twsrc%5Etfw%7Ctwcamp%5Etweetembed%7Ctwterm%5E1492864767761035267%7Ctwgr%5E79108132046ef474b7b4891260b27f0ddeec3183%7Ctwcon%5Es1_&amp;ref_url=https%3A%2F%2Fnakanarach.pl%2Findex.php%2F2022%2F02%2F14%2Fbojka-z-kijami-na-teneryfie%2F\">https:\/\/twitter.com\/Politeia_ESP?ref_src=twsrc%5Etfw%7Ctwcamp%5Etweetembed%7Ctwterm%5E1492864767761035267%7Ctwgr%5E79108132046ef474b7b4891260b27f0ddeec3183%7Ctwcon%5Es1_&amp;ref_url=https%3A%2F%2Fnakanarach.pl%2Findex.php%2F2022%2F02%2F14%2Fbojka-z-kijami-na-teneryfie%2F<\/a><\/p>\n\n\n\n<p>Teneryf\u0119 odwiedza coraz wi\u0119cej turyst\u00f3w. W 2024 roku przyby\u0142o tu ponad 7 mln os\u00f3b, co jest absolutnym rekordem. Jednak wi\u0119cej turyst\u00f3w to tak\u017ce coraz wi\u0119cej problem\u00f3w, kt\u00f3rzy niekiedy nie maj\u0105 oni umiaru w piciu alkoholu, czy braniu narkotyk\u00f3w. Agresja coraz cz\u0119\u015bciej przenosi si\u0119 na ulice. <\/p>\n\n\n\n<p>W lutym 2025 roku w s\u0105siedniej gminie Arona mia\u0142 miejsce brutalny napad na francuskiego turyst\u0119 w pobli\u017cu pla\u017cy Playa Las Burras w Las Galletas. Francuski turysta zosta\u0142 zaatakowany w nocy przez grup\u0119 bandyt\u00f3w i pozostawiony prawie nagi, ale uciek\u0142 przez skaliste wzg\u00f3rze. Wczasowiczowi uda\u0142o si\u0119 wyrwa\u0107 z r\u0105k napastnik\u00f3w, ale straci\u0142 wi\u0119kszo\u015b\u0107 swoich rzeczy i zosta\u0142 tylko z portfelem i dokumentami osobistymi, b\u0119d\u0105c prawie pozbawionym ca\u0142ej odzie\u017cy. Nie maj\u0105c mo\u017cliwo\u015bci natychmiastowej komunikacji, zosta\u0142 zmuszony do sp\u0119dzenia ch\u0142odnej nocy pod go\u0142ym niebem, a o \u015bwicie uda\u0142o mu si\u0119 w ko\u0144cu skontaktowa\u0107 z lokaln\u0105 policj\u0105, aby zg\u0142osi\u0107 kradzie\u017c telefonu kom\u00f3rkowego.<\/p>\n\n\n\n<p>W marcu 2025 roku odnotowano masow\u0105 b\u00f3jk\u0119 w najwi\u0119kszym kurorcie na po\u0142udniu wyspy w Playa de las Am\u00e9ricas, kt\u00f3ra doprowadzi\u0142a do zwi\u0119kszenia liczby patroli policyjnych.<\/p>\n\n\n\n<p>W czerwcu 2025 r. w sieci pojawi\u0142o si\u0119 nagranie pokazuj\u0105ce brutaln\u0105 b\u00f3jk\u0119 mi\u0119dzy dwiema m\u0142odymi Brytyjkami przed jednym z najpopularniejszych klub\u00f3w nocnych na Teneryfie.\u00a0Tak\u017ce w czerwcu w Playa de las Am\u00e9ricas\u00a0spalono samoch\u00f3d, a wcze\u015bniej by\u0142y b\u00f3jki pomi\u0119dzy turystami.\u00a0<\/p>\n\n\n\n<p>Z kolei na pocz\u0105tku wrze\u015bnia 2025 roku portal La Provincia opublikowa\u0142 nagranie, na kt\u00f3rym wida\u0107, jak kilku m\u0142odych ludzi popycha si\u0119 nawzajem, krzycz\u0105 i zachowuj\u0105 si\u0119 agresywnie. W pewnym momencie jeden z m\u0119\u017cczyzn, wyra\u017anie rozw\u015bcieczony, zdziera z siebie koszulk\u0119 i prowokuje innych uczestnik\u00f3w awantury. <strong>ZOBACZ VIDEO: <\/strong><\/p>\n\n\n\n<p><a href=\"https:\/\/www.laprovincia.es\/sucesos\/sucesos-en-canarias\/2025\/09\/01\/violencia-ocio-nocturno-canarias-brutal-pelea-121116314.html\">https:\/\/www.laprovincia.es\/sucesos\/sucesos-en-canarias\/2025\/09\/01\/violencia-ocio-nocturno-canarias-brutal-pelea-121116314.html<\/a><\/p>\n\n\n\n<p>\u00a0W tym roku w internecie pojawi\u0142o si\u0119 te\u017c nagranie pokazuj\u0105ce b\u00f3jk\u0119 na jednej z najpopularniejszych pla\u017c Teneryfy. W tle s\u0142ycha\u0107 polskie wulgaryzmy. B\u00f3jka wybuch\u0142a w bia\u0142y dzie\u0144 na oczach wielu pla\u017cowicz\u00f3w. Wideo opublikowano na Instagramie i przedstawia chaotyczn\u0105 scen\u0119 na pla\u017cy Playa del Duque w licznie odwiedzanym przez turyst\u00f3w kurorcie Adeje.<\/p>\n\n\n\n<figure class=\"wp-block-image size-large\"><img fetchpriority=\"high\" decoding=\"async\" width=\"1024\" height=\"730\" src=\"http:\/\/nakanarach.pl\/wp-content\/uploads\/2025\/05\/Teneryfa-Bojka-1024x730.jpg\" alt=\"\" class=\"wp-image-10538\" srcset=\"https:\/\/nakanarach.pl\/wp-content\/uploads\/2025\/05\/Teneryfa-Bojka-1024x730.jpg 1024w, https:\/\/nakanarach.pl\/wp-content\/uploads\/2025\/05\/Teneryfa-Bojka-300x214.jpg 300w, https:\/\/nakanarach.pl\/wp-content\/uploads\/2025\/05\/Teneryfa-Bojka-768x548.jpg 768w, https:\/\/nakanarach.pl\/wp-content\/uploads\/2025\/05\/Teneryfa-Bojka.jpg 1074w\" sizes=\"(max-width: 1024px) 100vw, 1024px\" \/><figcaption class=\"wp-element-caption\">Fot. Screen z video @Cosa_famosa<\/figcaption><\/figure>\n\n\n\n<p>Wed\u0142ug policyjnych statystyk w ca\u0142ym 2024 roku na Wyspach Kanaryjskich zanotowano o 14% wi\u0119cej rozboj\u00f3w z u\u017cyciem przemocy i zastraszania. Na Kanarach coraz cz\u0119\u015bciej dochodzi tak\u017ce do napa\u015bci i pobi\u0107, gdzie w tej kategorii zanotowano wzrost o 9,3%.<\/p>\n\n\n\n<p>Foto: Screen z video Instagram\/Tenerifequejasvecinales, @Cosa_famosa<\/p>\n","protected":false},"excerpt":{"rendered":"<p>TENERYFA: San Crist\u00f3bal de La Laguna jest\u00a0powszechnie uwa\u017cana za najpi\u0119kniejsze miasto na rajskiej Teneryfie. Co roku przyci\u0105ga tysi\u0105ce turyst\u00f3w, jednak coraz cz\u0119\u015bciej ich zachowanie na tej najwi\u0119kszej kanaryjskiej wyspie powoduje, \u017ce mieszka\u0144cy obawiaj\u0105 si\u0119 o swoje bezpiecze\u0144stwo. W sieci pojawi\u0142 si\u0119 kolejny film pokazuj\u0105cy brutaln\u0105 b\u00f3jk\u0119 na ulicy. San Crist\u00f3bal de La Laguna znajduje si\u0119 [&hellip;]<\/p>\n","protected":false},"author":4,"featured_media":11433,"comment_status":"closed","ping_status":"open","sticky":false,"template":"","format":"standard","meta":{"om_disable_all_campaigns":false,"_monsterinsights_skip_tracking":false,"_monsterinsights_sitenote_active":false,"_monsterinsights_sitenote_note":"","_monsterinsights_sitenote_category":0,"footnotes":""},"categories":[12,78],"tags":[],"class_list":["post-11432","post","type-post","status-publish","format-standard","has-post-thumbnail","hentry","category-aktualnosci","category-interwencje"],"aioseo_notices":[],"blog_post_layout_featured_media_urls":{"thumbnail":["https:\/\/nakanarach.pl\/wp-content\/uploads\/2025\/09\/Bojka-La-Laguna-Instagram-Tenerifequejasvecinales-150x150.jpg",150,150,true],"full":["https:\/\/nakanarach.pl\/wp-content\/uploads\/2025\/09\/Bojka-La-Laguna-Instagram-Tenerifequejasvecinales.jpg",1080,771,false]},"categories_names":{"12":{"name":"Aktualno\u015bci","link":"https:\/\/nakanarach.pl\/index.php\/category\/aktualnosci\/"},"78":{"name":"Interwencje","link":"https:\/\/nakanarach.pl\/index.php\/category\/interwencje\/"}},"tags_names":[],"comments_number":"0","wpmagazine_modules_lite_featured_media_urls":{"thumbnail":["https:\/\/nakanarach.pl\/wp-content\/uploads\/2025\/09\/Bojka-La-Laguna-Instagram-Tenerifequejasvecinales-150x150.jpg",150,150,true],"cvmm-medium":["https:\/\/nakanarach.pl\/wp-content\/uploads\/2025\/09\/Bojka-La-Laguna-Instagram-Tenerifequejasvecinales-300x300.jpg",300,300,true],"cvmm-medium-plus":["https:\/\/nakanarach.pl\/wp-content\/uploads\/2025\/09\/Bojka-La-Laguna-Instagram-Tenerifequejasvecinales-305x207.jpg",305,207,true],"cvmm-portrait":["https:\/\/nakanarach.pl\/wp-content\/uploads\/2025\/09\/Bojka-La-Laguna-Instagram-Tenerifequejasvecinales-400x600.jpg",400,600,true],"cvmm-medium-square":["https:\/\/nakanarach.pl\/wp-content\/uploads\/2025\/09\/Bojka-La-Laguna-Instagram-Tenerifequejasvecinales-600x600.jpg",600,600,true],"cvmm-large":["https:\/\/nakanarach.pl\/wp-content\/uploads\/2025\/09\/Bojka-La-Laguna-Instagram-Tenerifequejasvecinales-1024x771.jpg",1024,771,true],"cvmm-small":["https:\/\/nakanarach.pl\/wp-content\/uploads\/2025\/09\/Bojka-La-Laguna-Instagram-Tenerifequejasvecinales-130x95.jpg",130,95,true],"full":["https:\/\/nakanarach.pl\/wp-content\/uploads\/2025\/09\/Bojka-La-Laguna-Instagram-Tenerifequejasvecinales.jpg",1080,771,false]},"_links":{"self":[{"href":"https:\/\/nakanarach.pl\/index.php\/wp-json\/wp\/v2\/posts\/11432","targetHints":{"allow":["GET"]}}],"collection":[{"href":"https:\/\/nakanarach.pl\/index.php\/wp-json\/wp\/v2\/posts"}],"about":[{"href":"https:\/\/nakanarach.pl\/index.php\/wp-json\/wp\/v2\/types\/post"}],"author":[{"embeddable":true,"href":"https:\/\/nakanarach.pl\/index.php\/wp-json\/wp\/v2\/users\/4"}],"replies":[{"embeddable":true,"href":"https:\/\/nakanarach.pl\/index.php\/wp-json\/wp\/v2\/comments?post=11432"}],"version-history":[{"count":1,"href":"https:\/\/nakanarach.pl\/index.php\/wp-json\/wp\/v2\/posts\/11432\/revisions"}],"predecessor-version":[{"id":11434,"href":"https:\/\/nakanarach.pl\/index.php\/wp-json\/wp\/v2\/posts\/11432\/revisions\/11434"}],"wp:featuredmedia":[{"embeddable":true,"href":"https:\/\/nakanarach.pl\/index.php\/wp-json\/wp\/v2\/media\/11433"}],"wp:attachment":[{"href":"https:\/\/nakanarach.pl\/index.php\/wp-json\/wp\/v2\/media?parent=11432"}],"wp:term":[{"taxonomy":"category","embeddable":true,"href":"https:\/\/nakanarach.pl\/index.php\/wp-json\/wp\/v2\/categories?post=11432"},{"taxonomy":"post_tag","embeddable":true,"href":"https:\/\/nakanarach.pl\/index.php\/wp-json\/wp\/v2\/tags?post=11432"}],"curies":[{"name":"wp","href":"https:\/\/api.w.org\/{rel}","templated":true}]}}