{"id":11449,"date":"2025-09-15T07:22:29","date_gmt":"2025-09-15T06:22:29","guid":{"rendered":"https:\/\/nakanarach.pl\/?p=11449"},"modified":"2025-09-15T08:05:40","modified_gmt":"2025-09-15T07:05:40","slug":"upalny-wrzesien-w-hiszpanii-i-na-kanarach","status":"publish","type":"post","link":"https:\/\/nakanarach.pl\/index.php\/2025\/09\/15\/upalny-wrzesien-w-hiszpanii-i-na-kanarach\/","title":{"rendered":"UPALNY WRZESIE\u0143 W HISZPANII I NA KANARACH"},"content":{"rendered":"\n<p><strong>HISZPANIA\/WYSPY KANARYJSKIE: Kolejna fala upa\u0142\u00f3w dotar\u0142a w po\u0142owie wrze\u015bnia 2025 r. na P\u00f3\u0142wysep Iberyjski oraz na Wyspy Kanaryjskie. Obecnie s\u0105 tu temperatury znacznie powy\u017cej \u015bredniej dla tego miesi\u0105ca. A w\u0142adze ostrzegaj\u0105 mieszka\u0144c\u00f3w i turyst\u00f3w, aby w ci\u0105gu dnia uwa\u017ca\u0107 z przebywaniem na s\u0142o\u0144cu. <\/strong><\/p>\n\n\n\n<p>W Polsce wrze\u015bniowa pogoda nie zach\u0119ca obecnie do wychodzenia z domu ze wzgl\u0119du na opady deszczu oraz zapowiadane burze z gradem. Tymczasem Hiszpania i nale\u017c\u0105ce do niej Kanary zmagaj\u0105 si\u0119 z kolejn\u0105 fal\u0105 upa\u0142\u00f3w. \u015arednia dzienna temperatura na Wyspach Kanaryjskich we wrze\u015bniu waha si\u0119 w granicy 26\u00b0C, nocami za\u015b termometry powinny wskazywa\u0107 ok. 19 stopni.<\/p>\n\n\n\n<p>Tymczasem na le\u017c\u0105cym niespe\u0142na 200 km od Afryki rajskim archipelagu zn\u00f3w jest gor\u0105co, a temperatury znacznie przekroczaj\u0105 \u015bredni\u0105 sezonow\u0105 dla wrze\u015bnia. <\/p>\n\n\n\n<p>Wed\u0142ug Pa\u0144stwowej Agencji Meteorologicznej (AEMET), w w po\u0142udniowej cz\u0119\u015bci Gran Canarii i Fuerteventury 14 wrze\u015bnia temperatura przekroczy\u0142a 32 stopnie, a 15 wrze\u015bnia ma wzrosn\u0105\u0107 do ponad 34 stopni Celsjusza, a w kontynentalnej \u015brodkowej cz\u0119\u015bci Hiszpanii a\u017c do 38 stopni. W nocy temperatura spada do ok. 20-21 stopni. <\/p>\n\n\n\n<p>Najwy\u017csze temperatury spodziewane s\u0105 na pocz\u0105tku tego tygodnia, a 16 wrze\u015bnia prawdopodobnie nast\u0105pi kolejny wzrost temperatur, po czym w \u015brodku tygodnia ma nast\u0105pi\u0107 jedynie ich niewielki spadek. Mimo to pogoda pozostanie cieplejsza ni\u017c zwykle w po\u0142owie wrze\u015bnia, z temperaturami bardziej typowymi dla lata.<\/p>\n\n\n\n<p>Dlatego w\u0142adze apeluj\u0105 do mieszka\u0144c\u00f3w i turyst\u00f3w, aby unikali przebywania w najgor\u0119tszych cz\u0119\u015bciach dnia na s\u0142o\u0144cu, przypominaj\u0105c kilka podstawowych zasad: <\/p>\n\n\n\n<ul class=\"wp-block-list\">\n<li>Unikaj s\u0142o\u0144ca w po\u0142udnie: poziom promieniowania UV b\u0119dzie wysoki, wi\u0119c staraj si\u0119 przebywa\u0107 w cieniu mi\u0119dzy 12:00 a 16:00, kiedy s\u0142o\u0144ce jest najsilniejsze.<\/li>\n\n\n\n<li>Dbaj o nawodnienie organizmu: zawsze miej przy sobie butelk\u0119 wody, szczeg\u00f3lnie podczas jednodniowych wycieczek lub spacer\u00f3w po kurortach.<\/li>\n\n\n\n<li>Planuj wycieczki wcze\u015bnie rano lub p\u00f3\u017anym popo\u0142udniem: w\u0119dr\u00f3wki, jazda na rowerze i inne aktywno\u015bci na \u015bwie\u017cym powietrzu najlepiej wykonywa\u0107 rano lub wieczorem, kiedy jest ch\u0142odniej.<\/li>\n\n\n\n<li>Stosuj ochron\u0119 przeciws\u0142oneczn\u0105: regularnie nak\u0142adaj krem z wysokim filtrem, no\u015b czapki i lekkie ubrania, aby chroni\u0107 si\u0119 przed bezpo\u015brednim dzia\u0142aniem promieni s\u0142onecznych.<\/li>\n\n\n\n<li>Dbaj o osoby szczeg\u00f3lnie wra\u017cliwe na upa\u0142: dzieci, osoby starsze i zwierz\u0119ta domowe s\u0105 szczeg\u00f3lnie wra\u017cliwe na upa\u0142.<\/li>\n\n\n\n<li><\/li>\n<\/ul>\n\n\n\n<p>AEMET prognozuje, \u017ce fala upa\u0142\u00f3w utrzyma si\u0119 tak\u017ce na Wyspach kanaryjskich przez ca\u0142y tydzie\u0144 od 22 do 28 wrze\u015bnia, a na ca\u0142ym archipelagu spodziewane s\u0105 jedynie niewielkie opady deszczu. Tendencja ta mo\u017ce utrzyma\u0107 si\u0119 do pocz\u0105tku pa\u017adziernika, kiedy to temperatury prawdopodobnie r\u00f3wnie\u017c pozostan\u0105 powy\u017cej \u015bredniej.<\/p>\n\n\n\n<p>Foto: NaKanarach.pl<\/p>\n","protected":false},"excerpt":{"rendered":"<p>HISZPANIA\/WYSPY KANARYJSKIE: Kolejna fala upa\u0142\u00f3w dotar\u0142a w po\u0142owie wrze\u015bnia 2025 r. na P\u00f3\u0142wysep Iberyjski oraz na Wyspy Kanaryjskie. Obecnie s\u0105 tu temperatury znacznie powy\u017cej \u015bredniej dla tego miesi\u0105ca. A w\u0142adze ostrzegaj\u0105 mieszka\u0144c\u00f3w i turyst\u00f3w, aby w ci\u0105gu dnia uwa\u017ca\u0107 z przebywaniem na s\u0142o\u0144cu. W Polsce wrze\u015bniowa pogoda nie zach\u0119ca obecnie do wychodzenia z domu ze [&hellip;]<\/p>\n","protected":false},"author":4,"featured_media":11450,"comment_status":"closed","ping_status":"open","sticky":false,"template":"","format":"standard","meta":{"om_disable_all_campaigns":false,"_monsterinsights_skip_tracking":false,"_monsterinsights_sitenote_active":false,"_monsterinsights_sitenote_note":"","_monsterinsights_sitenote_category":0,"footnotes":""},"categories":[12],"tags":[],"class_list":["post-11449","post","type-post","status-publish","format-standard","has-post-thumbnail","hentry","category-aktualnosci"],"aioseo_notices":[],"blog_post_layout_featured_media_urls":{"thumbnail":["https:\/\/nakanarach.pl\/wp-content\/uploads\/2025\/09\/Plaza-Anfi-del-Mar-1-150x150.jpg",150,150,true],"full":["https:\/\/nakanarach.pl\/wp-content\/uploads\/2025\/09\/Plaza-Anfi-del-Mar-1-scaled.jpg",2560,1441,false]},"categories_names":{"12":{"name":"Aktualno\u015bci","link":"https:\/\/nakanarach.pl\/index.php\/category\/aktualnosci\/"}},"tags_names":[],"comments_number":"0","wpmagazine_modules_lite_featured_media_urls":{"thumbnail":["https:\/\/nakanarach.pl\/wp-content\/uploads\/2025\/09\/Plaza-Anfi-del-Mar-1-150x150.jpg",150,150,true],"cvmm-medium":["https:\/\/nakanarach.pl\/wp-content\/uploads\/2025\/09\/Plaza-Anfi-del-Mar-1-300x300.jpg",300,300,true],"cvmm-medium-plus":["https:\/\/nakanarach.pl\/wp-content\/uploads\/2025\/09\/Plaza-Anfi-del-Mar-1-305x207.jpg",305,207,true],"cvmm-portrait":["https:\/\/nakanarach.pl\/wp-content\/uploads\/2025\/09\/Plaza-Anfi-del-Mar-1-400x600.jpg",400,600,true],"cvmm-medium-square":["https:\/\/nakanarach.pl\/wp-content\/uploads\/2025\/09\/Plaza-Anfi-del-Mar-1-600x600.jpg",600,600,true],"cvmm-large":["https:\/\/nakanarach.pl\/wp-content\/uploads\/2025\/09\/Plaza-Anfi-del-Mar-1-1024x1024.jpg",1024,1024,true],"cvmm-small":["https:\/\/nakanarach.pl\/wp-content\/uploads\/2025\/09\/Plaza-Anfi-del-Mar-1-130x95.jpg",130,95,true],"full":["https:\/\/nakanarach.pl\/wp-content\/uploads\/2025\/09\/Plaza-Anfi-del-Mar-1-scaled.jpg",2560,1441,false]},"_links":{"self":[{"href":"https:\/\/nakanarach.pl\/index.php\/wp-json\/wp\/v2\/posts\/11449","targetHints":{"allow":["GET"]}}],"collection":[{"href":"https:\/\/nakanarach.pl\/index.php\/wp-json\/wp\/v2\/posts"}],"about":[{"href":"https:\/\/nakanarach.pl\/index.php\/wp-json\/wp\/v2\/types\/post"}],"author":[{"embeddable":true,"href":"https:\/\/nakanarach.pl\/index.php\/wp-json\/wp\/v2\/users\/4"}],"replies":[{"embeddable":true,"href":"https:\/\/nakanarach.pl\/index.php\/wp-json\/wp\/v2\/comments?post=11449"}],"version-history":[{"count":7,"href":"https:\/\/nakanarach.pl\/index.php\/wp-json\/wp\/v2\/posts\/11449\/revisions"}],"predecessor-version":[{"id":11462,"href":"https:\/\/nakanarach.pl\/index.php\/wp-json\/wp\/v2\/posts\/11449\/revisions\/11462"}],"wp:featuredmedia":[{"embeddable":true,"href":"https:\/\/nakanarach.pl\/index.php\/wp-json\/wp\/v2\/media\/11450"}],"wp:attachment":[{"href":"https:\/\/nakanarach.pl\/index.php\/wp-json\/wp\/v2\/media?parent=11449"}],"wp:term":[{"taxonomy":"category","embeddable":true,"href":"https:\/\/nakanarach.pl\/index.php\/wp-json\/wp\/v2\/categories?post=11449"},{"taxonomy":"post_tag","embeddable":true,"href":"https:\/\/nakanarach.pl\/index.php\/wp-json\/wp\/v2\/tags?post=11449"}],"curies":[{"name":"wp","href":"https:\/\/api.w.org\/{rel}","templated":true}]}}