{"id":11469,"date":"2025-09-16T07:27:15","date_gmt":"2025-09-16T06:27:15","guid":{"rendered":"https:\/\/nakanarach.pl\/?p=11469"},"modified":"2025-09-16T07:56:51","modified_gmt":"2025-09-16T06:56:51","slug":"silny-wiatr-upal-i-kalima","status":"publish","type":"post","link":"https:\/\/nakanarach.pl\/index.php\/2025\/09\/16\/silny-wiatr-upal-i-kalima\/","title":{"rendered":"SILNY WIATR, UPA\u0141 I KALIMA"},"content":{"rendered":"\n<p><strong>WYSPY KANARYJSKIE: W\u0142adze Wysp Kanaryjskich wezwa\u0142y mieszka\u0144c\u00f3w i turyst\u00f3w do zachowania ostro\u017cno\u015bci w zwi\u0105zku z nap\u0142ywem gor\u0105cej i suchej masy powietrza na archipelag, kt\u00f3ra spowodowa\u0142a wzrost temperatur, wyst\u0105pienie zjawiska kalima (czyli drobnego py\u0142u znad afryka\u0144skiej Sahary), silnych wiatr\u00f3w i wzburzonego oceanu. Tymczasem furor\u0119 w sieci robi filmik pokazuj\u0105cy, \u017ce wiatr mo\u017ce przewr\u00f3ci\u0107 cz\u0142owieka. <\/strong><\/p>\n\n\n\n<p>Filmik pojawi\u0142 si\u0119 na pocz\u0105tku wrze\u015bnia na tiktoku i pokazuje si\u0142\u0119 wiatru g\u0142\u00f3wnie w g\u00f3rach na Wyspach Kanaryjskich. <\/p>\n\n\n\n<figure class=\"wp-block-embed is-type-video is-provider-tiktok wp-block-embed-tiktok\"><div class=\"wp-block-embed__wrapper\">\n<blockquote class=\"tiktok-embed\" cite=\"https:\/\/www.tiktok.com\/@ericgzalt\/video\/7545411950440647958\" data-video-id=\"7545411950440647958\" data-embed-from=\"oembed\" style=\"max-width:605px; min-width:325px;\"> <section> <a target=\"_blank\" title=\"@ericgzalt\" href=\"https:\/\/www.tiktok.com\/@ericgzalt?refer=embed\">@ericgzalt<\/a> <p>Fuerteventura vibes \ud83d\udca8 <a title=\"jet2holidays\" target=\"_blank\" href=\"https:\/\/www.tiktok.com\/tag\/jet2holidays?refer=embed\">#jet2holidays<\/a> <a title=\"fuerteventura\" target=\"_blank\" href=\"https:\/\/www.tiktok.com\/tag\/fuerteventura?refer=embed\">#fuerteventura<\/a> <a title=\"islascanarias\" target=\"_blank\" href=\"https:\/\/www.tiktok.com\/tag\/islascanarias?refer=embed\">#islascanarias<\/a> <\/p> <a target=\"_blank\" title=\"\u266c Jet2 Advert - \u2708\ufe0fA7-BBH | MAN \ud83c\uddec\ud83c\udde7\" href=\"https:\/\/www.tiktok.com\/music\/Jet2-Advert-7398162320411429664?refer=embed\">\u266c Jet2 Advert &#8211; \u2708\ufe0fA7-BBH | MAN \ud83c\uddec\ud83c\udde7<\/a> <\/section> <\/blockquote> <script async src=\"https:\/\/www.tiktok.com\/embed.js\"><\/script>\n<\/div><\/figure>\n\n\n\n<ul class=\"wp-block-list\">\n<li>Wiatr jest tam bardzo silny i popchn\u0105\u0142 go &#8211; komentuje pod filmem na tiktoku jeden z internaut\u00f3w. <\/li>\n<\/ul>\n\n\n\n<p>Nagranie powsta\u0142o na uwielbianej przez turyst\u00f3w Fuerteventurze, kt\u00f3rej nazw\u0119 po hiszpa\u0144sku mo\u017cna przet\u0142umaczy\u0107 jako &#8222;mocny wiatr&#8221;, co nawi\u0105zuje do silnych wiatr\u00f3w wiej\u0105cych na tej wyspie.\u00a0Dzi\u0119ki temu sta\u0142a si\u0119 ona mekk\u0105 surfer\u00f3w. <\/p>\n\n\n\n<p>Dyrekcja Generalna ds. Sytuacji Nadzwyczajnych og\u0142osi\u0142a wst\u0119pny alarm obowi\u0105zuj\u0105cy dotycz\u0105cy silnych wiatr\u00f3w na wszystkich wyspach archipelagu. Pa\u0144stwowa Agencja Meteorologiczna (Aemet) ostrzega, \u017ce najgorsze nadejdzie mi\u0119dzy 16 a 17 wrze\u015bnia 2025, kiedy to wst\u0119pny alarm dotycz\u0105cy silnych poryw\u00f3w wiatr\u00f3w zast\u0105pi nie mniej silny, ale sta\u0142y, wiej\u0105cy w tym samym kierunku i nios\u0105cy masy gor\u0105cego powietrza pasat znad oceanu. Dodatkowo wprowadzono alert dotycz\u0105cy zjawisk przybrze\u017cnych na zachodnich wyspach i Gran Canarii, gdzie spodziewane s\u0105 niebezpieczne warunki na Oceanie Atlantyckim.<\/p>\n\n\n\n<p>W obszarach obj\u0119tych alertem spodziewane s\u0105 silne porywy wiatru o pr\u0119dko\u015bci 50\u201370 km\/h, kt\u00f3re dotycz\u0105 wielu gmin, w tym:<\/p>\n\n\n\n<ul class=\"wp-block-list\">\n<li>Teneryfa: Santiago del Teide, Granadilla, Arico, Fasnia, G\u00fc\u00edmar, Candelaria, La Laguna, Santa Cruz i inne.<\/li>\n\n\n\n<li>Gran Canaria: G\u00e1ldar, Agaete, Artenara, Tejeda, La Aldea, Santa Luc\u00eda de Tirajana, Ag\u00fcimes, Ingenio, Telde.<\/li>\n\n\n\n<li>Cz\u0119\u015bci El Hierro, La Palma, La Gomera, Lanzarote i Fuerteventura.<\/li>\n<\/ul>\n\n\n\n<p>Na oceanie spodziewane s\u0105 wiatry o sile 6\u20137 (39\u201361 km\/h) i fale o wysoko\u015bci do 2,5 metra, zw\u0142aszcza wzd\u0142u\u017c zachodniego i po\u0142udniowo-wschodniego wybrze\u017ca.<\/p>\n\n\n\n<p>W zwi\u0105zku z upa\u0142ami powy\u017cej 30 stopni Celsjusza pojawi\u0142 si\u0119 te\u017c na archipelagu alarm dotycz\u0105cy ryzyka po\u017car\u00f3w las\u00f3w na Gran Canarii powy\u017cej 400 metr\u00f3w, obowi\u0105zuj\u0105cy ju\u017c od 15 wrze\u015bnia oraz obowi\u0105zuje alert z powodu wysokich temperatur na Gran Canarii, szczeg\u00f3lnie w g\u0142\u0119bi l\u0105du, na szczytach oraz we wschodniej, po\u0142udniowej i zachodniej cz\u0119\u015bci wyspy.<\/p>\n\n\n\n<p>Na 16 wrze\u015bnia 2025 r. wed\u0142ug prognoz najgor\u0119cej ma by\u0107 na La Gomerze (do 34 stopni Celsjusza), na Teneryfie do 32, na La Palmie i Lanzarote do 30, a na Gran Canarii, Fuerteventurze i El Hierro &#8211; po 28 stopni Celsjusza w cieniu. W praktyce oznacza to, \u017ce w s\u0142o\u0144cu temperatury mog\u0105 by\u0107 o kilka stopni wy\u017csze. <\/p>\n\n\n\n<p>Te ostrze\u017cenia opieraj\u0105 si\u0119 na prognozach Hiszpa\u0144skiej Agencji Meteorologicznej (AEMET) i stanowi\u0105 cz\u0119\u015b\u0107 plan\u00f3w ochrony ludno\u015bci Wysp Kanaryjskich (INFOCA i PEFMA).<\/p>\n\n\n\n<p>Foto: Cabildo de Gran Canaria &#8211; zdj\u0119cie ilustracyjne<\/p>\n","protected":false},"excerpt":{"rendered":"<p>WYSPY KANARYJSKIE: W\u0142adze Wysp Kanaryjskich wezwa\u0142y mieszka\u0144c\u00f3w i turyst\u00f3w do zachowania ostro\u017cno\u015bci w zwi\u0105zku z nap\u0142ywem gor\u0105cej i suchej masy powietrza na archipelag, kt\u00f3ra spowodowa\u0142a wzrost temperatur, wyst\u0105pienie zjawiska kalima (czyli drobnego py\u0142u znad afryka\u0144skiej Sahary), silnych wiatr\u00f3w i wzburzonego oceanu. Tymczasem furor\u0119 w sieci robi filmik pokazuj\u0105cy, \u017ce wiatr mo\u017ce przewr\u00f3ci\u0107 cz\u0142owieka. Filmik pojawi\u0142 [&hellip;]<\/p>\n","protected":false},"author":4,"featured_media":5620,"comment_status":"closed","ping_status":"open","sticky":false,"template":"","format":"standard","meta":{"om_disable_all_campaigns":false,"_monsterinsights_skip_tracking":false,"_monsterinsights_sitenote_active":false,"_monsterinsights_sitenote_note":"","_monsterinsights_sitenote_category":0,"footnotes":""},"categories":[12],"tags":[],"class_list":["post-11469","post","type-post","status-publish","format-standard","has-post-thumbnail","hentry","category-aktualnosci"],"aioseo_notices":[],"blog_post_layout_featured_media_urls":{"thumbnail":["https:\/\/nakanarach.pl\/wp-content\/uploads\/2022\/09\/Wichura-Palmy-mocno-wygiete-Fot.-Cabildo-de-Gran-Canaria-150x150.jpg",150,150,true],"full":["https:\/\/nakanarach.pl\/wp-content\/uploads\/2022\/09\/Wichura-Palmy-mocno-wygiete-Fot.-Cabildo-de-Gran-Canaria.jpg",680,452,false]},"categories_names":{"12":{"name":"Aktualno\u015bci","link":"https:\/\/nakanarach.pl\/index.php\/category\/aktualnosci\/"}},"tags_names":[],"comments_number":"0","wpmagazine_modules_lite_featured_media_urls":{"thumbnail":["https:\/\/nakanarach.pl\/wp-content\/uploads\/2022\/09\/Wichura-Palmy-mocno-wygiete-Fot.-Cabildo-de-Gran-Canaria-150x150.jpg",150,150,true],"cvmm-medium":["https:\/\/nakanarach.pl\/wp-content\/uploads\/2022\/09\/Wichura-Palmy-mocno-wygiete-Fot.-Cabildo-de-Gran-Canaria-300x300.jpg",300,300,true],"cvmm-medium-plus":["https:\/\/nakanarach.pl\/wp-content\/uploads\/2022\/09\/Wichura-Palmy-mocno-wygiete-Fot.-Cabildo-de-Gran-Canaria-305x207.jpg",305,207,true],"cvmm-portrait":["https:\/\/nakanarach.pl\/wp-content\/uploads\/2022\/09\/Wichura-Palmy-mocno-wygiete-Fot.-Cabildo-de-Gran-Canaria-400x452.jpg",400,452,true],"cvmm-medium-square":["https:\/\/nakanarach.pl\/wp-content\/uploads\/2022\/09\/Wichura-Palmy-mocno-wygiete-Fot.-Cabildo-de-Gran-Canaria-600x452.jpg",600,452,true],"cvmm-large":["https:\/\/nakanarach.pl\/wp-content\/uploads\/2022\/09\/Wichura-Palmy-mocno-wygiete-Fot.-Cabildo-de-Gran-Canaria.jpg",680,452,false],"cvmm-small":["https:\/\/nakanarach.pl\/wp-content\/uploads\/2022\/09\/Wichura-Palmy-mocno-wygiete-Fot.-Cabildo-de-Gran-Canaria-130x95.jpg",130,95,true],"full":["https:\/\/nakanarach.pl\/wp-content\/uploads\/2022\/09\/Wichura-Palmy-mocno-wygiete-Fot.-Cabildo-de-Gran-Canaria.jpg",680,452,false]},"_links":{"self":[{"href":"https:\/\/nakanarach.pl\/index.php\/wp-json\/wp\/v2\/posts\/11469","targetHints":{"allow":["GET"]}}],"collection":[{"href":"https:\/\/nakanarach.pl\/index.php\/wp-json\/wp\/v2\/posts"}],"about":[{"href":"https:\/\/nakanarach.pl\/index.php\/wp-json\/wp\/v2\/types\/post"}],"author":[{"embeddable":true,"href":"https:\/\/nakanarach.pl\/index.php\/wp-json\/wp\/v2\/users\/4"}],"replies":[{"embeddable":true,"href":"https:\/\/nakanarach.pl\/index.php\/wp-json\/wp\/v2\/comments?post=11469"}],"version-history":[{"count":3,"href":"https:\/\/nakanarach.pl\/index.php\/wp-json\/wp\/v2\/posts\/11469\/revisions"}],"predecessor-version":[{"id":11476,"href":"https:\/\/nakanarach.pl\/index.php\/wp-json\/wp\/v2\/posts\/11469\/revisions\/11476"}],"wp:featuredmedia":[{"embeddable":true,"href":"https:\/\/nakanarach.pl\/index.php\/wp-json\/wp\/v2\/media\/5620"}],"wp:attachment":[{"href":"https:\/\/nakanarach.pl\/index.php\/wp-json\/wp\/v2\/media?parent=11469"}],"wp:term":[{"taxonomy":"category","embeddable":true,"href":"https:\/\/nakanarach.pl\/index.php\/wp-json\/wp\/v2\/categories?post=11469"},{"taxonomy":"post_tag","embeddable":true,"href":"https:\/\/nakanarach.pl\/index.php\/wp-json\/wp\/v2\/tags?post=11469"}],"curies":[{"name":"wp","href":"https:\/\/api.w.org\/{rel}","templated":true}]}}