{"id":11553,"date":"2025-10-08T07:48:46","date_gmt":"2025-10-08T06:48:46","guid":{"rendered":"https:\/\/nakanarach.pl\/?p=11553"},"modified":"2025-10-08T07:56:14","modified_gmt":"2025-10-08T06:56:14","slug":"bunt-w-hiszpanii-nie-chca-premiera-video","status":"publish","type":"post","link":"https:\/\/nakanarach.pl\/index.php\/2025\/10\/08\/bunt-w-hiszpanii-nie-chca-premiera-video\/","title":{"rendered":"BUNT W HISZPANII, NIE CHC\u0104 PREMIERA! (VIDEO)"},"content":{"rendered":"\n<p><strong>HISZPANIA\/LANZAROTE: Mi\u0119dzy innymi minione letnie luksusowe wakacje premiera Hiszpanii na kanaryjskiej wyspie Lanzarote rozz\u0142o\u015bci\u0142y wielu mieszka\u0144c\u00f3w Hiszpanii. Od kilku tygodni na ich ustach wybrzmiewa jedno has\u0142o, a w sieci pojawiaj\u0105 si\u0119 kolejne viralowe i humorystyczne filmiki pokazuj\u0105ce niezadowolenie z obecnego socjalistycznego premiera Pedro Sancheza. W\u00a0klubach nocnych, na stadionach, koncertach, popularnych festiwalach i arenach walk byk\u00f3w pojawia si\u0119 masowy okrzyk: &#8222;<strong>Pedro S\u00e1nchez<\/strong><\/strong> <strong><strong>hijo<\/strong>\u00a0<strong>de<\/strong>\u00a0<strong>puta<\/strong>&#8221; (w t\u0142um. Pedro S\u00e1nchez, sukinsyn!\u201d<\/strong>)<strong>, kt\u00f3ry jednoczy miliony mieszka\u0144c\u00f3w tego kraju. <\/strong><\/p>\n\n\n\n<p> Ale zacznijmy od 2023 roku. W\u00f3wczas og\u0142oszone przez premiera Pedro Sancheza przedtermionowe wybory wygra\u0142a Centroprawicowa Partia Ludowa (Partido Popular), kierowana przez Alberto Nuneza Feijoo. Wed\u0142ug oficcjalnych&nbsp;danych pa\u0144stwowej komisji wyborczej zdoby\u0142a 136 mandat\u00f3w w&nbsp;350-osobowym Kongresie Deputowanych, ni\u017cszej izbie parlamentu. Drugie miejsce przypad\u0142o Hiszpa\u0144skiej Socjalistycznej Partii Robotniczej (PSOE) premiera Pedro Sancheza, kt\u00f3re zdoby\u0142o 122 mandaty w&nbsp;Kongresie, czyli o&nbsp;dwa wi\u0119cej ni\u017c w&nbsp;2019&nbsp;roku. Pomimo, \u017ce ta partia przegra\u0142a to wkr\u00f3tce po tym Sanchez ponownie (po raz trzeci z rz\u0119du) obj\u0105\u0142 tek\u0119 premiera, gdy\u017c zwyci\u0119zca wybor\u00f3w nie zdo\u0142a\u0142 zdoby\u0107 wi\u0119kszo\u015bci w parlamencie. <\/p>\n\n\n\n<p>Jednak ju\u017c w czerwcu 2025 roku wed\u0142ug szacunk\u00f3w organizator\u00f3w 100 tys. os\u00f3b zebra\u0142o si\u0119 na Plaza de Espa\u00f1a w Madrycie, protestuj\u0105c przeciwko rz\u0105dowi w demonstracji zorganizowanej przez Parti\u0119 Ludow\u0105. Niemal wsz\u0119dzie tam, gdzie pojawia si\u0119 premier jest natychmiast wygwizdywany. <\/p>\n\n\n\n<figure class=\"wp-block-embed is-type-video is-provider-tiktok wp-block-embed-tiktok\"><div class=\"wp-block-embed__wrapper\">\n<blockquote class=\"tiktok-embed\" cite=\"https:\/\/www.tiktok.com\/@odalysplasenciadominguez\/video\/7551118418057923862\" data-video-id=\"7551118418057923862\" data-embed-from=\"oembed\" style=\"max-width:605px; min-width:325px;\"> <section> <a target=\"_blank\" title=\"@odalysplasenciadominguez\" href=\"https:\/\/www.tiktok.com\/@odalysplasenciadominguez?refer=embed\">@odalysplasenciadominguez<\/a> <p><\/p> <a target=\"_blank\" title=\"\u266c sonido original - Odalys Plasencia Dom\" href=\"https:\/\/www.tiktok.com\/music\/sonido-original-7551118417237887766?refer=embed\">\u266c sonido original &#8211; Odalys Plasencia Dom<\/a> <\/section> <\/blockquote> <script async src=\"https:\/\/www.tiktok.com\/embed.js\"><\/script>\n<\/div><\/figure>\n\n\n\n<p>Jak pisze eldiarioalerta.com w 2025 roku wykrzykiwane i powtarzane przez t\u0142umy Hiszpan\u00f3w has\u0142o sta\u0142o si\u0119\u00a0masowym i powtarzaj\u0105cym si\u0119 ju\u017c zjawiskiem: <em>\u201ePedro S\u00e1nchez, sukinsyn!\u201d.<\/em>\u00a0Jeden z incydent\u00f3w. mia\u0142 miejsce w\u00a0El Palmar (Kadyks), gdzie dziesi\u0105tki os\u00f3b, wspierane przez\u00a0DJ-\u00f3w, \u015bpiewa\u0142y t\u0119 obelg\u0119 niczym hymn. Portal dodaje, ze zjawisko to nie wyst\u0119puje w pr\u00f3\u017cni. Zbiega si\u0119 ono z\u00a0seri\u0105 skandali wok\u00f3\u0142 premiera i jego otoczenia. Jego \u017cona,\u00a0Bego\u00f1a G\u00f3mez\u00a0 i jego brat,\u00a0David S\u00e1nchez\u00a0s\u0105 obj\u0119ci \u015bledztwem.\u00a0Dwaj sekretarze organizacyjni partii s\u0105 zamieszani w afery korupcyjne. Z kolei latem podczas, gdy po\u017cary spustoszy\u0142y tysi\u0105ce hektar\u00f3w, w kt\u00f3rych zgin\u0119\u0142y trzy osoby, a protesty przeciwko jego rz\u0105dom narasta\u0142y,\u00a0Pedro S\u00e1nchez pozostawa\u0142 zamkni\u0119ty w pa\u0142acu La Mareta\u00a0na kanaryjskiej wyspie Lanzarote. Nie by\u0142 sam. Towarzyszy\u0142y mu \u017cona, c\u00f3rki, rodzice, a\u00a0nawet szwagier z \u017con\u0105. Prywatna \u015bwita wypoczywa\u0142a w oficjalnej rezydencji udost\u0119pnionej przez kr\u00f3la Hiszpanii na cele turystyki pa\u0144stwowej, przekszta\u0142conej w\u00a0osobist\u0105 i rodzinn\u0105 rezydencj\u0119 szefa rz\u0105du. Mieszka\u0144c\u00f3w jeszcze bardziej zdenerwowa\u0142o to, \u017ce w czasie jego pobytu zamkni\u0119to tam r\u00f3wnie\u017c jedn\u0105 z pla\u017cu w pobli\u017cu rezydencji.<\/p>\n\n\n\n<figure class=\"wp-block-embed is-type-video is-provider-tiktok wp-block-embed-tiktok\"><div class=\"wp-block-embed__wrapper\">\n<blockquote class=\"tiktok-embed\" cite=\"https:\/\/www.tiktok.com\/@eclipse_alhambra\/video\/7534298726060346646\" data-video-id=\"7534298726060346646\" data-embed-from=\"oembed\" style=\"max-width:605px; min-width:325px;\"> <section> <a target=\"_blank\" title=\"@eclipse_alhambra\" href=\"https:\/\/www.tiktok.com\/@eclipse_alhambra?refer=embed\">@eclipse_alhambra<\/a> <p>S\u00e1nchez COLAPSA Lanzarote <\/p> <a target=\"_blank\" title=\"\u266c sonido original - Eclipse Espa\u00f1a\" href=\"https:\/\/www.tiktok.com\/music\/sonido-original-7534298716690270998?refer=embed\">\u266c sonido original &#8211; Eclipse Espa\u00f1a<\/a> <\/section> <\/blockquote> <script async src=\"https:\/\/www.tiktok.com\/embed.js\"><\/script>\n<\/div><\/figure>\n\n\n\n<p><a href=\"https:\/\/www.tiktok.com\/@enlacaranews\/photo\/7541041488847818006?_r=1&amp;_t=ZN-904MulFdOek\">https:\/\/www.tiktok.com\/@enlacaranews\/photo\/7541041488847818006?_r=1&amp;_t=ZN-904MulFdOek<\/a><\/p>\n\n\n\n<p>Dodatkowo w ostatnim czasie przeznaczono 46 tys. euro na remont letniej rezydencji na Lanzarote, gdzie co roku na koszt podatnik\u00f3w wypoczywa hiszpa\u0144ski premier, co wywo\u0142a\u0142o jeszcze wi\u0119ksze oburzenie. <\/p>\n\n\n\n<figure class=\"wp-block-embed is-type-video is-provider-tiktok wp-block-embed-tiktok\"><div class=\"wp-block-embed__wrapper\">\n<blockquote class=\"tiktok-embed\" cite=\"https:\/\/www.tiktok.com\/@bryan_garcia.7\/video\/7544686401758055702\" data-video-id=\"7544686401758055702\" data-embed-from=\"oembed\" style=\"max-width:605px; min-width:325px;\"> <section> <a target=\"_blank\" title=\"@bryan_garcia.7\" href=\"https:\/\/www.tiktok.com\/@bryan_garcia.7?refer=embed\">@bryan_garcia.7<\/a> <p>Nadie lo quiere ya \u274c <a title=\"pedrosanchez\" target=\"_blank\" href=\"https:\/\/www.tiktok.com\/tag\/pedrosanchez?refer=embed\">#pedrosanchez<\/a> <a title=\"perrosanchez\" target=\"_blank\" href=\"https:\/\/www.tiktok.com\/tag\/perrosanchez?refer=embed\">#perrosanchez<\/a> <a title=\"parati\" target=\"_blank\" href=\"https:\/\/www.tiktok.com\/tag\/parati?refer=embed\">#parati<\/a> <a title=\"viral\" target=\"_blank\" href=\"https:\/\/www.tiktok.com\/tag\/viral?refer=embed\">#viral<\/a> <a title=\"espa\u00f1a\" target=\"_blank\" href=\"https:\/\/www.tiktok.com\/tag\/espa%C3%B1a?refer=embed\">#espa\u00f1a<\/a> <\/p> <a target=\"_blank\" title=\"\u266c sonido original - Bryan_garcia.777\" href=\"https:\/\/www.tiktok.com\/music\/sonido-original-7544686407384566550?refer=embed\">\u266c sonido original &#8211; Bryan_garcia.777<\/a> <\/section> <\/blockquote> <script async src=\"https:\/\/www.tiktok.com\/embed.js\"><\/script>\n<\/div><\/figure>\n\n\n\n<p>Isabel Natividad D\u00edaz Ayuso prezydent Wsp\u00f3lnoty Madrytu wymy\u015bli\u0142a to has\u0142o w parlamencie, odzwierciedlaj\u0105c swoj\u0105 pozycj\u0119 jako polityczki i cz\u0142owieka. <\/p>\n\n\n\n<figure class=\"wp-block-embed is-type-video is-provider-tiktok wp-block-embed-tiktok\"><div class=\"wp-block-embed__wrapper\">\n<blockquote class=\"tiktok-embed\" cite=\"https:\/\/www.tiktok.com\/@sergiio19__\/video\/7521498246783487254\" data-video-id=\"7521498246783487254\" data-embed-from=\"oembed\" style=\"max-width:605px; min-width:325px;\"> <section> <a target=\"_blank\" title=\"@sergiio19__\" href=\"https:\/\/www.tiktok.com\/@sergiio19__?refer=embed\">@sergiio19__<\/a> <p><a title=\"pedrosanchez\" target=\"_blank\" href=\"https:\/\/www.tiktok.com\/tag\/pedrosanchez?refer=embed\">#pedrosanchez<\/a> <a title=\"rbf\" target=\"_blank\" href=\"https:\/\/www.tiktok.com\/tag\/rbf?refer=embed\">#rbf<\/a> <a title=\"canarias\" target=\"_blank\" href=\"https:\/\/www.tiktok.com\/tag\/canarias?refer=embed\">#canarias<\/a> <\/p> <a target=\"_blank\" title=\"\u266c sonido original - sergioo\" href=\"https:\/\/www.tiktok.com\/music\/sonido-original-7521498269270133526?refer=embed\">\u266c sonido original &#8211; sergioo<\/a> <\/section> <\/blockquote> <script async src=\"https:\/\/www.tiktok.com\/embed.js\"><\/script>\n<\/div><\/figure>\n\n\n\n<p>Podczas uroczysto\u015bci odbywaj\u0105cych si\u0119 w ostatnich tygodniach mieszka\u0144cy Riazy wyra\u017cali swoje niezadowolenie z premiera, kt\u00f3ry odwiedzi\u0142 ich uroczysto\u015bci dwadzie\u015bcia lat temu, krzycz\u0105c \u201e&nbsp;Pedro S\u00e1nchez, sukinsyn&nbsp;!\u201d. Kilku m\u0142odych ludzi skandowa\u0142o te s\u0142owa na tym samym placu, z kt\u00f3rego \u00f3wczesny radny Madrytu wys\u0142ucha\u0142 przem\u00f3wienia otwieraj\u0105cego miasto.<\/p>\n\n\n\n<p>Na pocz\u0105tku wrze\u015bnia grupa m\u0142odych ludzi zacz\u0119\u0142a krzycze\u0107 przed namiotem rozstawionym przez rz\u0105dz\u0105c\u0105 w tym kraju PSOE (Hiszpa\u0144sk\u0105 Socjalistyczn\u0105 Parti\u0119 Robotnicz\u0105) na terenie targ\u00f3w w Alcorc\u00f3n z okazji uroczysto\u015bci ku czci patrona.<\/p>\n\n\n\n<p>Innym miejscem, gdzie mo\u017cna by\u0142o us\u0142ysze\u0107 okrzyki, by\u0142y stadiony pi\u0142karskie. Wraz z rozpocz\u0119ciem nowego sezonu La Liga kibice Betisu i Oviedo t\u0142umy zacz\u0119\u0142y skandowa\u0107 to samo w trakcie meczu, co sk\u0142oni\u0142o prezesa ligi do wyst\u0105pienia z wnioskiem o na\u0142o\u017cenie sankcji na oba kluby. <strong>ZOBACZ VIDEO:<\/strong> <\/p>\n\n\n\n<figure class=\"wp-block-embed is-type-video is-provider-tiktok wp-block-embed-tiktok\"><div class=\"wp-block-embed__wrapper\">\n<blockquote class=\"tiktok-embed\" cite=\"https:\/\/www.tiktok.com\/@antihacienda\/video\/7531842191237532950\" data-video-id=\"7531842191237532950\" data-embed-from=\"oembed\" style=\"max-width:605px; min-width:325px;\"> <section> <a target=\"_blank\" title=\"@antihacienda\" href=\"https:\/\/www.tiktok.com\/@antihacienda?refer=embed\">@antihacienda<\/a> <p><\/p> <a target=\"_blank\" title=\"\u266c sonido original - Antihacienda\" href=\"https:\/\/www.tiktok.com\/music\/sonido-original-7531842171876543254?refer=embed\">\u266c sonido original &#8211; Antihacienda<\/a> <\/section> <\/blockquote> <script async src=\"https:\/\/www.tiktok.com\/embed.js\"><\/script>\n<\/div><\/figure>\n\n\n\n<p>Nawet w&nbsp;&nbsp;Niemczech&nbsp;cz\u0119\u015b\u0107 hiszpa\u0144skich kibic\u00f3w, kt\u00f3rzy przyjechali do Stuttgartu, \u017ceby obejrze\u0107 mecz Ligi Narod\u00f3w z Francj\u0105, zaznaczy\u0142a swoj\u0105 obecno\u015b\u0107 w mie\u015bcie, skanduj\u0105c has\u0142a przeciwko socjalistycznemu sekretarzowi generalnemu Hiszpanii.<\/p>\n\n\n\n<p>Okrzyk zosta\u0142 po raz pierwszy wykonany publicznie na&nbsp;<a href=\"https:\/\/okdiario.com\/espana\/asi-sonrie-cantante-juan-magan-sus-conciertos-cuando-sus-fans-gritan-pedro-sanchez-hijo-puta-15221518\"><strong>&nbsp;koncercie Juana Mag\u00e1na&nbsp;<\/strong><\/a>&nbsp;5 sierpnia w&nbsp;&nbsp;Fitz Hall&nbsp;&nbsp;w Marbelli. Wokalista u\u015bmiechn\u0105\u0142 si\u0119 i ze zdziwieniem powiedzia\u0142: \u201eTo piosenka lata&nbsp;\u201d.<\/p>\n\n\n\n<figure class=\"wp-block-embed is-type-video is-provider-youtube wp-block-embed-youtube wp-embed-aspect-16-9 wp-has-aspect-ratio\"><div class=\"wp-block-embed__wrapper\">\n<iframe title=\"C\u00c1NTICOS CONTRA PEDRO S\u00c1NCHEZ DURANTE UN CONCIERTO DE JUAN MAG\u00c1N EN MARBELLA\" width=\"640\" height=\"360\" src=\"https:\/\/www.youtube.com\/embed\/8PQrOO8NyKY?feature=oembed\" frameborder=\"0\" allow=\"accelerometer; autoplay; clipboard-write; encrypted-media; gyroscope; picture-in-picture; web-share\" referrerpolicy=\"strict-origin-when-cross-origin\" allowfullscreen><\/iframe>\n<\/div><\/figure>\n\n\n\n<p>Jednym z najbardziej znanych by\u0142 ten z udzia\u0142em gitarzysty zespo\u0142u&nbsp;&nbsp;M\u00e4go de Oz, V\u00edctora de Andr\u00e9sa, kt\u00f3ry po us\u0142yszeniu okrzyk\u00f3w publiczno\u015bci \u201ePedro S\u00e1nchez, sukinsynu!\u201d, chwyci\u0142 mikrofon i powiedzia\u0142: \u201eS\u00e1nchez, sram na twoich zmar\u0142ych!\u201d. Nast\u0119pnie doda\u0142, nawi\u0105zuj\u0105c do spisku polityk\u00f3w Koldo, \u00c1balosa i Cerd\u00e1na: \u201ePrzesta\u0144cie nas okrada\u0107, zw\u0142aszcza z kokainy i z dziwek\u201d. Zesp\u00f3\u0142 zosta\u0142 nast\u0119pnie rozwi\u0105zany w mie\u015bcie rz\u0105dzonym przez PSOE (Hiszpa\u0144sk\u0105 Socjalistyczn\u0105 Parti\u0119 Robotnicz\u0105).<\/p>\n\n\n\n<p>Z kolei portal adelanteespana.com pisze z kolei, \u017ce has\u0142em: &nbsp;Pedro S\u00e1nchez, sukinsyn\u201d,&nbsp;robi\u0105 to, poniewa\u017c widz\u0105, \u017ce jego rz\u0105d zmierza ku tajnemu zamachowi stanu. S\u00e1nchez zawar\u0142 pakty z separatystami, wybieli\u0142 zwolennik\u00f3w ETA i odda\u0142 suwerenno\u015b\u0107 zagranicznym interesom. <\/p>\n\n\n\n<p>Foto: Facebook\/Hazte O\u00edr<\/p>\n","protected":false},"excerpt":{"rendered":"<p>HISZPANIA\/LANZAROTE: Mi\u0119dzy innymi minione letnie luksusowe wakacje premiera Hiszpanii na kanaryjskiej wyspie Lanzarote rozz\u0142o\u015bci\u0142y wielu mieszka\u0144c\u00f3w Hiszpanii. Od kilku tygodni na ich ustach wybrzmiewa jedno has\u0142o, a w sieci pojawiaj\u0105 si\u0119 kolejne viralowe i humorystyczne filmiki pokazuj\u0105ce niezadowolenie z obecnego socjalistycznego premiera Pedro Sancheza. W\u00a0klubach nocnych, na stadionach, koncertach, popularnych festiwalach i arenach walk byk\u00f3w [&hellip;]<\/p>\n","protected":false},"author":4,"featured_media":11676,"comment_status":"closed","ping_status":"open","sticky":false,"template":"","format":"standard","meta":{"om_disable_all_campaigns":false,"_monsterinsights_skip_tracking":false,"_monsterinsights_sitenote_active":false,"_monsterinsights_sitenote_note":"","_monsterinsights_sitenote_category":0,"footnotes":""},"categories":[12],"tags":[],"class_list":["post-11553","post","type-post","status-publish","format-standard","has-post-thumbnail","hentry","category-aktualnosci"],"aioseo_notices":[],"blog_post_layout_featured_media_urls":{"thumbnail":["https:\/\/nakanarach.pl\/wp-content\/uploads\/2025\/10\/Protest-premier-FB-Hazte-Oir-150x150.jpg",150,150,true],"full":["https:\/\/nakanarach.pl\/wp-content\/uploads\/2025\/10\/Protest-premier-FB-Hazte-Oir.jpg",2048,1365,false]},"categories_names":{"12":{"name":"Aktualno\u015bci","link":"https:\/\/nakanarach.pl\/index.php\/category\/aktualnosci\/"}},"tags_names":[],"comments_number":"0","wpmagazine_modules_lite_featured_media_urls":{"thumbnail":["https:\/\/nakanarach.pl\/wp-content\/uploads\/2025\/10\/Protest-premier-FB-Hazte-Oir-150x150.jpg",150,150,true],"cvmm-medium":["https:\/\/nakanarach.pl\/wp-content\/uploads\/2025\/10\/Protest-premier-FB-Hazte-Oir-300x300.jpg",300,300,true],"cvmm-medium-plus":["https:\/\/nakanarach.pl\/wp-content\/uploads\/2025\/10\/Protest-premier-FB-Hazte-Oir-305x207.jpg",305,207,true],"cvmm-portrait":["https:\/\/nakanarach.pl\/wp-content\/uploads\/2025\/10\/Protest-premier-FB-Hazte-Oir-400x600.jpg",400,600,true],"cvmm-medium-square":["https:\/\/nakanarach.pl\/wp-content\/uploads\/2025\/10\/Protest-premier-FB-Hazte-Oir-600x600.jpg",600,600,true],"cvmm-large":["https:\/\/nakanarach.pl\/wp-content\/uploads\/2025\/10\/Protest-premier-FB-Hazte-Oir-1024x1024.jpg",1024,1024,true],"cvmm-small":["https:\/\/nakanarach.pl\/wp-content\/uploads\/2025\/10\/Protest-premier-FB-Hazte-Oir-130x95.jpg",130,95,true],"full":["https:\/\/nakanarach.pl\/wp-content\/uploads\/2025\/10\/Protest-premier-FB-Hazte-Oir.jpg",2048,1365,false]},"_links":{"self":[{"href":"https:\/\/nakanarach.pl\/index.php\/wp-json\/wp\/v2\/posts\/11553","targetHints":{"allow":["GET"]}}],"collection":[{"href":"https:\/\/nakanarach.pl\/index.php\/wp-json\/wp\/v2\/posts"}],"about":[{"href":"https:\/\/nakanarach.pl\/index.php\/wp-json\/wp\/v2\/types\/post"}],"author":[{"embeddable":true,"href":"https:\/\/nakanarach.pl\/index.php\/wp-json\/wp\/v2\/users\/4"}],"replies":[{"embeddable":true,"href":"https:\/\/nakanarach.pl\/index.php\/wp-json\/wp\/v2\/comments?post=11553"}],"version-history":[{"count":5,"href":"https:\/\/nakanarach.pl\/index.php\/wp-json\/wp\/v2\/posts\/11553\/revisions"}],"predecessor-version":[{"id":11677,"href":"https:\/\/nakanarach.pl\/index.php\/wp-json\/wp\/v2\/posts\/11553\/revisions\/11677"}],"wp:featuredmedia":[{"embeddable":true,"href":"https:\/\/nakanarach.pl\/index.php\/wp-json\/wp\/v2\/media\/11676"}],"wp:attachment":[{"href":"https:\/\/nakanarach.pl\/index.php\/wp-json\/wp\/v2\/media?parent=11553"}],"wp:term":[{"taxonomy":"category","embeddable":true,"href":"https:\/\/nakanarach.pl\/index.php\/wp-json\/wp\/v2\/categories?post=11553"},{"taxonomy":"post_tag","embeddable":true,"href":"https:\/\/nakanarach.pl\/index.php\/wp-json\/wp\/v2\/tags?post=11553"}],"curies":[{"name":"wp","href":"https:\/\/api.w.org\/{rel}","templated":true}]}}