{"id":11612,"date":"2025-09-29T06:34:42","date_gmt":"2025-09-29T05:34:42","guid":{"rendered":"https:\/\/nakanarach.pl\/?p=11612"},"modified":"2025-09-29T07:16:29","modified_gmt":"2025-09-29T06:16:29","slug":"dron-sparalizowal-lotnisko-2","status":"publish","type":"post","link":"https:\/\/nakanarach.pl\/index.php\/2025\/09\/29\/dron-sparalizowal-lotnisko-2\/","title":{"rendered":"DRON SPARALI\u017bOWA\u0141 LOTNISKO"},"content":{"rendered":"\n<p><strong>FUERTEVENTURA: Jeden dron lataj\u0105cy w pobli\u017cu lotniska na trzeciej do do wielko\u015bci kanaryjskiej wyspie sparali\u017cowa\u0142 tamtejsze lotnisko. <\/strong><\/p>\n\n\n\n<p>28 wrze\u015bnia 2025 r. pracownicy wie\u017cy kontrolnej zauwa\u017cyli drona, kt\u00f3ry lata\u0142 w strefie zakazanej w pobli\u017cu lotniska na Fuerteventurze, kt\u00f3re obs\u0142uguje prawie 4,5 mln turyst\u00f3w rocznie. Z tego powodu kilka samolot\u00f3w nie mog\u0142o tam wyl\u0105dowa\u0107. Lot z Santiago de Compostela zosta\u0142 przekierowany na s\u0105siedni\u0105 wysp\u0119 Lanzarote, z kolei te kt\u00f3re wystartowa\u0142y z Sewilli i Gran Canarii ostatecznie zako\u0144czy\u0142y podr\u00f3\u017c na Gran Canarii &#8211; potwierdzi\u0142a sp\u00f3\u0142ka Aena, zarz\u0105dzaj\u0105ca wszystkimi hiszpa\u0144skimi lotniskami. Cz\u0119\u015b\u0107 lot\u00f3w, oczekuj\u0105cych na start mia\u0142o op\u00f3\u017anienia. <\/p>\n\n\n\n<p>Po kilkudziesi\u0119ciu minutach operacje na lotnisku Majorero na Fuerteventurze przebiega\u0142y ju\u017c bez zak\u0142\u00f3ce\u0144. <\/p>\n\n\n\n<p>Obecnie Gwardia Cywilna szuka operatora drona, kt\u00f3ry poprzez swoj\u0105 nieodpowiedzialno\u015b\u0107 naruszy\u0142 przestrze\u0144 powietrzn\u0105 w pobli\u017cu lotniska. <\/p>\n\n\n\n<p>Kolejny podobny incydent zosta\u0142 zg\u0142oszony w po\u0142owie wrze\u015bnia 2025 r. w Puerto del Rosario na Fuerteventurze po tym, jak kto\u015b powiadomi\u0142 funkcjonariuszy o dronie, kt\u00f3ry lata\u0142 na wysoko\u015bci zaledwie 20 metr\u00f3w nad grup\u0105 surfer\u00f3w. Na miejsce wys\u0142ano patrol z jednostki skarbowej i granicznej na lotnisku, kt\u00f3ry szybko potwierdzi\u0142, \u017ce dron dzia\u0142a\u0142 w ograniczonej przestrzeni powietrznej (strefie lotniskowej ATZ), kt\u00f3ra podlega sta\u0142ej kontroli ruchu lotniczego.<\/p>\n\n\n\n<p>Bezza\u0142ogowy statek powietrzny, DJI Mini 2 Pro o wadze 249 gram\u00f3w, by\u0142 pilotowany bez \u017cadnego zezwolenia, co stanowi\u0142o naruszenie zar\u00f3wno hiszpa\u0144skich, jak i unijnych przepis\u00f3w dotycz\u0105cych bezpiecze\u0144stwa lotniczego.<\/p>\n\n\n\n<p>Tymczasem wed\u0142ug informacji sp\u00f3\u0142ki zarz\u0105dzaj\u0105cej wszystkimi lotniskami w Hiszpanii &#8211; Aena, kolejny dron zosta\u0142 zauwa\u017cony 12 lutego 2025 roku, gdy lecia\u0142 blisko granicy lotniska na s\u0105siedniej Gran Canarii. W ramach \u015brodk\u00f3w ostro\u017cno\u015bci uruchomiono standardowy protok\u00f3\u0142, kt\u00f3ry obejmuje przekierowanie lot\u00f3w, aby zapobiec potencjalnym incydentom, kt\u00f3re mog\u0142yby wp\u0142yn\u0105\u0107 na bezpiecze\u0144stwo ruchu lotniczego. \u00a0W\u00f3wczas trzy pe\u0142ne pasa\u017cer\u00f3w samoloty zosta\u0142y przekierowane na lotnisko Teneryfa Po\u0142udnie. Z kolei 2024 r. na Gran Canarii wstrzymano ruch lotniczy na tym lotnisku z\u00a0powodu drona lataj\u0105cego bezpo\u015brednio nad pasem startowym.<\/p>\n\n\n\n<p>W\u0142adze podkre\u015bli\u0142y, \u017ce tego typu dzia\u0142alno\u015b\u0107 stwarza \u201epowa\u017cne zagro\u017cenie\u201d, gdy\u017c spadaj\u0105cy dron mo\u017ce spowodowa\u0107 obra\u017cenia u os\u00f3b znajduj\u0105cych si\u0119 na ziemi. Dodatkowo stanowi te\u017c powa\u017cne zagro\u017cenie dla samolot\u00f3w podczas startu i l\u0105dowania. Dodatkowo Wyspy Kanaryjskie s\u0105 zewn\u0119trzn\u0105 granic\u0105 Unii Europejskiej, dlatego ka\u017cda taka sytuacja sprawdzana jest tak\u017ce przez wojsko, kt\u00f3re ma swoj\u0105 baz\u0119 lotnicz\u0105 F-18 na Gran Canarii. <\/p>\n\n\n\n<p>Gwardia Cywilna przypomina, \u017ce w tym kraju latanie dronami w pobli\u017cu lotnisk jest surowo zabronione, chyba \u017ce wcze\u015bniej uzyska si\u0119 zezwolenie Hiszpa\u0144skiej Agencji Bezpiecze\u0144stwa Lotniczego (AESA). Naruszenia przepis\u00f3w bezpiecze\u0144stwa lotniczego s\u0105 klasyfikowane jako powa\u017cne wykroczenia zgodnie z art. 48.3 hiszpa\u0144skiej ustawy o bezpiecze\u0144stwie lotniczym (21\/2003) i podlegaj\u0105 wysokim grzywnom w wysoko\u015bci od 90 tys. do 225 tys. euro (387 tys. \u2013 967 tys. z\u0142).<\/p>\n\n\n\n<p>Foto: Zdj\u0119cie ilustracyjne NaKanarach.pl<\/p>\n","protected":false},"excerpt":{"rendered":"<p>FUERTEVENTURA: Jeden dron lataj\u0105cy w pobli\u017cu lotniska na trzeciej do do wielko\u015bci kanaryjskiej wyspie sparali\u017cowa\u0142 tamtejsze lotnisko. 28 wrze\u015bnia 2025 r. pracownicy wie\u017cy kontrolnej zauwa\u017cyli drona, kt\u00f3ry lata\u0142 w strefie zakazanej w pobli\u017cu lotniska na Fuerteventurze, kt\u00f3re obs\u0142uguje prawie 4,5 mln turyst\u00f3w rocznie. Z tego powodu kilka samolot\u00f3w nie mog\u0142o tam wyl\u0105dowa\u0107. Lot z Santiago [&hellip;]<\/p>\n","protected":false},"author":4,"featured_media":8128,"comment_status":"closed","ping_status":"open","sticky":false,"template":"","format":"standard","meta":{"om_disable_all_campaigns":false,"_monsterinsights_skip_tracking":false,"_monsterinsights_sitenote_active":false,"_monsterinsights_sitenote_note":"","_monsterinsights_sitenote_category":0,"footnotes":""},"categories":[12],"tags":[],"class_list":["post-11612","post","type-post","status-publish","format-standard","has-post-thumbnail","hentry","category-aktualnosci"],"aioseo_notices":[],"blog_post_layout_featured_media_urls":{"thumbnail":["https:\/\/nakanarach.pl\/wp-content\/uploads\/2024\/04\/Lotnisko-Gran-Canaria-Wieza-Kontrolna-Foto-Nakanarach-150x150.jpg",150,150,true],"full":["https:\/\/nakanarach.pl\/wp-content\/uploads\/2024\/04\/Lotnisko-Gran-Canaria-Wieza-Kontrolna-Foto-Nakanarach-scaled.jpg",2560,1440,false]},"categories_names":{"12":{"name":"Aktualno\u015bci","link":"https:\/\/nakanarach.pl\/index.php\/category\/aktualnosci\/"}},"tags_names":[],"comments_number":"0","wpmagazine_modules_lite_featured_media_urls":{"thumbnail":["https:\/\/nakanarach.pl\/wp-content\/uploads\/2024\/04\/Lotnisko-Gran-Canaria-Wieza-Kontrolna-Foto-Nakanarach-150x150.jpg",150,150,true],"cvmm-medium":["https:\/\/nakanarach.pl\/wp-content\/uploads\/2024\/04\/Lotnisko-Gran-Canaria-Wieza-Kontrolna-Foto-Nakanarach-300x300.jpg",300,300,true],"cvmm-medium-plus":["https:\/\/nakanarach.pl\/wp-content\/uploads\/2024\/04\/Lotnisko-Gran-Canaria-Wieza-Kontrolna-Foto-Nakanarach-305x207.jpg",305,207,true],"cvmm-portrait":["https:\/\/nakanarach.pl\/wp-content\/uploads\/2024\/04\/Lotnisko-Gran-Canaria-Wieza-Kontrolna-Foto-Nakanarach-400x600.jpg",400,600,true],"cvmm-medium-square":["https:\/\/nakanarach.pl\/wp-content\/uploads\/2024\/04\/Lotnisko-Gran-Canaria-Wieza-Kontrolna-Foto-Nakanarach-600x600.jpg",600,600,true],"cvmm-large":["https:\/\/nakanarach.pl\/wp-content\/uploads\/2024\/04\/Lotnisko-Gran-Canaria-Wieza-Kontrolna-Foto-Nakanarach-1024x1024.jpg",1024,1024,true],"cvmm-small":["https:\/\/nakanarach.pl\/wp-content\/uploads\/2024\/04\/Lotnisko-Gran-Canaria-Wieza-Kontrolna-Foto-Nakanarach-130x95.jpg",130,95,true],"full":["https:\/\/nakanarach.pl\/wp-content\/uploads\/2024\/04\/Lotnisko-Gran-Canaria-Wieza-Kontrolna-Foto-Nakanarach-scaled.jpg",2560,1440,false]},"_links":{"self":[{"href":"https:\/\/nakanarach.pl\/index.php\/wp-json\/wp\/v2\/posts\/11612","targetHints":{"allow":["GET"]}}],"collection":[{"href":"https:\/\/nakanarach.pl\/index.php\/wp-json\/wp\/v2\/posts"}],"about":[{"href":"https:\/\/nakanarach.pl\/index.php\/wp-json\/wp\/v2\/types\/post"}],"author":[{"embeddable":true,"href":"https:\/\/nakanarach.pl\/index.php\/wp-json\/wp\/v2\/users\/4"}],"replies":[{"embeddable":true,"href":"https:\/\/nakanarach.pl\/index.php\/wp-json\/wp\/v2\/comments?post=11612"}],"version-history":[{"count":2,"href":"https:\/\/nakanarach.pl\/index.php\/wp-json\/wp\/v2\/posts\/11612\/revisions"}],"predecessor-version":[{"id":11615,"href":"https:\/\/nakanarach.pl\/index.php\/wp-json\/wp\/v2\/posts\/11612\/revisions\/11615"}],"wp:featuredmedia":[{"embeddable":true,"href":"https:\/\/nakanarach.pl\/index.php\/wp-json\/wp\/v2\/media\/8128"}],"wp:attachment":[{"href":"https:\/\/nakanarach.pl\/index.php\/wp-json\/wp\/v2\/media?parent=11612"}],"wp:term":[{"taxonomy":"category","embeddable":true,"href":"https:\/\/nakanarach.pl\/index.php\/wp-json\/wp\/v2\/categories?post=11612"},{"taxonomy":"post_tag","embeddable":true,"href":"https:\/\/nakanarach.pl\/index.php\/wp-json\/wp\/v2\/tags?post=11612"}],"curies":[{"name":"wp","href":"https:\/\/api.w.org\/{rel}","templated":true}]}}