{"id":11687,"date":"2025-10-09T07:06:22","date_gmt":"2025-10-09T06:06:22","guid":{"rendered":"https:\/\/nakanarach.pl\/?p=11687"},"modified":"2025-10-09T08:48:07","modified_gmt":"2025-10-09T07:48:07","slug":"kolejne-tragedie-na-oceanie","status":"publish","type":"post","link":"https:\/\/nakanarach.pl\/index.php\/2025\/10\/09\/kolejne-tragedie-na-oceanie\/","title":{"rendered":"KOLEJNE TRAGEDIE NA OCEANIE (VIDEO)"},"content":{"rendered":"\n<p><strong>WYSPY KANARYJSKIE: Wzburzony Ocean Atlantycki zbiera kolejne \u015bmiertelne \u017cniwo. Niedaleko portu Salinetas w gminie Telde, w \u015brodkowej cz\u0119\u015bci wyspy Gran Canaria znaleziono cia\u0142o 71-letniego m\u0119\u017cczyzny, kt\u00f3ry dryfowa\u0142 na morzu.<\/strong> <strong>Na Kanarach ponownie w ostatnich dniach wprowadzono m.in. alert przed wysokimi falami<\/strong>, <strong>kalim\u0105 (drobnym py\u0142em znad afryka\u0144skiej Sahary) oraz wysokimi temperaturami do 34 stopni Celsjusza. <\/strong><\/p>\n\n\n\n<p>Centrum Koordynacji Sytuacji Kryzysowych i Bezpiecze\u0144stwa Wysp Kanaryjskich (CECOES) poinformowa\u0142o, \u017ce 7 pa\u017adziernika otrzyma\u0142o zg\u0142oszenie o m\u0119\u017cczy\u017anie le\u017c\u0105cym twarz\u0105 do do\u0142u w wodzie zaledwie kilka metr\u00f3w od brzegu. Natychmiast wys\u0142ano s\u0142u\u017cby ratunkowe do portu. Ratownicy z Pogotowia Ratunkowego na Pla\u017cy Telde wyci\u0105gn\u0119li m\u0119\u017cczyzn\u0119 z wody i podj\u0119li akcj\u0119 reanimacyjn\u0105, ale ich pr\u00f3by okaza\u0142y si\u0119 nieskutecznie i nie uda\u0142o si\u0119 go uratowa\u0107. Wkr\u00f3tce po przybyciu na miejsce ratownicy medyczni z pogotowia SUC potwierdzili zgon. <\/p>\n\n\n\n<p>Policja Krajowa pilnowa\u0142a cia\u0142a do czasu przybycia w\u0142adz s\u0105dowych, kt\u00f3re wyda\u0142y zgod\u0119 na zabranie cia\u0142a w celu przeprowadzenia sekcji zw\u0142ok i wszcz\u0119\u0142y dochodzenie w sprawie tego incydentu.<\/p>\n\n\n\n<p>S\u0142u\u017cby ratunkowe na niekt\u00f3rych pla\u017cach wywiesi\u0142y czerwon\u0105 flag\u0119, co oznacza zakaz k\u0105pieli. Jednak wiele os\u00f3b, pomimo pr\u0105d\u00f3w wstecznych i wysokich fal dochodz\u0105cychdo 2 metr\u00f3w wysoko\u015bci, nadal k\u0105pie si\u0119 w oceanie, kt\u00f3ry we wrze\u015bniu i pa\u017adzierniku ma najcieplejsz\u0105 wod\u0119 w ca\u0142ym roku &#8211; ok. 23-24 stopni. <\/p>\n\n\n\n<figure class=\"wp-block-embed is-type-video is-provider-youtube wp-block-embed-youtube wp-embed-aspect-9-16 wp-has-aspect-ratio\"><div class=\"wp-block-embed__wrapper\">\n<iframe title=\"ALERT NA WYSPACH KANARYJSKICH\" width=\"540\" height=\"960\" src=\"https:\/\/www.youtube.com\/embed\/bE7QbqQqjS4?feature=oembed\" frameborder=\"0\" allow=\"accelerometer; autoplay; clipboard-write; encrypted-media; gyroscope; picture-in-picture; web-share\" referrerpolicy=\"strict-origin-when-cross-origin\" allowfullscreen><\/iframe>\n<\/div><\/figure>\n\n\n\n<p>W ostatnich tygodniach na Wyspach Kanaryjskich odnotowano niepokoj\u0105cy wzrost liczby utoni\u0119\u0107, zar\u00f3wno wzd\u0142u\u017c wybrze\u017ca, jak i w hotelowych basenach. Niedawno 38-letni m\u0119\u017cczyzna zosta\u0142 uratowany z wody na Playa Jard\u00edn na Teneryfie, a na Lanzarote kobieta tragicznie zgin\u0119\u0142a na pla\u017cy Matagorda w Puerto del Carmen.<\/p>\n\n\n\n<p>Tak\u017ce w ostatnich kilku tygodniach pi\u0119cioletnia dziewczynka by\u0142a w ci\u0119\u017ckim stanie po tym, jak niemal uton\u0119\u0142a w basenie hotelowym na Fuerteventurze, a tak\u017ce przypadek ma\u0142ego ch\u0142opca hospitalizowanego po podobnym incydencie w znanym turystycznym kurorcie Adeje na Teneryfie.<\/p>\n\n\n\n<p>W\u0142adze ponownie zwr\u00f3ci\u0142y si\u0119 do mieszka\u0144c\u00f3w i turyst\u00f3w z pro\u015bb\u0105 o zachowanie czujno\u015bci w pobli\u017cu wody, ostrzegaj\u0105c, \u017ce nawet pozornie spokojny ocean lub baseny w o\u015brodkach wypoczynkowych mog\u0105 w ci\u0105gu kilku sekund sta\u0107 si\u0119 niebezpieczne. <\/p>\n\n\n\n<p>W\u0142adze nadal ostrzegaj\u0105, \u017ce k\u0105pi\u0105cy si\u0119 powinni zachowa\u0107 szczeg\u00f3ln\u0105 ostro\u017cno\u015b\u0107 na wybrze\u017cach Wysp Kanaryjskich, poniewa\u017c warunki na Atlantyku mog\u0105 si\u0119 szybko zmienia\u0107, a utoni\u0119cia pozostaj\u0105 jedn\u0105 z g\u0142\u00f3wnych przyczyn przypadkowych zgon\u00f3w na tym archipelagu. <\/p>\n\n\n\n<p>Ocean Atlantycki w pobli\u017cu Wysp Kanaryjskich bywa bardzo niebezpieczny. W ostatnim czasie zdarza\u0142o si\u0119, \u017ce fale i pr\u0105dy morskie wci\u0105ga\u0142y k\u0105pi\u0105cych si\u0119 do wody. Pr\u0105dy morskie bywaj\u0105 tu bardzo silne, a ocean mo\u017ce by\u0107 niebezpieczny podczas k\u0105pieli i wir wodny, nawet blisko brzegu mo\u017ce wci\u0105gn\u0105\u0107 lub przewr\u00f3ci\u0107 doros\u0142ego cz\u0142owieka. <\/p>\n\n\n\n<figure class=\"wp-block-embed is-type-video is-provider-tiktok wp-block-embed-tiktok\"><div class=\"wp-block-embed__wrapper\">\n<blockquote class=\"tiktok-embed\" cite=\"https:\/\/www.tiktok.com\/@nakanarach.pl\/video\/7558885310722034966\" data-video-id=\"7558885310722034966\" data-embed-from=\"oembed\" style=\"max-width:605px; min-width:325px;\"> <section> <a target=\"_blank\" title=\"@nakanarach.pl\" href=\"https:\/\/www.tiktok.com\/@nakanarach.pl?refer=embed\">@nakanarach.pl<\/a> <p>ALERT NA WYSPACH KANARYJSKICH Gor\u0105ca, sucha masa powietrza tzw. kalima b\u0119dzie oddzia\u0142ywa\u0107 g\u0142\u00f3wnie na wy\u017csze wysoko\u015bci, a silne wiatry p\u00f3\u0142nocno-wschodnie, osi\u0105gaj\u0105ce w niekt\u00f3rych rejonach si\u0142\u0119 7 w skali Beauforta, s\u0105 prognozowane na obszarach przybrze\u017cnych. Morze b\u0119dzie wzburzone, z falami od p\u00f3\u0142nocnego zachodu o wysoko\u015bci od jednego do dw\u00f3ch metr\u00f3w, co sk\u0142ania w\u0142adze do apelu o ostro\u017cno\u015b\u0107 podczas k\u0105pieli w Oceanie Atlantyckim. Drobny py\u0142 znad Sahary sprowadzi\u0142 ograniczon\u0105 widoczno\u015b\u0107 i temperatury si\u0119gaj\u0105ce 34\u00b0C, zw\u0142aszcza w po\u0142udniowej i zachodniej cz\u0119\u015bci \u015brodkowego regionu Gran Canarii, zgodnie z najnowszymi raportami Pa\u0144stwowej Agencji Meteorologicznej AEMET.<\/p> <a target=\"_blank\" title=\"\u266c Waves - Stamatis Spanoudakis\" href=\"https:\/\/www.tiktok.com\/music\/Waves-6885962490811779074?refer=embed\">\u266c Waves &#8211; Stamatis Spanoudakis<\/a> <\/section> <\/blockquote> <script async src=\"https:\/\/www.tiktok.com\/embed.js\"><\/script>\n<\/div><\/figure>\n\n\n\n<p>Zdaniem s\u0142u\u017cb ratownictwa morskiego, \u015brednio co kilka dni odnotowywane s\u0105 na archipelagu przypadki ratowania os\u00f3b porwanych przez fale. Wynika to niskiej \u015bwiadomo\u015bci turyst\u00f3w oraz brawury i&nbsp;nieprzemy\u015blanych zachowa\u0144.<\/p>\n\n\n\n<p>Imigracyjny szlak kanaryjski dziel\u0105cy Kanary od Afryki o niespe\u0142na 200 km uchodzi za najniebezpieczniejszy na \u015bwiecie w\u0142a\u015bnie ze wzgl\u0119du na silne pr\u0105dy morskie. W ci\u0105gu ostatnich 5 lat zgin\u0119\u0142o tu ponad 6 tys. os\u00f3b, kt\u00f3re chcia\u0142y przedosta\u0107 si\u0119 t\u0105 tras\u0105 do Unii Europejskiej. \u00a0<\/p>\n\n\n\n<p>Fot. NaKanarach.pl<\/p>\n","protected":false},"excerpt":{"rendered":"<p>WYSPY KANARYJSKIE: Wzburzony Ocean Atlantycki zbiera kolejne \u015bmiertelne \u017cniwo. Niedaleko portu Salinetas w gminie Telde, w \u015brodkowej cz\u0119\u015bci wyspy Gran Canaria znaleziono cia\u0142o 71-letniego m\u0119\u017cczyzny, kt\u00f3ry dryfowa\u0142 na morzu. Na Kanarach ponownie w ostatnich dniach wprowadzono m.in. alert przed wysokimi falami, kalim\u0105 (drobnym py\u0142em znad afryka\u0144skiej Sahary) oraz wysokimi temperaturami do 34 stopni Celsjusza. Centrum [&hellip;]<\/p>\n","protected":false},"author":4,"featured_media":6150,"comment_status":"closed","ping_status":"open","sticky":false,"template":"","format":"standard","meta":{"om_disable_all_campaigns":false,"_monsterinsights_skip_tracking":false,"_monsterinsights_sitenote_active":false,"_monsterinsights_sitenote_note":"","_monsterinsights_sitenote_category":0,"footnotes":""},"categories":[12,78],"tags":[],"class_list":["post-11687","post","type-post","status-publish","format-standard","has-post-thumbnail","hentry","category-aktualnosci","category-interwencje"],"aioseo_notices":[],"blog_post_layout_featured_media_urls":{"thumbnail":["https:\/\/nakanarach.pl\/wp-content\/uploads\/2022\/12\/Wysokie-fale-150x150.jpg",150,150,true],"full":["https:\/\/nakanarach.pl\/wp-content\/uploads\/2022\/12\/Wysokie-fale.jpg",1280,960,false]},"categories_names":{"12":{"name":"Aktualno\u015bci","link":"https:\/\/nakanarach.pl\/index.php\/category\/aktualnosci\/"},"78":{"name":"Interwencje","link":"https:\/\/nakanarach.pl\/index.php\/category\/interwencje\/"}},"tags_names":[],"comments_number":"0","wpmagazine_modules_lite_featured_media_urls":{"thumbnail":["https:\/\/nakanarach.pl\/wp-content\/uploads\/2022\/12\/Wysokie-fale-150x150.jpg",150,150,true],"cvmm-medium":["https:\/\/nakanarach.pl\/wp-content\/uploads\/2022\/12\/Wysokie-fale-300x300.jpg",300,300,true],"cvmm-medium-plus":["https:\/\/nakanarach.pl\/wp-content\/uploads\/2022\/12\/Wysokie-fale-305x207.jpg",305,207,true],"cvmm-portrait":["https:\/\/nakanarach.pl\/wp-content\/uploads\/2022\/12\/Wysokie-fale-400x600.jpg",400,600,true],"cvmm-medium-square":["https:\/\/nakanarach.pl\/wp-content\/uploads\/2022\/12\/Wysokie-fale-600x600.jpg",600,600,true],"cvmm-large":["https:\/\/nakanarach.pl\/wp-content\/uploads\/2022\/12\/Wysokie-fale-1024x960.jpg",1024,960,true],"cvmm-small":["https:\/\/nakanarach.pl\/wp-content\/uploads\/2022\/12\/Wysokie-fale-130x95.jpg",130,95,true],"full":["https:\/\/nakanarach.pl\/wp-content\/uploads\/2022\/12\/Wysokie-fale.jpg",1280,960,false]},"_links":{"self":[{"href":"https:\/\/nakanarach.pl\/index.php\/wp-json\/wp\/v2\/posts\/11687","targetHints":{"allow":["GET"]}}],"collection":[{"href":"https:\/\/nakanarach.pl\/index.php\/wp-json\/wp\/v2\/posts"}],"about":[{"href":"https:\/\/nakanarach.pl\/index.php\/wp-json\/wp\/v2\/types\/post"}],"author":[{"embeddable":true,"href":"https:\/\/nakanarach.pl\/index.php\/wp-json\/wp\/v2\/users\/4"}],"replies":[{"embeddable":true,"href":"https:\/\/nakanarach.pl\/index.php\/wp-json\/wp\/v2\/comments?post=11687"}],"version-history":[{"count":3,"href":"https:\/\/nakanarach.pl\/index.php\/wp-json\/wp\/v2\/posts\/11687\/revisions"}],"predecessor-version":[{"id":11693,"href":"https:\/\/nakanarach.pl\/index.php\/wp-json\/wp\/v2\/posts\/11687\/revisions\/11693"}],"wp:featuredmedia":[{"embeddable":true,"href":"https:\/\/nakanarach.pl\/index.php\/wp-json\/wp\/v2\/media\/6150"}],"wp:attachment":[{"href":"https:\/\/nakanarach.pl\/index.php\/wp-json\/wp\/v2\/media?parent=11687"}],"wp:term":[{"taxonomy":"category","embeddable":true,"href":"https:\/\/nakanarach.pl\/index.php\/wp-json\/wp\/v2\/categories?post=11687"},{"taxonomy":"post_tag","embeddable":true,"href":"https:\/\/nakanarach.pl\/index.php\/wp-json\/wp\/v2\/tags?post=11687"}],"curies":[{"name":"wp","href":"https:\/\/api.w.org\/{rel}","templated":true}]}}