{"id":11884,"date":"2025-10-27T07:14:25","date_gmt":"2025-10-27T07:14:25","guid":{"rendered":"https:\/\/nakanarach.pl\/?p=11884"},"modified":"2025-10-28T12:42:26","modified_gmt":"2025-10-28T12:42:26","slug":"nie-ma-dnia-bez-trzesienia-ziemi-na-kanarach","status":"publish","type":"post","link":"https:\/\/nakanarach.pl\/index.php\/2025\/10\/27\/nie-ma-dnia-bez-trzesienia-ziemi-na-kanarach\/","title":{"rendered":"NIE MA DNIA BEZ TRZ\u0118SIENIA ZIEMI NA KANARACH"},"content":{"rendered":"\n<p><strong>TENERYFA\/GRAN CANARIA: Od po\u0142owy pa\u017adziernika niemal ka\u017cdego dnia trz\u0119sie si\u0119 ziemia z powodu podwodnego wulkanu Enmedio zlokalizowanego pomi\u0119dzy Teneryf\u0105 a Gran Canari\u0105. Do tej pory w ci\u0105gu niespe\u0142na dw\u00f3ch tygodni zanotowano prawie 130 wstrz\u0105s\u00f3w, kt\u00f3re dotyczy\u0142y r\u00f3wnie\u017c popularnych miejsc turystycznych na najwi\u0119kszej kanaryjskiej wyspie. <\/strong><\/p>\n\n\n\n<p>Jak podaje hiszpa\u0144ski Narodowy Instytut Geograficzny IGN w miniony weekend 25-26 pa\u017adziernika trz\u0119sienia ziemi o niewielkiej sile ok. 1 w skali Richtera zanotowano pomi\u0119dzy Teneryf\u0105 a Gran Canari\u0105 prawie 20 razy. Z kolei w nocy, 27 pa\u017adziernika 2025 r. by\u0142o tu kolejnych 5 wstrz\u0105s\u00f3w. <\/p>\n\n\n\n<p>W drugiej po\u0142owie pa\u017adziernika \u0142agodne trz\u0119sienie ziemi o sile 3,2 w skali Richtera by\u0142o&nbsp;odczuwalne w znanych turystycznych miejscowo\u015bciach na po\u0142udniu Teneryfy: Granadilla de Abona, Fasnia i San Miguel de Abona oraz na p\u00f3\u0142nocy Gran Canarii w Agaete, kt\u00f3r\u0105 licznie odwiedzaj\u0105 urlopowiecze m.in. z powodu jedynej w Europie plantacji kawy. Jedkak w\u0142adze Wysp Kanaryjskich informuj\u0105, \u017ce nie zanotowano strat materialnych ani osobowych. <\/p>\n\n\n\n<p>W ostatnich kilku tygodniach dotychczas najwi\u0119kszy wstrz\u0105s o magnitudzie 3,4 w skali Richtera zosta\u0142 zarejestrowany 18 pa\u017adziernika o godzinie 20:17 przez Narodowy Instytut Geograficzny (IGN) na g\u0142\u0119boko\u015bci 29 kilometr\u00f3w pod powierzchni\u0105 Oceanu Atlantyckiego. W\u00f3wczas trz\u0119sienie ziemi by\u0142o odczuwalne w kilku popularnych w\u015br\u00f3d turyst\u00f3w miejscowo\u015bciach: La Orotava, La Laguna i Los Realejos. Wstrz\u0105sy te s\u0105 cz\u0119\u015bci\u0105 trwaj\u0105cej ju\u017c od 16 pa\u017adziernika serii wstrz\u0105s\u00f3w sejsmicznych rejestrowanych u wybrze\u017cy Fasnia w po\u0142udniowo-wschodniej cz\u0119\u015bci Teneryfy. <\/p>\n\n\n\n<p><a href=\"https:\/\/www.ign.es\/web\/vlc-ultimo-terremoto\/-\/terremotos-canarias\/get10dias\">https:\/\/www.ign.es\/web\/vlc-ultimo-terremoto\/-\/terremotos-canarias\/get10dias<\/a><\/p>\n\n\n\n<p>Dr\u017cenie o sile od 3 w skali Richtera mo\u017ce by\u0107 odczuwalne w pomieszczeniach, zw\u0142aszcza na wy\u017cszych pi\u0119trach budynk\u00f3w, ale wiele os\u00f3b nie kojarzy tego faktu z trz\u0119sieniem ziemi. Zaparkowane pojazdy mog\u0105 si\u0119 w\u00f3wczas lekko porusza\u0107. Wibracje s\u0105 takie, jak te spowodowane przejazdem ci\u0119\u017ckich pojazd\u00f3w. Dopiero od 4 stopnia wzwy\u017c w skali Richtera skutki trz\u0119sienia ziemi mog\u0105 by\u0107 bardziej odczuwalne przez ludzi powodowa\u0107 powa\u017cniejsze zniszczenia budynk\u00f3w.<\/p>\n\n\n\n<p>Eksperci od wielu lat monitoruj\u0105 zmiany zachodz\u0105ce Teneryfie, gdzie nadal jest czynny wulkan. Obserwacje z ostatnich miesi\u0119cy pozwalaj\u0105 snu\u0107 przypuszczenia o nieuchronnej erupcji tamtejszego stratowulkanu. Jednak wci\u0105\u017c nie wiadomo, kiedy to mo\u017ce nast\u0105pi\u0107. <\/p>\n\n\n\n<p>Dyrektor IGN na Wyspach Kanaryjskich,&nbsp;Itahiza Dom\u00ednguez wyja\u015bni\u0142 gazecie Diario de Avisos, \u017ce obszar mi\u0119dzy dwiema wyspami jest \u201eprzeci\u0105\u017cony przez ca\u0142y rok\u201d &#8211; \u015brednio odnotowuje si\u0119 tam od&nbsp;400 do 500 trz\u0119sie\u0144 ziemi rocznie i \u017ce \u201enie ma bezpo\u015bredniego zwi\u0105zku mi\u0119dzy wszystkimi odnotowanymi ruchami\u201d.<\/p>\n\n\n\n<p>Wulkan Enmedio to podwodna struktura znajduje si\u0119 oko\u0142o&nbsp;25 kilometr\u00f3w od latarni morskiej Abona (Teneryfa) i 36 kilometr\u00f3w od La Aldea de San Nicol\u00e1s (Gran Canaria).<\/p>\n\n\n\n<p>Jego podstawa ma oko\u0142o&nbsp;3 kilometr\u00f3w \u015brednicy&nbsp;i wznosi si\u0119&nbsp;470 metr\u00f3w nad dnem Oceanu Atlantyckiego. <\/p>\n\n\n\n<p>IGN udost\u0119pnia mieszka\u0144com na stronie internetowej kwestionariusz makrosejsmiczny, aby mogli zg\u0142osi\u0107 swoj\u0105 sytuacj\u0119, je\u015bli odczuli wstrz\u0105s. Za jego po\u015brednictwem osoby poszkodowane mog\u0105 okre\u015bli\u0107, co robi\u0142y w tym czasie, czy spa\u0142y, czy by\u0142y obudzone, jaka by\u0142a ich reakcja oraz czy przedmioty poruszy\u0142y si\u0119 lub upad\u0142y na ziemi\u0119.<\/p>\n\n\n\n<p>Te informacje, wraz z danymi zebranymi przez zlokaliozwane na wyspach archipelagu sejsmografy, s\u0105 \u201eniezb\u0119dne\u201d dla agencji do ostrzegania ludno\u015bci o intensywno\u015bci trz\u0119sie\u0144 ziemi i szacowania szk\u00f3d, jakie mog\u0142y one spowodowa\u0107. <\/p>\n\n\n\n<p>Z dotychczasowych raport\u00f3w sejsmolog\u00f3w wynika, \u017ce&nbsp;w ostatnich latach Teneryfa podnios\u0142a si\u0119 o 1 cm, co mo\u017ce \u015bwiadczy\u0107 o tym, \u017ce magma gromadzi si\u0119 pod powierzchni\u0105 wyspy. Pomiary geodezyjne wskazuj\u0105, \u017ce deformacja obejmuje ca\u0142\u0105 najwi\u0119ksz\u0105 kanaryjsk\u0105 wysp\u0119, co z kolei sugeruje wzrost ci\u015bnienia pod Teneryf\u0105 na szersz\u0105 skal\u0119. Je\u015bli ten trend b\u0119dzie kontynuowany, mo\u017ce doj\u015b\u0107 do powstania p\u0119kni\u0119\u0107, kt\u00f3re umo\u017cliwi\u0105 wydostanie si\u0119 lawy na powierzchni\u0119.<\/p>\n\n\n\n<p>IGN przypomina, \u017ce Wyspy Kanaryjskie s\u0105 terytorium o aktywno\u015bci wulkanicznej i tego typu zjawiska geologiczne stanowi\u0105 cz\u0119\u015b\u0107 ich naturalnej dynamiki. Wed\u0142ug danych Narodowego Instytutu Geograficznego (IGN) w ca\u0142ym 2024 roku na wszystkich Wyspach Kanaryjskich zarejestrowano 1608 trz\u0119sie\u0144 ziemi. To o 409 mniej ni\u017c w roku poprzednim, kiedy by\u0142o tu 2017 wstrz\u0105s\u00f3w.&nbsp;<\/p>\n\n\n\n<p><strong>ZOBACZ NASZ ARTYKU\u0141 tak\u017ce na najwi\u0119kszym polskim portalu Wirtualna Polska:<\/strong><\/p>\n\n\n\n<p><a href=\"https:\/\/turystyka.wp.pl\/s\/nakanarach-pl\/nie-ma-dnia-bez-trzesienia-ziemi-na-europejskim-archipelagu-winny-podwodny-wulkan-7215407344999008a\">https:\/\/turystyka.wp.pl\/s\/nakanarach-pl\/nie-ma-dnia-bez-trzesienia-ziemi-na-europejskim-archipelagu-winny-podwodny-wulkan-7215407344999008a<\/a><\/p>\n\n\n\n<p>Foto: Archiwum NaKanarach.pl<\/p>\n","protected":false},"excerpt":{"rendered":"<p>TENERYFA\/GRAN CANARIA: Od po\u0142owy pa\u017adziernika niemal ka\u017cdego dnia trz\u0119sie si\u0119 ziemia z powodu podwodnego wulkanu Enmedio zlokalizowanego pomi\u0119dzy Teneryf\u0105 a Gran Canari\u0105. Do tej pory w ci\u0105gu niespe\u0142na dw\u00f3ch tygodni zanotowano prawie 130 wstrz\u0105s\u00f3w, kt\u00f3re dotyczy\u0142y r\u00f3wnie\u017c popularnych miejsc turystycznych na najwi\u0119kszej kanaryjskiej wyspie. Jak podaje hiszpa\u0144ski Narodowy Instytut Geograficzny IGN w miniony weekend 25-26 [&hellip;]<\/p>\n","protected":false},"author":4,"featured_media":6680,"comment_status":"closed","ping_status":"open","sticky":false,"template":"","format":"standard","meta":{"om_disable_all_campaigns":false,"_monsterinsights_skip_tracking":false,"_monsterinsights_sitenote_active":false,"_monsterinsights_sitenote_note":"","_monsterinsights_sitenote_category":0,"footnotes":""},"categories":[12],"tags":[],"class_list":["post-11884","post","type-post","status-publish","format-standard","has-post-thumbnail","hentry","category-aktualnosci"],"aioseo_notices":[],"blog_post_layout_featured_media_urls":{"thumbnail":["https:\/\/nakanarach.pl\/wp-content\/uploads\/2023\/05\/Gran-Canaria-Wulkan-z-gory-150x150.jpeg",150,150,true],"full":["https:\/\/nakanarach.pl\/wp-content\/uploads\/2023\/05\/Gran-Canaria-Wulkan-z-gory.jpeg",2048,1536,false]},"categories_names":{"12":{"name":"Aktualno\u015bci","link":"https:\/\/nakanarach.pl\/index.php\/category\/aktualnosci\/"}},"tags_names":[],"comments_number":"0","wpmagazine_modules_lite_featured_media_urls":{"thumbnail":["https:\/\/nakanarach.pl\/wp-content\/uploads\/2023\/05\/Gran-Canaria-Wulkan-z-gory-150x150.jpeg",150,150,true],"cvmm-medium":["https:\/\/nakanarach.pl\/wp-content\/uploads\/2023\/05\/Gran-Canaria-Wulkan-z-gory-300x300.jpeg",300,300,true],"cvmm-medium-plus":["https:\/\/nakanarach.pl\/wp-content\/uploads\/2023\/05\/Gran-Canaria-Wulkan-z-gory-305x207.jpeg",305,207,true],"cvmm-portrait":["https:\/\/nakanarach.pl\/wp-content\/uploads\/2023\/05\/Gran-Canaria-Wulkan-z-gory-400x600.jpeg",400,600,true],"cvmm-medium-square":["https:\/\/nakanarach.pl\/wp-content\/uploads\/2023\/05\/Gran-Canaria-Wulkan-z-gory-600x600.jpeg",600,600,true],"cvmm-large":["https:\/\/nakanarach.pl\/wp-content\/uploads\/2023\/05\/Gran-Canaria-Wulkan-z-gory-1024x1024.jpeg",1024,1024,true],"cvmm-small":["https:\/\/nakanarach.pl\/wp-content\/uploads\/2023\/05\/Gran-Canaria-Wulkan-z-gory-130x95.jpeg",130,95,true],"full":["https:\/\/nakanarach.pl\/wp-content\/uploads\/2023\/05\/Gran-Canaria-Wulkan-z-gory.jpeg",2048,1536,false]},"_links":{"self":[{"href":"https:\/\/nakanarach.pl\/index.php\/wp-json\/wp\/v2\/posts\/11884","targetHints":{"allow":["GET"]}}],"collection":[{"href":"https:\/\/nakanarach.pl\/index.php\/wp-json\/wp\/v2\/posts"}],"about":[{"href":"https:\/\/nakanarach.pl\/index.php\/wp-json\/wp\/v2\/types\/post"}],"author":[{"embeddable":true,"href":"https:\/\/nakanarach.pl\/index.php\/wp-json\/wp\/v2\/users\/4"}],"replies":[{"embeddable":true,"href":"https:\/\/nakanarach.pl\/index.php\/wp-json\/wp\/v2\/comments?post=11884"}],"version-history":[{"count":5,"href":"https:\/\/nakanarach.pl\/index.php\/wp-json\/wp\/v2\/posts\/11884\/revisions"}],"predecessor-version":[{"id":11923,"href":"https:\/\/nakanarach.pl\/index.php\/wp-json\/wp\/v2\/posts\/11884\/revisions\/11923"}],"wp:featuredmedia":[{"embeddable":true,"href":"https:\/\/nakanarach.pl\/index.php\/wp-json\/wp\/v2\/media\/6680"}],"wp:attachment":[{"href":"https:\/\/nakanarach.pl\/index.php\/wp-json\/wp\/v2\/media?parent=11884"}],"wp:term":[{"taxonomy":"category","embeddable":true,"href":"https:\/\/nakanarach.pl\/index.php\/wp-json\/wp\/v2\/categories?post=11884"},{"taxonomy":"post_tag","embeddable":true,"href":"https:\/\/nakanarach.pl\/index.php\/wp-json\/wp\/v2\/tags?post=11884"}],"curies":[{"name":"wp","href":"https:\/\/api.w.org\/{rel}","templated":true}]}}