{"id":11937,"date":"2025-10-30T08:43:03","date_gmt":"2025-10-30T08:43:03","guid":{"rendered":"https:\/\/nakanarach.pl\/?p=11937"},"modified":"2025-11-03T06:37:17","modified_gmt":"2025-11-03T06:37:17","slug":"myslalam-ze-dom-sie-zawali-mieszkancy-odczuli-silniejsze-trzesienie-ziemi","status":"publish","type":"post","link":"https:\/\/nakanarach.pl\/index.php\/2025\/10\/30\/myslalam-ze-dom-sie-zawali-mieszkancy-odczuli-silniejsze-trzesienie-ziemi\/","title":{"rendered":"&#8222;MY\u015aLA\u0141AM, \u017bE DOM SI\u0118 ZAWALI&#8221; &#8211; MIESZKA\u0143CY ODCZULI SILNIEJSZE TRZ\u0118SIENIE ZIEMI"},"content":{"rendered":"\n<p><strong>GRAN CANARIA\/TENERYFA: Od niemal miesi\u0105ca na Wyspach Kanaryjskich wyst\u0119puj\u0105 trz\u0119sienia ziemi, kt\u00f3re g\u0142\u00f3wnie by\u0142y odczuwalne na Teneryfie. Tym razem pojawi\u0142o si\u0119 na s\u0105siedniej Gran Canarii z maksymaln\u0105 intensywno\u015bci\u0105 IV i V stopnia. Po roju sejsmicznym odczuwalnym r\u00f3wnie\u017c w centrum i na szczycie wyspy, nast\u0105pi\u0142 drugi, s\u0142abszy wstrz\u0105s.<\/strong><\/p>\n\n\n\n<p>Do trzesienia ziemi dosz\u0142o w nocy w licznie odwiedzanej przez turyst\u00f3w miejscowo\u015bci Agaete na Gran Canarii, w pobli\u017cu kt\u00f3rej znajduje si\u0119 jedyna w Europie plantacja kawy. 29 pa\u017adziernika 2025 r. nast\u0105pi\u0142o\u00a0tam trz\u0119sienie ziemi\u00a0o magnitudzie 2,9 na g\u0142\u0119boko\u015bci 7 kilometr\u00f3w, kt\u00f3re by\u0142o silnie odczuwalne przez mieszka\u0144c\u00f3w p\u00f3\u0142nocnej gminy. Jego intensywno\u015b\u0107 wynosi\u0142a IV i V, co oznacza umiarkowan\u0105 w 10 stopniowej skali. <\/p>\n\n\n\n<p>Jak pisze gazeta Canarias7 nocna cisza wzmacnia\u0142a odg\u0142os wibruj\u0105cych przedmiot\u00f3w, a niekt\u00f3rzy ludzie budzili si\u0119 nawet czuj\u0105c co\u015b w rodzaju przeje\u017cd\u017caj\u0105cej obok du\u017cej ci\u0119\u017car\u00f3wki. <\/p>\n\n\n\n<ul class=\"wp-block-list\">\n<li>My\u015bla\u0142am, \u017ce dom si\u0119 zawali &#8211; gazeta Canarias7 przytacza s\u0142owa Expedity D\u00edaz w mediach spo\u0142eczno\u015bciowych o swoim przera\u017ceniu.<\/li>\n<\/ul>\n\n\n\n<p>Trz\u0119sienie ziemi by\u0142o najbardziej zauwa\u017calne w dolinie&nbsp;Agaete, chocia\u017c by\u0142o ono r\u00f3wnie\u017c odczuwalne z mniejsz\u0105 intensywno\u015bci\u0105 w innych cz\u0119\u015bciach \u015brodkowej i p\u00f3\u0142nocnej Gran Canarii, tak\u017ce w urokliwych i licznie odwiedzanych miejscowo\u015bciach G\u00e1ldar, Valleseco, Tejeda, San Mateo, La Aldea czy Teror.<\/p>\n\n\n\n<p>Ale to nie by\u0142o jedyne trz\u0119sienie ziemi, kt\u00f3re nie dawa\u0142o mieszka\u0144com spa\u0107. Chwil\u0119 p\u00f3\u017aniej Narodowy Instytut Geograficzny (IGN) wykry\u0142 drugie trz\u0119sienie ziemi o magnitudzie 2,3 i mniejszej intensywno\u015bci, odczuwalne przez niekt\u00f3rych ludzi.<\/p>\n\n\n\n<p>Ponadto IGN odnotowa\u0142 trzecie trz\u0119sienie ziemi o mniejszej magnitudzie &#8211; 1,7, kt\u00f3re mia\u0142o miejsce na mniejszej g\u0142\u0119boko\u015bci ni\u017c poprzednie, na 5 kilometrach.<\/p>\n\n\n\n<p>Agaete to obszar o cz\u0119stej aktywno\u015bci sejsmicznej. W pa\u017adzierniku 2025 r., wed\u0142ug danych IGN (National Geographic Institute), w tej cz\u0119\u015bci Gran Canarii odnotowano oko\u0142o 20 trz\u0119sie\u0144 ziemi, w tym kolejne, odczuwalne przez ludno\u015b\u0107 tak\u017ce 20 pa\u017adziernika, r\u00f3wnie\u017c wczesnym rankiem, o magnitudzie 2,2 i intensywno\u015bci III, czyli lekkiej.<\/p>\n\n\n\n<figure class=\"wp-block-image size-large\"><img fetchpriority=\"high\" decoding=\"async\" width=\"1024\" height=\"577\" src=\"https:\/\/nakanarach.pl\/wp-content\/uploads\/2025\/10\/Agaete-ulica_11zon-1024x577.jpg\" alt=\"\" class=\"wp-image-11939\" srcset=\"https:\/\/nakanarach.pl\/wp-content\/uploads\/2025\/10\/Agaete-ulica_11zon-1024x577.jpg 1024w, https:\/\/nakanarach.pl\/wp-content\/uploads\/2025\/10\/Agaete-ulica_11zon-300x169.jpg 300w, https:\/\/nakanarach.pl\/wp-content\/uploads\/2025\/10\/Agaete-ulica_11zon-768x432.jpg 768w, https:\/\/nakanarach.pl\/wp-content\/uploads\/2025\/10\/Agaete-ulica_11zon-1536x865.jpg 1536w, https:\/\/nakanarach.pl\/wp-content\/uploads\/2025\/10\/Agaete-ulica_11zon-2048x1153.jpg 2048w\" sizes=\"(max-width: 1024px) 100vw, 1024px\" \/><\/figure>\n\n\n\n<p>Wed\u0142ug raportu National Geographic Institute (IGN) poprzedni powa\u017cny wstrz\u0105s by\u0142 na Gran Canarii we wrze\u015bniu 2024 r. na g\u0142\u0119boko\u015bci 20 kilometr\u00f3w i by\u0142 odczuwalny na wi\u0119kszo\u015bci obszaru p\u00f3\u0142nocnej cz\u0119\u015bci tej wyspy, osi\u0105gaj\u0105c intensywno\u015b\u0107 IV w Europejskiej Skali Makrosejsmicznej. Pojawi\u0142 si\u0119 u wybrze\u017cy w pobli\u017cu miejscowo\u015bci Santa Mar\u00eda de Gu\u00eda, gdzie odnotowano trz\u0119sienie ziemi o magnitudzie 3,8. By\u0142o odczuwalne, w zale\u017cno\u015bci od stopnia intensywno\u015bci jedynie w p\u00f3\u0142nocnej i wschodniej cz\u0119\u015bci wyspy.&nbsp;<\/p>\n\n\n\n<p>Dr\u017cenie o sile od 3 w skali Richtera mo\u017ce by\u0107 odczuwalne w pomieszczeniach, zw\u0142aszcza na wy\u017cszych pi\u0119trach budynk\u00f3w, ale wiele os\u00f3b nie kojarzy tego faktu z trz\u0119sieniem ziemi. Zaparkowane pojazdy mog\u0105 si\u0119 w\u00f3wczas lekko porusza\u0107. Wibracje s\u0105 takie, jak te spowodowane przejazdem ci\u0119\u017ckich pojazd\u00f3w. Dopiero od 4 stopnia wzwy\u017c w skali Richtera skutki trz\u0119sienia ziemi mog\u0105 by\u0107 bardziej odczuwalne przez ludzi powodowa\u0107 powa\u017cniejsze zniszczenia budynk\u00f3w. Jednak do tej pory do s\u0142u\u017cb nie wp\u0142yn\u0119\u0142y w ostatnim czasie \u017cadne zg\u0142oszenia o ewentualnych szkodach wywo\u0142anych trzesieniem ziemi. <\/p>\n\n\n\n<p>Jak wcze\u015bniej informowali\u015bmy w drugiej po\u0142owie pa\u017adziernika 2025 r. trz\u0119sienie ziemi o sile 3,2 w skali Richtera by\u0142o&nbsp;odczuwalne w znanych turystycznych miejscowo\u015bciach na po\u0142udniu Teneryfy: Granadilla de Abona, Fasnia i San Miguel de Abona. <\/p>\n\n\n\n<p>W ostatnich kilku tygodniach dotychczas najwi\u0119kszy wstrz\u0105s o magnitudzie 3,4 w skali Richtera zosta\u0142 zarejestrowany 18 pa\u017adziernika o godzinie 20:17 przez Narodowy Instytut Geograficzny (IGN) na g\u0142\u0119boko\u015bci 29 kilometr\u00f3w pod powierzchni\u0105 Oceanu Atlantyckiego. W\u00f3wczas trz\u0119sienie ziemi by\u0142o odczuwalne w kilku popularnych w\u015br\u00f3d turyst\u00f3w miejscowo\u015bciach: La Orotava, La Laguna i Los Realejos. Wstrz\u0105sy te s\u0105 cz\u0119\u015bci\u0105 trwaj\u0105cej ju\u017c od 16 pa\u017adziernika serii wstrz\u0105s\u00f3w sejsmicznych rejestrowanych u wybrze\u017cy Fasnia w po\u0142udniowo-wschodniej cz\u0119\u015bci Teneryfy.<\/p>\n\n\n\n<p>IGN nadal monitoruje aktywno\u015b\u0107 sejsmiczn\u0105 wok\u00f3\u0142 wysp. Takie wstrz\u0105sy o ma\u0142ej magnitudzie s\u0105 stosunkowo cz\u0119ste na Wyspach Kanaryjskich, kt\u00f3re le\u017c\u0105 w regionie aktywno\u015bci wulkanicznej i tektonicznej.<\/p>\n\n\n\n<p>Foto. NaKanarach.pl<\/p>\n","protected":false},"excerpt":{"rendered":"<p>GRAN CANARIA\/TENERYFA: Od niemal miesi\u0105ca na Wyspach Kanaryjskich wyst\u0119puj\u0105 trz\u0119sienia ziemi, kt\u00f3re g\u0142\u00f3wnie by\u0142y odczuwalne na Teneryfie. Tym razem pojawi\u0142o si\u0119 na s\u0105siedniej Gran Canarii z maksymaln\u0105 intensywno\u015bci\u0105 IV i V stopnia. Po roju sejsmicznym odczuwalnym r\u00f3wnie\u017c w centrum i na szczycie wyspy, nast\u0105pi\u0142 drugi, s\u0142abszy wstrz\u0105s. Do trzesienia ziemi dosz\u0142o w nocy w licznie [&hellip;]<\/p>\n","protected":false},"author":4,"featured_media":11938,"comment_status":"closed","ping_status":"open","sticky":false,"template":"","format":"standard","meta":{"om_disable_all_campaigns":false,"_monsterinsights_skip_tracking":false,"_monsterinsights_sitenote_active":false,"_monsterinsights_sitenote_note":"","_monsterinsights_sitenote_category":0,"footnotes":""},"categories":[12],"tags":[],"class_list":["post-11937","post","type-post","status-publish","format-standard","has-post-thumbnail","hentry","category-aktualnosci"],"aioseo_notices":[],"blog_post_layout_featured_media_urls":{"thumbnail":["https:\/\/nakanarach.pl\/wp-content\/uploads\/2025\/10\/Agaete_11zon-150x150.jpg",150,150,true],"full":["https:\/\/nakanarach.pl\/wp-content\/uploads\/2025\/10\/Agaete_11zon-scaled.jpg",1441,2560,false]},"categories_names":{"12":{"name":"Aktualno\u015bci","link":"https:\/\/nakanarach.pl\/index.php\/category\/aktualnosci\/"}},"tags_names":[],"comments_number":"0","wpmagazine_modules_lite_featured_media_urls":{"thumbnail":["https:\/\/nakanarach.pl\/wp-content\/uploads\/2025\/10\/Agaete_11zon-150x150.jpg",150,150,true],"cvmm-medium":["https:\/\/nakanarach.pl\/wp-content\/uploads\/2025\/10\/Agaete_11zon-300x300.jpg",300,300,true],"cvmm-medium-plus":["https:\/\/nakanarach.pl\/wp-content\/uploads\/2025\/10\/Agaete_11zon-305x207.jpg",305,207,true],"cvmm-portrait":["https:\/\/nakanarach.pl\/wp-content\/uploads\/2025\/10\/Agaete_11zon-400x600.jpg",400,600,true],"cvmm-medium-square":["https:\/\/nakanarach.pl\/wp-content\/uploads\/2025\/10\/Agaete_11zon-600x600.jpg",600,600,true],"cvmm-large":["https:\/\/nakanarach.pl\/wp-content\/uploads\/2025\/10\/Agaete_11zon-1024x1024.jpg",1024,1024,true],"cvmm-small":["https:\/\/nakanarach.pl\/wp-content\/uploads\/2025\/10\/Agaete_11zon-130x95.jpg",130,95,true],"full":["https:\/\/nakanarach.pl\/wp-content\/uploads\/2025\/10\/Agaete_11zon-scaled.jpg",1441,2560,false]},"_links":{"self":[{"href":"https:\/\/nakanarach.pl\/index.php\/wp-json\/wp\/v2\/posts\/11937","targetHints":{"allow":["GET"]}}],"collection":[{"href":"https:\/\/nakanarach.pl\/index.php\/wp-json\/wp\/v2\/posts"}],"about":[{"href":"https:\/\/nakanarach.pl\/index.php\/wp-json\/wp\/v2\/types\/post"}],"author":[{"embeddable":true,"href":"https:\/\/nakanarach.pl\/index.php\/wp-json\/wp\/v2\/users\/4"}],"replies":[{"embeddable":true,"href":"https:\/\/nakanarach.pl\/index.php\/wp-json\/wp\/v2\/comments?post=11937"}],"version-history":[{"count":3,"href":"https:\/\/nakanarach.pl\/index.php\/wp-json\/wp\/v2\/posts\/11937\/revisions"}],"predecessor-version":[{"id":11956,"href":"https:\/\/nakanarach.pl\/index.php\/wp-json\/wp\/v2\/posts\/11937\/revisions\/11956"}],"wp:featuredmedia":[{"embeddable":true,"href":"https:\/\/nakanarach.pl\/index.php\/wp-json\/wp\/v2\/media\/11938"}],"wp:attachment":[{"href":"https:\/\/nakanarach.pl\/index.php\/wp-json\/wp\/v2\/media?parent=11937"}],"wp:term":[{"taxonomy":"category","embeddable":true,"href":"https:\/\/nakanarach.pl\/index.php\/wp-json\/wp\/v2\/categories?post=11937"},{"taxonomy":"post_tag","embeddable":true,"href":"https:\/\/nakanarach.pl\/index.php\/wp-json\/wp\/v2\/tags?post=11937"}],"curies":[{"name":"wp","href":"https:\/\/api.w.org\/{rel}","templated":true}]}}