{"id":11994,"date":"2025-11-06T06:50:17","date_gmt":"2025-11-06T06:50:17","guid":{"rendered":"https:\/\/nakanarach.pl\/?p=11994"},"modified":"2025-11-07T10:29:47","modified_gmt":"2025-11-07T10:29:47","slug":"zamkniete-plaze-z-powodu-oleistej-plamy","status":"publish","type":"post","link":"https:\/\/nakanarach.pl\/index.php\/2025\/11\/06\/zamkniete-plaze-z-powodu-oleistej-plamy\/","title":{"rendered":"ZAMKNI\u0118TE PLA\u017bE Z POWODU ZANIECZYSZCZENIA (AKTUALIZACJA)"},"content":{"rendered":"\n<p class=\"wp-block-paragraph\"><strong>GRAN CANARIA\/TENERYFA: Policja i ratownicy nakazuj\u0105 k\u0105pi\u0105cym si\u0119 natychmiastowe wychodzenie z Oceanu Atlantyckiego na terenie kilku zamkni\u0119tych pla\u017c w po\u0142udniowo-wschodniej cz\u0119\u015bci Gran Canarii. Powodem jest zanieczyszczenie wody i oleista plama, kt\u00f3ra przemieszcza si\u0119 w stron\u0119 s\u0142ynnych kurort\u00f3w w obszarze turystycznym Maspalomas. Ekolodzy ostrzegaj\u0105 przed zagro\u017ceniem dla zdrowia ludzi. Zamkni\u0119to te\u017c jedn\u0105 z pla\u017c na s\u0105siedniej Teneryfie. <\/strong><\/p>\n\n\n\n<p class=\"wp-block-paragraph\">Od 4 listopada zamkni\u0119te s\u0105 popularne pla\u017ce w kilku miejscowo\u015bciach: Melenara (Telde), Vargas (Ag\u00fcimes), Las Burras oraz San Agust\u00edn, czyli w popularnym kurorcie, licznie odwiedzanym tak\u017ce przez Polak\u00f3w, gdzie znajduje si\u0119 obszar turystyczny Maspalomas &#8211; odpowiednik polskiego Tr\u00f3jmiasta, na terenie gminy San Bartolom\u00e9 de Tirajana). Te miejsca dla niedost\u0119pne dla k\u0105pi\u0105cych si\u0119 z powodu wycieku, do kt\u00f3rego dosz\u0142o na wybrze\u017cu w pobli\u017cu Telde i rozprzestrzeni\u0142 si\u0119 na po\u0142udniowy-wsch\u00f3d wyspy, stanowi\u0105c powa\u017cne zagro\u017cenie dla najwi\u0119kszego na Gran Canarii obszaru turystycznego Maspalomas. Na pla\u017cach przestrzegania zakazu k\u0105pieli pilnuje policja. <\/p>\n\n\n\n<figure class=\"wp-block-embed is-type-video is-provider-tiktok wp-block-embed-tiktok\"><div class=\"wp-block-embed__wrapper\">\n<blockquote class=\"tiktok-embed\" cite=\"https:\/\/www.tiktok.com\/@madammaria_oslo\/video\/7569017479893355778\" data-video-id=\"7569017479893355778\" data-embed-from=\"oembed\" style=\"max-width:605px; min-width:325px;\"> <section> <a target=\"_blank\" title=\"@madammaria_oslo\" href=\"https:\/\/www.tiktok.com\/@madammaria_oslo?refer=embed\">@madammaria_oslo<\/a> <p>\ud83d\udc49 Playa de San Agust\u00edn  <a title=\"grancanaria\" target=\"_blank\" href=\"https:\/\/www.tiktok.com\/tag\/grancanaria?refer=embed\">#grancanaria<\/a> <a title=\"staysafe\" target=\"_blank\" href=\"https:\/\/www.tiktok.com\/tag\/staysafe?refer=embed\">#staysafe<\/a> <a title=\"thankyou\" target=\"_blank\" href=\"https:\/\/www.tiktok.com\/tag\/thankyou?refer=embed\">#thankyou<\/a> <a title=\"tiktoktravel\" target=\"_blank\" href=\"https:\/\/www.tiktok.com\/tag\/tiktoktravel?refer=embed\">#tiktoktravel<\/a> <a title=\"spain\ud83c\uddea\ud83c\uddf8\" target=\"_blank\" href=\"https:\/\/www.tiktok.com\/tag\/spain%F0%9F%87%AA%F0%9F%87%B8?refer=embed\">#spain\ud83c\uddea\ud83c\uddf8<\/a> <\/p> <a target=\"_blank\" title=\"\u266c original sound - madammaria_oslo\" href=\"https:\/\/www.tiktok.com\/music\/original-sound-7569017477783407382?refer=embed\">\u266c original sound &#8211; madammaria_oslo<\/a> <\/section> <\/blockquote> <script async src=\"https:\/\/www.tiktok.com\/embed.js\"><\/script>\n<\/div><\/figure>\n\n\n\n<p class=\"wp-block-paragraph\">Wed\u0142ug podejrze\u0144 \u017c\u00f3\u0142tawa, oleista plama mog\u0142a powsta\u0107 w wyniku masowego wymierania labraks\u00f3w (oko\u0144 morski &#8211; uznawany za najzdrowsz\u0105 ryb\u0119 na \u015bwiecie) z farmy rybnej, znajduj\u0105cej si\u0119 w pobli\u017cu Melenara i Salinetas, kt\u00f3ra jest obecnie kontrolowana przez  Sepron\u0119, (specjalistyczna jednostka Gwardii Cywilnej ds. ochrony \u015brodowiska), kt\u00f3ra dotar\u0142a ju\u017c do wybrze\u017ca Santa Luc\u00eda de Tirajana. <\/p>\n\n\n\n<p class=\"wp-block-paragraph\">6 listopada s\u0142u\u017cby sanitarne ponownie oceni\u0105, czy mo\u017cna pozwoli\u0107 w najbli\u017cszych kilku dniach na k\u0105piel w oceanie, chocia\u017c stwierdzono, \u017ce sytuacja uleg\u0142a znacznej poprawie. Trwa r\u00f3wnie\u017c intensywna akcja maj\u0105ca na celu przywr\u00f3cenie stanu wybrze\u017ca.<\/p>\n\n\n\n<p class=\"wp-block-paragraph\">Na razie nie s\u0105 znane dok\u0142adne przyczyny ani pochodzenie oleistej plamy, kt\u00f3ra rozci\u0105ga si\u0119 na znacznej cz\u0119\u015bci wybrze\u017ca wschodniej i po\u0142udniowej cz\u0119\u015bci wyspy i sk\u0142ada si\u0119 g\u0142\u00f3wnie z rozk\u0142adaj\u0105cych si\u0119 szcz\u0105tk\u00f3w ryb i paszy.<\/p>\n\n\n\n<p class=\"wp-block-paragraph\">Gwardia Cywilna prowadzi \u015bledztwo w celu wyja\u015bnienia przyczyn masowej \u015bmierci labraks\u00f3w w klatkach znajduj\u0105cych si\u0119 u wybrze\u017cy Melenara. Czeka na wyniki po przes\u0142aniu pr\u00f3bek do laboratorium.<\/p>\n\n\n\n<p class=\"wp-block-paragraph\">Firma Aquanaria zg\u0142osi\u0142a do Seprony i prokuratury ds. \u015brodowiska, \u017ce wyciek \u201eo charakterze chemicznym\u201d z miejskiego odp\u0142ywu podwodnego nr 222, kt\u00f3ry spowodowa\u0142 \u015bmier\u0107 40% produkcji. Wed\u0142ug firmy wyciek, wykryty zosta\u0142 ju\u017c 3 pa\u017adziernika przez lokalnego rybaka i do tej pory spowodowa\u0142 \u015bmier\u0107 ponad 500 ton ryb i bezpo\u015brednie straty przekraczaj\u0105ce 15 milion\u00f3w euro.<\/p>\n\n\n\n<p class=\"wp-block-paragraph\">Grupa ekologiczna Turc\u00f3n domaga si\u0119 utworzenia sztabu kryzysowego, kt\u00f3ry koordynowa\u0142by niezale\u017cne dochodzenie w sprawie \u017ar\u00f3d\u0142a i skali zanieczyszczenia, a tak\u017ce planowa\u0142by \u015brodki zapobiegawcze i ochronne dla mieszka\u0144c\u00f3w. Kolektyw ostrzega przed zagro\u017ceniem dla zdrowia publicznego po otrzymaniu zezna\u0144 od k\u0105pi\u0105cych si\u0119, kt\u00f3rzy po kontakcie z wod\u0105 cierpieli na infekcje sk\u00f3ry, zapalenie ucha i zapalenie \u017co\u0142\u0105dka i jelit. 5 listopada ekolodzy poinformowali na Facebook&#8217;u, \u017ce zauwa\u017cyli kolejny wyciek i zanieczyszczenie na pla\u017cy.  <\/p>\n\n\n\n<figure class=\"wp-block-image size-full\"><img fetchpriority=\"high\" decoding=\"async\" width=\"900\" height=\"507\" src=\"https:\/\/nakanarach.pl\/wp-content\/uploads\/2025\/11\/Wyciek-znieczyszczenie-Turcon.jpg\" alt=\"\" class=\"wp-image-11996\" srcset=\"https:\/\/nakanarach.pl\/wp-content\/uploads\/2025\/11\/Wyciek-znieczyszczenie-Turcon.jpg 900w, https:\/\/nakanarach.pl\/wp-content\/uploads\/2025\/11\/Wyciek-znieczyszczenie-Turcon-300x169.jpg 300w, https:\/\/nakanarach.pl\/wp-content\/uploads\/2025\/11\/Wyciek-znieczyszczenie-Turcon-768x433.jpg 768w\" sizes=\"(max-width: 900px) 100vw, 900px\" \/><\/figure>\n\n\n\n<p class=\"wp-block-paragraph\">Wed\u0142ug doniesie\u0144, w ostatnich dniach w r\u00f3\u017cnych obszarach wybrze\u017ca zaobserwowano wod\u0119 o oleistym wygl\u0105dzie, nieprzyjemnym zapachu i p\u0142ywaj\u0105ce odpady, o cechach podobnych do tych wykrytych w Salinetas, Melenara i Ojos de Garza. Twierdzi si\u0119, \u017ce \u201enie jest to przypadkowe zanieczyszczenie\u201d, ale ci\u0105g\u0142e zanieczyszczenie zwi\u0105zane z klatkami morskimi na terenie farmy rybnej. <\/p>\n\n\n\n<p class=\"has-white-color has-vivid-red-background-color has-text-color has-background has-link-color wp-elements-1 wp-block-paragraph\"><strong>AKTUALIZACJA 7.11.2025<\/strong><\/p>\n\n\n\n<p class=\"wp-block-paragraph\">Pla\u017ca Los Guanches w miejscowo\u015bci Candelaria na s\u0105siedniej Teneryfie zosta\u0142a tymczasowo zamkni\u0119ta po wykryciu wysokiego poziomu zanieczyszczenia wody.<\/p>\n\n\n\n<p class=\"wp-block-paragraph\">W\u0142adze lokalne nakaza\u0142y natychmiastowe zamkni\u0119cie k\u0105pieliska ze wzgl\u0119d\u00f3w bezpiecze\u0144stwa i odgrodzi\u0142y teren, aby przeprowadzi\u0107 badania jako\u015bci wody i ustali\u0107, czy k\u0105piel w niej jest bezpieczna.<\/p>\n\n\n\n<p class=\"wp-block-paragraph\">Wed\u0142ug Aqualia, firmy odpowiedzialnej za gospodark\u0119 wodn\u0105 w gminie, wst\u0119pne badania wskazuj\u0105, \u017ce wyciek mo\u017ce by\u0107 zwi\u0105zany z odpadami budowlanymi znalezionymi niedawno w sieci kanalizacyjnej, chocia\u017c \u017ar\u00f3d\u0142o tych materia\u0142\u00f3w pozostaje nieznane.<\/p>\n\n\n\n<p class=\"wp-block-paragraph\">Problem prawdopodobnie pog\u0142\u0119bi\u0142o nagromadzenie odpad\u00f3w sta\u0142ych, w szczeg\u00f3lno\u015bci chusteczek nawil\u017canych, kt\u00f3re spowodowa\u0142y zablokowanie systemu i doprowadzi\u0142y do wycieku.<\/p>\n\n\n\n<figure class=\"wp-block-image size-full\"><img decoding=\"async\" width=\"900\" height=\"923\" src=\"https:\/\/nakanarach.pl\/wp-content\/uploads\/2025\/11\/Zaniezcyszczenie-oceanu-foto-Ayto.webp\" alt=\"\" class=\"wp-image-12023\" srcset=\"https:\/\/nakanarach.pl\/wp-content\/uploads\/2025\/11\/Zaniezcyszczenie-oceanu-foto-Ayto.webp 900w, https:\/\/nakanarach.pl\/wp-content\/uploads\/2025\/11\/Zaniezcyszczenie-oceanu-foto-Ayto-293x300.webp 293w, https:\/\/nakanarach.pl\/wp-content\/uploads\/2025\/11\/Zaniezcyszczenie-oceanu-foto-Ayto-768x788.webp 768w\" sizes=\"(max-width: 900px) 100vw, 900px\" \/><\/figure>\n\n\n\n<p class=\"wp-block-paragraph\">Departament Zdrowia pobiera obecnie pr\u00f3bki w celu analizy stanu wody. Pla\u017ca pozostanie zamkni\u0119ta do czasu potwierdzenia przez w\u0142adze, \u017ce nie ma zagro\u017cenia dla zdrowia k\u0105pi\u0105cych si\u0119.<\/p>\n\n\n\n<p class=\"wp-block-paragraph\">W\u0142adze miasta Candelaria ponownie wezwa\u0142y mieszka\u0144c\u00f3w i turyst\u00f3w, aby nie wyrzucali chusteczek ani innych materia\u0142\u00f3w do toalety, ostrzegaj\u0105c, \u017ce takie dzia\u0142ania maj\u0105 zar\u00f3wno konsekwencje \u015brodowiskowe, jak i ekonomiczne. Przedmioty te zwi\u0119kszaj\u0105 koszty utrzymania sieci kanalizacyjnej i mog\u0105 powodowa\u0107 zdarzenia maj\u0105ce wp\u0142yw na obszary publiczne, w tym pla\u017ce.<\/p>\n\n\n\n<p class=\"wp-block-paragraph\"><strong>ZOBACZ NASZ ARTYKU\u0141 na najwi\u0119kszym polskim portalu Wirtualna Polska: <\/strong><\/p>\n\n\n\n<p class=\"wp-block-paragraph\"><a href=\"https:\/\/turystyka.wp.pl\/s\/nakanarach-pl\/kilka-plaz-zamknietych-przy-brzegu-wielka-plama-pelna-rozkladajacych-sie-szczatkow-7218935680686880a\">https:\/\/turystyka.wp.pl\/s\/nakanarach-pl\/kilka-plaz-zamknietych-przy-brzegu-wielka-plama-pelna-rozkladajacych-sie-szczatkow-7218935680686880a<\/a><\/p>\n\n\n\n<p class=\"wp-block-paragraph\">Foto: Facebook\/Colectivo Turc\u00f3n Ecologistas en Acci\u00f3n, Ayuntamiento de Candelaria<\/p>\n","protected":false},"excerpt":{"rendered":"<p>GRAN CANARIA\/TENERYFA: Policja i ratownicy nakazuj\u0105 k\u0105pi\u0105cym si\u0119 natychmiastowe wychodzenie z Oceanu Atlantyckiego na terenie kilku zamkni\u0119tych pla\u017c w po\u0142udniowo-wschodniej cz\u0119\u015bci Gran Canarii. Powodem jest zanieczyszczenie wody i oleista plama, kt\u00f3ra przemieszcza si\u0119 w stron\u0119 s\u0142ynnych kurort\u00f3w w obszarze turystycznym Maspalomas. Ekolodzy ostrzegaj\u0105 przed zagro\u017ceniem dla zdrowia ludzi. Zamkni\u0119to te\u017c jedn\u0105 z pla\u017c na s\u0105siedniej [&hellip;]<\/p>\n","protected":false},"author":4,"featured_media":11995,"comment_status":"closed","ping_status":"open","sticky":false,"template":"","format":"standard","meta":{"om_disable_all_campaigns":false,"_monsterinsights_skip_tracking":false,"_monsterinsights_sitenote_active":false,"_monsterinsights_sitenote_note":"","_monsterinsights_sitenote_category":0,"footnotes":""},"categories":[12],"tags":[],"class_list":["post-11994","post","type-post","status-publish","format-standard","has-post-thumbnail","hentry","category-aktualnosci"],"aioseo_notices":[],"blog_post_layout_featured_media_urls":{"thumbnail":["https:\/\/nakanarach.pl\/wp-content\/uploads\/2025\/11\/Wyciek-zanieczyszczenie-ocean-Colectivo-Turcon-150x150.jpg",150,150,true],"full":["https:\/\/nakanarach.pl\/wp-content\/uploads\/2025\/11\/Wyciek-zanieczyszczenie-ocean-Colectivo-Turcon.jpg",900,506,false]},"categories_names":{"12":{"name":"Aktualno\u015bci","link":"https:\/\/nakanarach.pl\/index.php\/category\/aktualnosci\/"}},"tags_names":[],"comments_number":"0","wpmagazine_modules_lite_featured_media_urls":{"thumbnail":["https:\/\/nakanarach.pl\/wp-content\/uploads\/2025\/11\/Wyciek-zanieczyszczenie-ocean-Colectivo-Turcon-150x150.jpg",150,150,true],"cvmm-medium":["https:\/\/nakanarach.pl\/wp-content\/uploads\/2025\/11\/Wyciek-zanieczyszczenie-ocean-Colectivo-Turcon-300x300.jpg",300,300,true],"cvmm-medium-plus":["https:\/\/nakanarach.pl\/wp-content\/uploads\/2025\/11\/Wyciek-zanieczyszczenie-ocean-Colectivo-Turcon-305x207.jpg",305,207,true],"cvmm-portrait":["https:\/\/nakanarach.pl\/wp-content\/uploads\/2025\/11\/Wyciek-zanieczyszczenie-ocean-Colectivo-Turcon-400x506.jpg",400,506,true],"cvmm-medium-square":["https:\/\/nakanarach.pl\/wp-content\/uploads\/2025\/11\/Wyciek-zanieczyszczenie-ocean-Colectivo-Turcon-600x506.jpg",600,506,true],"cvmm-large":["https:\/\/nakanarach.pl\/wp-content\/uploads\/2025\/11\/Wyciek-zanieczyszczenie-ocean-Colectivo-Turcon.jpg",900,506,false],"cvmm-small":["https:\/\/nakanarach.pl\/wp-content\/uploads\/2025\/11\/Wyciek-zanieczyszczenie-ocean-Colectivo-Turcon-130x95.jpg",130,95,true],"full":["https:\/\/nakanarach.pl\/wp-content\/uploads\/2025\/11\/Wyciek-zanieczyszczenie-ocean-Colectivo-Turcon.jpg",900,506,false]},"_links":{"self":[{"href":"https:\/\/nakanarach.pl\/index.php\/wp-json\/wp\/v2\/posts\/11994","targetHints":{"allow":["GET"]}}],"collection":[{"href":"https:\/\/nakanarach.pl\/index.php\/wp-json\/wp\/v2\/posts"}],"about":[{"href":"https:\/\/nakanarach.pl\/index.php\/wp-json\/wp\/v2\/types\/post"}],"author":[{"embeddable":true,"href":"https:\/\/nakanarach.pl\/index.php\/wp-json\/wp\/v2\/users\/4"}],"replies":[{"embeddable":true,"href":"https:\/\/nakanarach.pl\/index.php\/wp-json\/wp\/v2\/comments?post=11994"}],"version-history":[{"count":8,"href":"https:\/\/nakanarach.pl\/index.php\/wp-json\/wp\/v2\/posts\/11994\/revisions"}],"predecessor-version":[{"id":12034,"href":"https:\/\/nakanarach.pl\/index.php\/wp-json\/wp\/v2\/posts\/11994\/revisions\/12034"}],"wp:featuredmedia":[{"embeddable":true,"href":"https:\/\/nakanarach.pl\/index.php\/wp-json\/wp\/v2\/media\/11995"}],"wp:attachment":[{"href":"https:\/\/nakanarach.pl\/index.php\/wp-json\/wp\/v2\/media?parent=11994"}],"wp:term":[{"taxonomy":"category","embeddable":true,"href":"https:\/\/nakanarach.pl\/index.php\/wp-json\/wp\/v2\/categories?post=11994"},{"taxonomy":"post_tag","embeddable":true,"href":"https:\/\/nakanarach.pl\/index.php\/wp-json\/wp\/v2\/tags?post=11994"}],"curies":[{"name":"wp","href":"https:\/\/api.w.org\/{rel}","templated":true}]}}