{"id":12049,"date":"2025-11-08T09:22:24","date_gmt":"2025-11-08T09:22:24","guid":{"rendered":"https:\/\/nakanarach.pl\/?p=12049"},"modified":"2025-11-09T09:40:47","modified_gmt":"2025-11-09T09:40:47","slug":"ewakucja-dzieci-z-obozu","status":"publish","type":"post","link":"https:\/\/nakanarach.pl\/index.php\/2025\/11\/08\/ewakucja-dzieci-z-obozu\/","title":{"rendered":"EWAKUACJA DZIECI Z OBOZU"},"content":{"rendered":"\n<p><strong>TENERYFA: Policja i stra\u017cacy wyja\u015bniaj\u0105 przyczyny dramatycznego po\u017caru na po\u0142udniu kanaryjskiej Teneryfy.  Z tego powodu ewakuowano 23 dzieci i dw\u00f3ch doros\u0142ych z g\u00f3rskiego obozu Madre del Agua w Granadilla de Abona na Teneryfie, <\/strong><\/p>\n\n\n\n<p>Teneryfa w\u0142a\u015bnie do\u015bwiadczy\u0142a najgor\u0119tszego pocz\u0105tku listopada od momentu prowadzenia pomiar\u00f3w w 1941 r., a 4 listopada 2025 r. temperatura osi\u0105gn\u0119\u0142a na tej najwi\u0119kszej wyspie archipelagu rekordowy poziom 33,0 stopnie Celsjusza w stacji meteorologicznej na lotnisku Teneryfa P\u00f3\u0142noc. W lasach na Wyspach Kanaryjskich panuje susza i wprowadzono alert po\u017carowy. Kilka dni p\u00f3\u017aniej w lesie na upalnym po\u0142udniu wyspy dosz\u0142o do dramatycznego po\u017caru. <\/p>\n\n\n\n<p>Stra\u017cacy informuj\u0105, \u017ce p\u0142omienie strawi\u0142y jedn\u0105 z drewnianych chat i rozprzestrzeni\u0142y si\u0119 na pobliskie drzewa, co mog\u0142a spowodowa\u0107 po\u017car lasu, co przy wyj\u0105tkowo wysokich temperaturach jest bardzo realne. <\/p>\n\n\n\n<p>Wczesnym rankiem, 7 listopada 2025 r. uczestnik\u00f3w obozu ze snu wyrwa\u0142 po\u017car. Centrum Koordynacji Kryzysowej Wysp Kanaryjskich (CECOES 112) otrzyma\u0142o zg\u0142oszenia z obozu wypoczynkowego. Stra\u017cacy z z Teneryfy, wspierani przez lokaln\u0105 policj\u0119, Gwardi\u0119 Cywiln\u0105 i funkcjonariuszy le\u015bnictwa, po\u015bpieszyli do odleg\u0142ego obszaru le\u015bnego i walczyli z p\u0142omieniami w g\u0119stym dymie i trudnym terenie.<\/p>\n\n\n\n<p>Jedna z chat zosta\u0142a ca\u0142kowicie zniszczona, a wysoka kolumna dymu by\u0142a widoczna z odleg\u0142o\u015bci kilku kilometr\u00f3w. Ekipy ratownicze pracowa\u0142y przez ca\u0142y poranek, aby opanowa\u0107 sytuacj\u0119, a w\u0142adze potwierdzi\u0142y, \u017ce nie ma ofiar i nie ma ryzyka rozprzestrzenienia si\u0119 ognia na okoliczny las sosnowy.<\/p>\n\n\n\n<figure class=\"wp-block-image size-large\"><img fetchpriority=\"high\" decoding=\"async\" width=\"1024\" height=\"768\" src=\"https:\/\/nakanarach.pl\/wp-content\/uploads\/2025\/11\/Pozar-w-obozie-FB-Bomberos-de-Tenerife-1024x768.jpg\" alt=\"\" class=\"wp-image-12051\" srcset=\"https:\/\/nakanarach.pl\/wp-content\/uploads\/2025\/11\/Pozar-w-obozie-FB-Bomberos-de-Tenerife-1024x768.jpg 1024w, https:\/\/nakanarach.pl\/wp-content\/uploads\/2025\/11\/Pozar-w-obozie-FB-Bomberos-de-Tenerife-300x225.jpg 300w, https:\/\/nakanarach.pl\/wp-content\/uploads\/2025\/11\/Pozar-w-obozie-FB-Bomberos-de-Tenerife-768x576.jpg 768w, https:\/\/nakanarach.pl\/wp-content\/uploads\/2025\/11\/Pozar-w-obozie-FB-Bomberos-de-Tenerife-136x102.jpg 136w, https:\/\/nakanarach.pl\/wp-content\/uploads\/2025\/11\/Pozar-w-obozie-FB-Bomberos-de-Tenerife.jpg 1440w\" sizes=\"(max-width: 1024px) 100vw, 1024px\" \/><\/figure>\n\n\n\n<p>Wszyscy ewakuowani zostali bezpiecznie przeniesieni w bezpieczne miejsce, podczas gdy stra\u017cacy gasili pozosta\u0142e ogniska po\u017caru i badali przyczyny po\u017caru. Wst\u0119pne ustalenia wskazuj\u0105, \u017ce m\u00f3g\u0142 to by\u0107 wypadek, ale \u015bledztwo pozostaje otwarte.<\/p>\n\n\n\n<p>Ob\u00f3z Madre del Agua, po\u0142o\u017cony wysoko w g\u00f3rach nad Granadill\u0105 w pobli\u017cu Vilaflor, jest jednym z najbardziej znanych o\u015brodk\u00f3w edukacji plenerowej na Teneryfie, regularnie go\u015bci wycieczki szkolne i grupy m\u0142odzie\u017cowe, kt\u00f3re uczestnicz\u0105 w zaj\u0119ciach zwi\u0105zanych z ochron\u0105 \u015brodowiska i przygod\u0105. Otoczony chronionym lasem w ramach Parku Narodowego Corona Forestal, o\u015brodek jest zarz\u0105dzany przez Rad\u0119 Teneryfy (Cabildo de Tenerife) w ramach sieci edukacji ekologicznej.<\/p>\n\n\n\n<p>Foto: Facebook\/Bomberos de Tenerife<\/p>\n","protected":false},"excerpt":{"rendered":"<p>TENERYFA: Policja i stra\u017cacy wyja\u015bniaj\u0105 przyczyny dramatycznego po\u017caru na po\u0142udniu kanaryjskiej Teneryfy. Z tego powodu ewakuowano 23 dzieci i dw\u00f3ch doros\u0142ych z g\u00f3rskiego obozu Madre del Agua w Granadilla de Abona na Teneryfie, Teneryfa w\u0142a\u015bnie do\u015bwiadczy\u0142a najgor\u0119tszego pocz\u0105tku listopada od momentu prowadzenia pomiar\u00f3w w 1941 r., a 4 listopada 2025 r. temperatura osi\u0105gn\u0119\u0142a na tej [&hellip;]<\/p>\n","protected":false},"author":4,"featured_media":12052,"comment_status":"closed","ping_status":"open","sticky":false,"template":"","format":"standard","meta":{"om_disable_all_campaigns":false,"_monsterinsights_skip_tracking":false,"_monsterinsights_sitenote_active":false,"_monsterinsights_sitenote_note":"","_monsterinsights_sitenote_category":0,"footnotes":""},"categories":[12,78],"tags":[],"class_list":["post-12049","post","type-post","status-publish","format-standard","has-post-thumbnail","hentry","category-aktualnosci","category-interwencje"],"aioseo_notices":[],"blog_post_layout_featured_media_urls":{"thumbnail":["https:\/\/nakanarach.pl\/wp-content\/uploads\/2025\/11\/Pozar-w-obozie-2-FB-Bomberos-de-Tenerife-1-150x150.jpg",150,150,true],"full":["https:\/\/nakanarach.pl\/wp-content\/uploads\/2025\/11\/Pozar-w-obozie-2-FB-Bomberos-de-Tenerife-1.jpg",1440,1080,false]},"categories_names":{"12":{"name":"Aktualno\u015bci","link":"https:\/\/nakanarach.pl\/index.php\/category\/aktualnosci\/"},"78":{"name":"Interwencje","link":"https:\/\/nakanarach.pl\/index.php\/category\/interwencje\/"}},"tags_names":[],"comments_number":"0","wpmagazine_modules_lite_featured_media_urls":{"thumbnail":["https:\/\/nakanarach.pl\/wp-content\/uploads\/2025\/11\/Pozar-w-obozie-2-FB-Bomberos-de-Tenerife-1-150x150.jpg",150,150,true],"cvmm-medium":["https:\/\/nakanarach.pl\/wp-content\/uploads\/2025\/11\/Pozar-w-obozie-2-FB-Bomberos-de-Tenerife-1-300x300.jpg",300,300,true],"cvmm-medium-plus":["https:\/\/nakanarach.pl\/wp-content\/uploads\/2025\/11\/Pozar-w-obozie-2-FB-Bomberos-de-Tenerife-1-305x207.jpg",305,207,true],"cvmm-portrait":["https:\/\/nakanarach.pl\/wp-content\/uploads\/2025\/11\/Pozar-w-obozie-2-FB-Bomberos-de-Tenerife-1-400x600.jpg",400,600,true],"cvmm-medium-square":["https:\/\/nakanarach.pl\/wp-content\/uploads\/2025\/11\/Pozar-w-obozie-2-FB-Bomberos-de-Tenerife-1-600x600.jpg",600,600,true],"cvmm-large":["https:\/\/nakanarach.pl\/wp-content\/uploads\/2025\/11\/Pozar-w-obozie-2-FB-Bomberos-de-Tenerife-1-1024x1024.jpg",1024,1024,true],"cvmm-small":["https:\/\/nakanarach.pl\/wp-content\/uploads\/2025\/11\/Pozar-w-obozie-2-FB-Bomberos-de-Tenerife-1-130x95.jpg",130,95,true],"full":["https:\/\/nakanarach.pl\/wp-content\/uploads\/2025\/11\/Pozar-w-obozie-2-FB-Bomberos-de-Tenerife-1.jpg",1440,1080,false]},"_links":{"self":[{"href":"https:\/\/nakanarach.pl\/index.php\/wp-json\/wp\/v2\/posts\/12049","targetHints":{"allow":["GET"]}}],"collection":[{"href":"https:\/\/nakanarach.pl\/index.php\/wp-json\/wp\/v2\/posts"}],"about":[{"href":"https:\/\/nakanarach.pl\/index.php\/wp-json\/wp\/v2\/types\/post"}],"author":[{"embeddable":true,"href":"https:\/\/nakanarach.pl\/index.php\/wp-json\/wp\/v2\/users\/4"}],"replies":[{"embeddable":true,"href":"https:\/\/nakanarach.pl\/index.php\/wp-json\/wp\/v2\/comments?post=12049"}],"version-history":[{"count":2,"href":"https:\/\/nakanarach.pl\/index.php\/wp-json\/wp\/v2\/posts\/12049\/revisions"}],"predecessor-version":[{"id":12059,"href":"https:\/\/nakanarach.pl\/index.php\/wp-json\/wp\/v2\/posts\/12049\/revisions\/12059"}],"wp:featuredmedia":[{"embeddable":true,"href":"https:\/\/nakanarach.pl\/index.php\/wp-json\/wp\/v2\/media\/12052"}],"wp:attachment":[{"href":"https:\/\/nakanarach.pl\/index.php\/wp-json\/wp\/v2\/media?parent=12049"}],"wp:term":[{"taxonomy":"category","embeddable":true,"href":"https:\/\/nakanarach.pl\/index.php\/wp-json\/wp\/v2\/categories?post=12049"},{"taxonomy":"post_tag","embeddable":true,"href":"https:\/\/nakanarach.pl\/index.php\/wp-json\/wp\/v2\/tags?post=12049"}],"curies":[{"name":"wp","href":"https:\/\/api.w.org\/{rel}","templated":true}]}}