{"id":12323,"date":"2025-12-12T08:22:15","date_gmt":"2025-12-12T08:22:15","guid":{"rendered":"https:\/\/nakanarach.pl\/?p=12323"},"modified":"2025-12-12T11:01:43","modified_gmt":"2025-12-12T11:01:43","slug":"dzikich-lokatorow-usinieto-z-hotelu-i-domu-video","status":"publish","type":"post","link":"https:\/\/nakanarach.pl\/index.php\/2025\/12\/12\/dzikich-lokatorow-usinieto-z-hotelu-i-domu-video\/","title":{"rendered":"DZIKICH LOKATOR\u00d3W USUNI\u0118TO Z HOTELU I DOMU (VIDEO)"},"content":{"rendered":"\n<p><strong>TENERYFA: Prawie 300 dzikich lokatr\u00f3w &#8211; niemal po roku stara\u0144 w\u0142a\u015bcicieli &#8211; wyprowadzi\u0142o si\u0119 z opuszczonego<\/strong> <strong>hotelu na najwi\u0119kszej kanaryjskiej wyspie. Gwardia Cywilna wyprowadzi\u0142a nielegalnych mieszka\u0144c\u00f3w, kt\u00f3rzy nakazem s\u0105du mieli dobrowolnie opu\u015bci\u0107 budynek<\/strong> <strong>do 10 grudnia 2025 r. Niekt\u00f3rzy jednak tego nie uczynili i nadal chcieli \u017cy\u0107 na cudzy koszt. Niedawno wyrzucono tak\u017ce squaterss\u00f3w z domu 75-letniej kobiety na tej samej wyspie. W\u0142adze Hiszpanii, kt\u00f3re wcze\u015bniej g\u0142osowa\u0142y przeciwko zmianie abstrakcyjnych przepis\u00f3w, teraz zamierzaj\u0105 jeszcze bardziej zaostrzy\u0107 prawo o tzw. ocupas. <\/strong><\/p>\n\n\n\n<p>To by\u0142a spektakularna akcja Gwardii Cywilnej. 10 grudnia 2025 r. funkcjonariusze musieli si\u0142owo wej\u015b\u0107 do niekt\u00f3rych hotelowych pokoi obiektu Callao Sport, co pokaz\u0142a Telewizja Canaria.<\/p>\n\n\n\n<p>Wed\u0142ug Gwardii Cywilnej, gdy funkcjonariusze przybyli na miejsce prawie wszyscy z 300 lokator\u00f3w ju\u017c opu\u015bcili dobrowolnie budynek, a w \u015brodku pozosta\u0142o tylko sze\u015bciu lub siedmiu nielegalnych mieszka\u0144c\u00f3w.<\/p>\n\n\n\n<figure class=\"wp-block-embed is-type-video is-provider-youtube wp-block-embed-youtube wp-embed-aspect-16-9 wp-has-aspect-ratio\"><div class=\"wp-block-embed__wrapper\">\n<iframe title=\"Desalojo en el Hotel Callao Sport ocupado hace casi un a\u00f1o\" width=\"640\" height=\"360\" src=\"https:\/\/www.youtube.com\/embed\/YJIercer6-U?start=40&#038;feature=oembed\" frameborder=\"0\" allow=\"accelerometer; autoplay; clipboard-write; encrypted-media; gyroscope; picture-in-picture; web-share\" referrerpolicy=\"strict-origin-when-cross-origin\" allowfullscreen><\/iframe>\n<\/div><\/figure>\n\n\n\n<p>Ashotel pot\u0119pi\u0142 stan, w jakim pozostawiono hotel w znanym turystycznym kurorcie Costa Adeje na po\u0142udniu Teneryfy po prawie dziesi\u0119ciu miesi\u0105cach nielegalnej okupacji, opisuj\u0105c budynek jako \u201ew op\u0142akanym stanie\u201d. Stowarzyszenie hotelowe Teneryfy twierdzi, \u017ce d\u0142ugie op\u00f3\u017anienie w usuni\u0119ciu lokator\u00f3w spowodowa\u0142o rozleg\u0142e szkody i wysokie koszty dla w\u0142a\u015bcicieli, firmy Domasa S.A. W rozmowie z telewizj\u0105 Atl\u00e1ntico Hoy, dyrektor generalny Ashotelu, Juan Pablo Gonz\u00e1lez, z zadowoleniem przyj\u0105\u0142 \u201eca\u0142kowit\u0105 eksmisj\u0119 hotelu\u201d, ale skrytykowa\u0142 w\u0142adze publiczne za to, \u017ce nie podj\u0119\u0142y dzia\u0142a\u0144 wcze\u015bniej. W poprzednim wyroku s\u0105d zdecydowa\u0142, \u017ce nie mo\u017cna wyrzuci\u0107 nielegalnych lokator\u00f3w na bruk, gdy\u017c w\u0142a\u015bciciele nie potrzebuj\u0105 hotelu na w\u0142asne potrzeby mieszkaniowe.<\/p>\n\n\n\n<p>Od lutego 2025 r. hotel by\u0142 zajmowany pocz\u0105tkowo przez 50, p\u00f3\u017aniej 100, a\u017c w ko\u0144cu 300 os\u00f3b. S\u0105d Prowincjonalny Teneryfy nakaza\u0142 jego eksmisj\u0119 na pocz\u0105tku listopada 2025 r. po stwierdzeniu oznak dzia\u0142alno\u015bci przest\u0119pczej, w tym kradzie\u017cy, handlu narkotykami i znacznych strat materialnych. W ostatnich miesi\u0105cach kilka os\u00f3b zosta\u0142o przy\u0142apanych na wynoszeniu mebli i pr\u00f3bach ich sprzeda\u017cy. Warto\u015b\u0107 samych skradzionych przedmiot\u00f3w szacuje si\u0119 na dziesi\u0105tki tysi\u0119cy euro.<\/p>\n\n\n\n<figure class=\"wp-block-image size-full\"><img fetchpriority=\"high\" decoding=\"async\" width=\"1024\" height=\"576\" src=\"http:\/\/nakanarach.pl\/wp-content\/uploads\/2025\/07\/Ocupas-Hotel-Callao-Sport-Teneryfa-Foto-Ashotel.webp\" alt=\"\" class=\"wp-image-10883\" srcset=\"https:\/\/nakanarach.pl\/wp-content\/uploads\/2025\/07\/Ocupas-Hotel-Callao-Sport-Teneryfa-Foto-Ashotel.webp 1024w, https:\/\/nakanarach.pl\/wp-content\/uploads\/2025\/07\/Ocupas-Hotel-Callao-Sport-Teneryfa-Foto-Ashotel-300x169.webp 300w, https:\/\/nakanarach.pl\/wp-content\/uploads\/2025\/07\/Ocupas-Hotel-Callao-Sport-Teneryfa-Foto-Ashotel-768x432.webp 768w\" sizes=\"(max-width: 1024px) 100vw, 1024px\" \/><\/figure>\n\n\n\n<p>W\u0142a\u015bciciele mogli ju\u017c ponownie wej\u015b\u0107 do budynku, co potwierdzi\u0142o obawy dotycz\u0105ce rozmiar\u00f3w zniszcze\u0144. Podczas okupacji budynek dwukrotnie uleg\u0142 po\u017carowi. W pierwszym, latem, postawiono zarzuty jednej osobie. Do drugiego dosz\u0142o 5 grudnia 2025 r.<\/p>\n\n\n\n<p>Callao Sport zosta\u0142 otwarty w 2009 roku, wybudowany przez Construcciones Domasa na terenie dawnych obiekt\u00f3w sportowych. Zosta\u0142 zaprojektowany jako czterogwiazdkowy hotel z 92 pokojami, skierowany do francuskich turyst\u00f3w, \u0142\u0105cz\u0105cy luksusowe zakwaterowanie z ofert\u0105 sportow\u0105 i wellness.<\/p>\n\n\n\n<p>Hotel zosta\u0142 zamkni\u0119ty w 2020 roku po wprowadzeniu lockdownu zwi\u0105zanego z COVID-19 i pozostawa\u0142 zamkni\u0119ty do lutego 2025 r. roku, kiedy to pr\u00f3ba w\u0142amania szybko przerodzi\u0142a si\u0119 w pe\u0142nowymiarow\u0105 okupacj\u0119, w wyniku kt\u00f3rej setki os\u00f3b zaj\u0119\u0142y pokoje. Dodatkowo okaza\u0142o si\u0119, \u017ce dzicy lokatorzy wynajmowali za op\u0142at\u0105 pokoje hotelowe na kr\u00f3tki i d\u0142u\u017cszy czas. <\/p>\n\n\n\n<p>W\u0142a\u015bcicielka hotelu, Margarita Dom\u00ednguez, powiedzia\u0142a, \u017ce \u200b\u200bstan nieruchomo\u015bci jest fatalny i wyzna\u0142a, \u017ce \u200b\u200bby\u0142a zmuszona zap\u0142aci\u0107 30 tys. euro rachunk\u00f3w za pr\u0105d w czasie, gdy budynek by\u0142 nielegalnie zajmowany. A nie mog\u0142a odci\u0105\u0107 wody, pr\u0105du czy gazu, bo zgodnie z hiszpa\u0144skim prawem mog\u0142aby by\u0107 oskar\u017cona o&#8230; n\u0119kanie lokator\u00f3w, a tak\u017ce trafi\u0107 za to do wi\u0119zienia. <\/p>\n\n\n\n<p>Pe\u0142na skala szk\u00f3d jest nadal szacowana, a firma podejmuje decyzj\u0119 o kolejnych krokach dotycz\u0105cych przysz\u0142o\u015bci hotelu.<\/p>\n\n\n\n<p>Ale nie jest to jedyna eksmisja tzw. ocupas na Wyspach Kanaryjskich. Mieszka\u0144c\u00f3w i internaut\u00f3w poruszy\u0142a historia 70-letniej babci z Cabo Blanco na Teneryfie, kt\u00f3ra &#8211; po wcze\u015bniejszym wyrzuceniu przez jedn\u0105 ze specjalistycznych firm dzikich lokator\u00f3w &#8211; mog\u0142a z wielk\u0105 rado\u015bci\u0105 i wzruszeniem wr\u00f3ci\u0107 do swojego mieszkania.<\/p>\n\n\n\n<figure class=\"wp-block-embed is-type-video is-provider-tiktok wp-block-embed-tiktok\"><div class=\"wp-block-embed__wrapper\">\n<blockquote class=\"tiktok-embed\" cite=\"https:\/\/www.tiktok.com\/@tenerifeplustv\/video\/7579725180684078358\" data-video-id=\"7579725180684078358\" data-embed-from=\"oembed\" style=\"max-width:605px; min-width:325px;\"> <section> <a target=\"_blank\" title=\"@tenerifeplustv\" href=\"https:\/\/www.tiktok.com\/@tenerifeplustv?refer=embed\">@tenerifeplustv<\/a> <p>Una historia con final feliz en Cabo Blanco \ud83c\udfe0\u2728 Hoy queremos compartir un caso que toca el coraz\u00f3n \u2764\ufe0f\u200d\ud83e\ude79. Una empresa especializada en desocupaci\u00f3n de viviendas ha logrado intervenir para devolverle su hogar a una se\u00f1ora de 70 a\u00f1os que llevaba tiempo sin poder acceder a su vivienda en Cabo Blanco, en el sur de Tenerife. Gracias a su actuaci\u00f3n profesional, por fin esta vecina podr\u00e1 recuperar la tranquilidad, la seguridad y el derecho a volver a su casa, dejando atr\u00e1s una situaci\u00f3n muy complicada marcada por la okupaci\u00f3n. \ud83d\udcaa\u2728 Un ejemplo m\u00e1s de que, con apoyo y buena gesti\u00f3n, las historias dif\u00edciles tambi\u00e9n pueden terminar bien.<\/p> <a target=\"_blank\" title=\"\u266c sonido original - Tenerife Plus+ TV\" href=\"https:\/\/www.tiktok.com\/music\/sonido-original-7579725209830181654?refer=embed\">\u266c sonido original &#8211; Tenerife Plus+ TV<\/a> <\/section> <\/blockquote> <script async src=\"https:\/\/www.tiktok.com\/embed.js\"><\/script>\n<\/div><\/figure>\n\n\n\n<p>Na ulicy zebra\u0142y si\u0119 t\u0142umy, aby j\u0105 osobi\u015bcie wesprze\u0107, wiwatuj\u0105c na jej cze\u015b\u0107, a przy okazji sprzeciwiaj\u0105c si\u0119 dzia\u0142aniom tzw. ocupas, kt\u00f3rzy wielu w\u0142a\u015bcicielom nieruchomo\u015bci w Hiszpanii nadal sp\u0119dzaj\u0105 sen z powiek.<\/p>\n\n\n\n<figure class=\"wp-block-embed is-type-video is-provider-tiktok wp-block-embed-tiktok\"><div class=\"wp-block-embed__wrapper\">\n<blockquote class=\"tiktok-embed\" cite=\"https:\/\/www.tiktok.com\/@alexandredavidgon\/video\/7579709569925172483\" data-video-id=\"7579709569925172483\" data-embed-from=\"oembed\" style=\"max-width:605px; min-width:325px;\"> <section> <a target=\"_blank\" title=\"@alexandredavidgon\" href=\"https:\/\/www.tiktok.com\/@alexandredavidgon?refer=embed\">@alexandredavidgon<\/a> <p>&#8217;YAYI,UNA ABUELA CANARIA DE CABO BLANCO (TENERIFE) GRITA DE FELICIDAD PORQUE RECUPERA SU CASA ,OKUPADA POR UNOS OKUPAS.. <a title=\"viral\" target=\"_blank\" href=\"https:\/\/www.tiktok.com\/tag\/viral?refer=embed\">#viral<\/a> <a title=\"paratiiiiiiiiiiiiiiiiiiiiiiiiiiiiiii\" target=\"_blank\" href=\"https:\/\/www.tiktok.com\/tag\/paratiiiiiiiiiiiiiiiiiiiiiiiiiiiiiii?refer=embed\">#paratiiiiiiiiiiiiiiiiiiiiiiiiiiiiiii<\/a> <a title=\"tenerife\" target=\"_blank\" href=\"https:\/\/www.tiktok.com\/tag\/tenerife?refer=embed\">#tenerife<\/a> <a title=\"okupas\" target=\"_blank\" href=\"https:\/\/www.tiktok.com\/tag\/okupas?refer=embed\">#okupas<\/a> <\/p> <a target=\"_blank\" title=\"\u266c El Pueblo salva al Pueblo - La Biblioteca de los secretos perdidos\" href=\"https:\/\/www.tiktok.com\/music\/El-Pueblo-salva-al-Pueblo-7440589159138773008?refer=embed\">\u266c El Pueblo salva al Pueblo &#8211; La Biblioteca de los secretos perdidos<\/a> <\/section> <\/blockquote> <script async src=\"https:\/\/www.tiktok.com\/embed.js\"><\/script>\n<\/div><\/figure>\n\n\n\n<p>Media szeroko opisywa\u0142y te\u017c sytuacj\u0119, gdy w Hiszpanii ocupas zaj\u0119li dom, a policja wyprosi\u0142a w\u0142a\u015bcicieli.&nbsp;Jordi Riera, ekonomista i absolwent biotechnologii z Girony poinformowa\u0142 o tym na platformie X, jak on i jego rodzina padli ofiar\u0105 dzikich lokator\u00f3w, okre\u015blaj\u0105c to jako: &#8222;Bezradno\u015b\u0107 i absurd prawny&#8221;<\/p>\n\n\n\n<p>Po latach p\u0142acenia rachunk\u00f3w za dzikich lokator\u00f3w hiszpa\u0144ski senat przyj\u0105\u0142 w grudniu 2025 r. ustaw\u0119, kt\u00f3ra znios\u0142a kar\u0119 dla w\u0142a\u015bcicieli nieruchomo\u015bci za brak op\u0142at za media w mieszkaniach, w kt\u00f3rych \u017cyj\u0105 tzw. ocupas. Wed\u0142ug nowych przepis\u00f3w nie b\u0119dzie to ju\u017c przest\u0119pstwem. <\/p>\n\n\n\n<p>Wcze\u015bniej, 3 kwietnia 2025 roku, przy sprzeciwie PSOE (pos\u0142\u00f3w socjalistycznej partii rz\u0105dz\u0105cej w Hiszpanii), wesz\u0142a w \u017cycie ustawa Ley Org\u00e1nica 1\/2025, potocznie nazywana \u201cley antiocupas\u201d (prawo anty-okupas).&nbsp;Najwa\u017cniejsze zmiany to skr\u00f3cenie czasu rozpatrywania spraw dotycz\u0105cych nielegalnego zajmowania nieruchomo\u015bci do maksymalnie 15 dni i natychmiastowa eksmisja po wyroku. Dodatkowo s\u0142u\u017cby porz\u0105dkowe mog\u0105 interweniowa\u0107 bezpo\u015brednio po zg\u0142oszeniu nielegalnego zaj\u0119cia. W okre\u015blonych przypadkach eksmisja mo\u017cliwa jest tak\u017ce bez nakazu s\u0105dowego. S\u0119dzia mo\u017ce tak\u017ce zezwoli\u0107 na natychmiastowe opuszczenie nieruchomo\u015bci jako \u015brodek zapobiegawczy, nawet przed rozpraw\u0105, na wniosek w\u0142a\u015bciciela. Dodatkowo za wszystkie szkody wyrz\u0105dzone na terenie nielegalnie zajmowanej nieruchomo\u015bci musi zap\u0142aci\u0107 dziki lokator. Nowe przepisy dotycz\u0105 zar\u00f3wno zwyk\u0142ych dom\u00f3w, jak i drugich czy trzecich, takich jak dom wiejski, z kt\u00f3rego korzysta si\u0119 tylko w weekendy albo przebywa si\u0119 tymczasowo np. kilka miesi\u0119cy w roku, co najcz\u0119\u015bciej dotyczy obcokrajowc\u00f3w.<\/p>\n\n\n\n<p>Nowe hiszpa\u0144skie prawo nadal rozr\u00f3\u017cnia&nbsp;\u201callanamiento de morada\u201d (w\u0142amanie do zamieszka\u0142ego domu) i \u201cusurpaci\u00f3n de vivienda\u201d (zaj\u0119cie pustej, niezamieszka\u0142ej nieruchomo\u015bci). W pierwszym przypadku reakcja s\u0142u\u017cb jest natychmiastowa i jest to obecnie przest\u0119pstwo karne (wcze\u015bniej by\u0142o to wykroczenie), za kt\u00f3re mo\u017cna trafi\u0107 do wi\u0119zienia na 5 lat, a w drugim &#8211; dzi\u0119ki nowym przepisom &#8211; r\u00f3wnie\u017c znacznie przyspieszona.<\/p>\n\n\n\n<p>Socjalistyczny rz\u0105d Hiszpanii, kt\u00f3ry wcze\u015bniej sprzeciwia\u0142 si\u0119 zmianiom w ustawie o tzw. ocupas, przygotowuje si\u0119 tak\u017ce do zatwierdzenia nowego dekretu kr\u00f3lewskiego, maj\u0105cego na celu wsparcie w\u0142a\u015bcicieli nieruchomo\u015bci, kt\u00f3rzy borykaj\u0105 si\u0119 z problemem zaleg\u0142ego czynszu, wynajmuj\u0105c mieszkania m\u0142odym ludziom lub rodzinom znajduj\u0105cym si\u0119 w trudnej sytuacji. \u015arodek ten zosta\u0142 og\u0142oszony przez premiera Pedro S\u00e1ncheza i oczekuje si\u0119, \u017ce zostanie formalnie zatwierdzony na jednym z najbli\u017cszych posiedze\u0144 Rady Ministr\u00f3w.<\/p>\n\n\n\n<p>Odnosz\u0105c si\u0119 do szerszej polityki mieszkaniowej, S\u00e1nchez potwierdzi\u0142 r\u00f3wnie\u017c, \u017ce rz\u0105d realizuje procedury parlamentarne maj\u0105ce na celu przyspieszenie eksmisji os\u00f3b z nielegalnie zajmowanych nieruchomo\u015bci.<\/p>\n\n\n\n<p>W 2024 roku w ca\u0142ej Hiszpanii zanotowano 16400 zaj\u0119\u0107 nieruchomo\u015bci przez dzikich lokator\u00f3w. <\/p>\n\n\n\n<p>Foto: Radio Television Canarias\/ Ashotel<\/p>\n","protected":false},"excerpt":{"rendered":"<p>TENERYFA: Prawie 300 dzikich lokatr\u00f3w &#8211; niemal po roku stara\u0144 w\u0142a\u015bcicieli &#8211; wyprowadzi\u0142o si\u0119 z opuszczonego hotelu na najwi\u0119kszej kanaryjskiej wyspie. Gwardia Cywilna wyprowadzi\u0142a nielegalnych mieszka\u0144c\u00f3w, kt\u00f3rzy nakazem s\u0105du mieli dobrowolnie opu\u015bci\u0107 budynek do 10 grudnia 2025 r. Niekt\u00f3rzy jednak tego nie uczynili i nadal chcieli \u017cy\u0107 na cudzy koszt. Niedawno wyrzucono tak\u017ce squaterss\u00f3w z [&hellip;]<\/p>\n","protected":false},"author":4,"featured_media":12376,"comment_status":"closed","ping_status":"open","sticky":false,"template":"","format":"standard","meta":{"om_disable_all_campaigns":false,"_monsterinsights_skip_tracking":false,"_monsterinsights_sitenote_active":false,"_monsterinsights_sitenote_note":"","_monsterinsights_sitenote_category":0,"footnotes":""},"categories":[12],"tags":[],"class_list":["post-12323","post","type-post","status-publish","format-standard","has-post-thumbnail","hentry","category-aktualnosci"],"aioseo_notices":[],"blog_post_layout_featured_media_urls":{"thumbnail":["https:\/\/nakanarach.pl\/wp-content\/uploads\/2025\/12\/Teneryfa-Hotel-Calao-Sport-Dewastacja-RTVC-150x150.webp",150,150,true],"full":["https:\/\/nakanarach.pl\/wp-content\/uploads\/2025\/12\/Teneryfa-Hotel-Calao-Sport-Dewastacja-RTVC.webp",900,600,false]},"categories_names":{"12":{"name":"Aktualno\u015bci","link":"https:\/\/nakanarach.pl\/index.php\/category\/aktualnosci\/"}},"tags_names":[],"comments_number":"0","wpmagazine_modules_lite_featured_media_urls":{"thumbnail":["https:\/\/nakanarach.pl\/wp-content\/uploads\/2025\/12\/Teneryfa-Hotel-Calao-Sport-Dewastacja-RTVC-150x150.webp",150,150,true],"cvmm-medium":["https:\/\/nakanarach.pl\/wp-content\/uploads\/2025\/12\/Teneryfa-Hotel-Calao-Sport-Dewastacja-RTVC-300x300.webp",300,300,true],"cvmm-medium-plus":["https:\/\/nakanarach.pl\/wp-content\/uploads\/2025\/12\/Teneryfa-Hotel-Calao-Sport-Dewastacja-RTVC-305x207.webp",305,207,true],"cvmm-portrait":["https:\/\/nakanarach.pl\/wp-content\/uploads\/2025\/12\/Teneryfa-Hotel-Calao-Sport-Dewastacja-RTVC-400x600.webp",400,600,true],"cvmm-medium-square":["https:\/\/nakanarach.pl\/wp-content\/uploads\/2025\/12\/Teneryfa-Hotel-Calao-Sport-Dewastacja-RTVC-600x600.webp",600,600,true],"cvmm-large":["https:\/\/nakanarach.pl\/wp-content\/uploads\/2025\/12\/Teneryfa-Hotel-Calao-Sport-Dewastacja-RTVC.webp",900,600,false],"cvmm-small":["https:\/\/nakanarach.pl\/wp-content\/uploads\/2025\/12\/Teneryfa-Hotel-Calao-Sport-Dewastacja-RTVC-130x95.webp",130,95,true],"full":["https:\/\/nakanarach.pl\/wp-content\/uploads\/2025\/12\/Teneryfa-Hotel-Calao-Sport-Dewastacja-RTVC.webp",900,600,false]},"_links":{"self":[{"href":"https:\/\/nakanarach.pl\/index.php\/wp-json\/wp\/v2\/posts\/12323","targetHints":{"allow":["GET"]}}],"collection":[{"href":"https:\/\/nakanarach.pl\/index.php\/wp-json\/wp\/v2\/posts"}],"about":[{"href":"https:\/\/nakanarach.pl\/index.php\/wp-json\/wp\/v2\/types\/post"}],"author":[{"embeddable":true,"href":"https:\/\/nakanarach.pl\/index.php\/wp-json\/wp\/v2\/users\/4"}],"replies":[{"embeddable":true,"href":"https:\/\/nakanarach.pl\/index.php\/wp-json\/wp\/v2\/comments?post=12323"}],"version-history":[{"count":11,"href":"https:\/\/nakanarach.pl\/index.php\/wp-json\/wp\/v2\/posts\/12323\/revisions"}],"predecessor-version":[{"id":12408,"href":"https:\/\/nakanarach.pl\/index.php\/wp-json\/wp\/v2\/posts\/12323\/revisions\/12408"}],"wp:featuredmedia":[{"embeddable":true,"href":"https:\/\/nakanarach.pl\/index.php\/wp-json\/wp\/v2\/media\/12376"}],"wp:attachment":[{"href":"https:\/\/nakanarach.pl\/index.php\/wp-json\/wp\/v2\/media?parent=12323"}],"wp:term":[{"taxonomy":"category","embeddable":true,"href":"https:\/\/nakanarach.pl\/index.php\/wp-json\/wp\/v2\/categories?post=12323"},{"taxonomy":"post_tag","embeddable":true,"href":"https:\/\/nakanarach.pl\/index.php\/wp-json\/wp\/v2\/tags?post=12323"}],"curies":[{"name":"wp","href":"https:\/\/api.w.org\/{rel}","templated":true}]}}