{"id":12371,"date":"2025-12-11T18:11:57","date_gmt":"2025-12-11T18:11:57","guid":{"rendered":"https:\/\/nakanarach.pl\/?p=12371"},"modified":"2025-12-12T08:52:29","modified_gmt":"2025-12-12T08:52:29","slug":"alert-na-kanarach-deszcz-wiatr-i-snieg","status":"publish","type":"post","link":"https:\/\/nakanarach.pl\/index.php\/2025\/12\/11\/alert-na-kanarach-deszcz-wiatr-i-snieg\/","title":{"rendered":"POT\u0118\u017bNA BURZA, DESZCZ, WIATR I \u015aNIEG ZBLI\u017bAJ\u0104 SI\u0118 DO KANAR\u00d3W (VIDEO)"},"content":{"rendered":"\n<p><strong>HISZPANIA\/WYSPY KANARYJSKIE: W niekt\u00f3rych rejonach tego rajskiego archipelagu deszcz zdarza si\u0119 zaledwie kilkana\u015bcie razy w ci\u0105gu roku. Nic dziwnego, \u017ce ka\u017cde takie ostrze\u017cenie meteorologiczne wywo\u0142uje senasacj\u0119. Tym razem wed\u0142ug synoptyk\u00f3w nadci\u0105ga tu pot\u0119\u017cna atlantycka burza Emilia, a wraz z ni\u0105 miejscami ulewne deszcze, silny wiatr, wysokie fale do 7 metr\u00f3w, kt\u00f3re przewr\u00f3ci\u0142y wielkie kontenery na statku, a nawet mo\u017cliwe s\u0105 przymrozki i \u015bnieg. <\/strong><\/p>\n\n\n\n<p>Niestabilna pogoda nad Wyspami Kanaryjskimi jest od kilku dni. <strong>ZOBACZ VIDEO:<\/strong><\/p>\n\n\n\n<p><a href=\"https:\/\/vm.tiktok.com\/ZGdaKT2k8\">https:\/\/vm.tiktok.com\/ZGdaKT2k8<\/a><\/p>\n\n\n\n<p>Jednym z g\u0142\u00f3wnym problem\u00f3w s\u0105 wysokie fale i wzburzony ocean, w kt\u00f3rym na Teneryfie uton\u0119\u0142y w ci\u0105gu ostatniego tygodnia 4 osoby, a pi\u0105ta jest poszukiwana w oceanie. Kolejna ofiara &#8211; w\u0119dkarz &#8211; wpad\u0142a do Atlantyku na Lanzarote i nie uda\u0142o si\u0119 jej tak\u017ce uratowa\u0107.<\/p>\n\n\n\n<p>W pobli\u017cu stolicy Gran Canarii &#8211; Las Palmas, po uderzeniu olbrzymiej fali na statku przewr\u00f3ci\u0142o si\u0119 oko\u0142o 20 kontener\u00f3w, kt\u00f3re s\u0105 ca\u0142kowicie zniszczone na rufie \u201eOne Continuity\u201d, a oko\u0142o 45 wpad\u0142o do wody podczas przeprawy przez Atlantyk. <strong>ZOBACZ VIDEO: <\/strong><\/p>\n\n\n\n<p><a href=\"https:\/\/vm.tiktok.com\/ZGdaKD8oN\">https:\/\/vm.tiktok.com\/ZGdaKD8oN<\/a><\/p>\n\n\n\n<p>Innym problemem s\u0105 silne podmuchy i gwa\u0142towne zmiany kierunku wiatru. 10 grudnia samoloty lec\u0105ce na La Palm\u0119 i El Hierro nie mog\u0142y tam bezpiecznie wyl\u0105dowa\u0107 i kilkana\u015bcie lot\u00f3w przekierowano na s\u0105siiednie wyspy. Na Gran Canarii &#8211; co zdarza si\u0119 niezywkle rzadko &#8211; samoloty podchodzi\u0142y do l\u0105dowania od lewej strony wyspy, a wcze\u015bniej standardowo by\u0142o to od prawej. W\u0142adze apeluj\u0105 do turyst\u00f3w, kt\u00f3rzy planuj\u0105 tu wypoczynek w najbli\u017cszych kilku dniach, aby w na bie\u017c\u0105co sprawdzali status swojego lotu, bo najgorsze dopiero nadci\u0105ga nad archipelag. <\/p>\n\n\n\n<p>Na niekt\u00f3rych wyspach podwy\u017cono stopie\u0144 alertu z \u017c\u00f3\u0142tego na pomara\u0144czowy. &#8222;Emilia&#8221; to pi\u0105ta nazwana burza w tym roku na tym archipelagu. Jej centrum znajdzie si\u0119 mi\u0119dzy Hiszpani\u0105 kontynentaln\u0105 a Wyspami Kanaryjskimi od nocy z 12 na 13 grudnia 2025 r., gwa\u0142townie pogarszaj\u0105c warunki pogodowe na ca\u0142ym archipelagu. Burza ma przynie\u015b\u0107 r\u00f3wnie\u017c ulewne deszcze w niekt\u00f3rych cz\u0119\u015bciach po\u0142udniowej cz\u0119\u015bci Hiszpanii kontynentalnej.<\/p>\n\n\n\n<p>Wed\u0142ug aktualizacji Pa\u0144stwowej Agencji Meteorologicznej Aemet, \u200b\u200bzimny front atlantycki dotrze do zachodniej Hiszpanii 12 grudnia, a nast\u0119pnie tego samego dnia od po\u0142udnia przejdzie na Wyspy Kanaryjskie. Wraz z pog\u0142\u0119bianiem si\u0119 towarzysz\u0105cego mu ni\u017cu, przekszta\u0142ci si\u0119 w burz\u0119 Emilia i pozostanie mi\u0119dzy Zatok\u0105 Kadyksu a wyspami a\u017c do 14 grudnia 2025 r. .<\/p>\n\n\n\n<p>13 grudnia na wy\u017cszych terenach g\u00f3rzystych wysp spodziewane s\u0105 bardzo silne p\u00f3\u0142nocne porywy wiatru przekraczaj\u0105ce 90 &#8211; 100 km\/h. Prognozowane s\u0105 r\u00f3wnie\u017c ulewne deszcze, grad i burze, zw\u0142aszcza na p\u00f3\u0142nocnych zboczach Teneryfy, Gran Canarii, La Palmy i La Gomery. Na El Hierro suma opad\u00f3w mo\u017ce przekroczy\u0107 60 mm w ci\u0105gu zaledwie 12 godzin.<\/p>\n\n\n\n<p>Najintensywniejsze opady maj\u0105 by\u0107 w nocy z 12 na 13 grudnia na Lanzarote, Fuerteventurze i Gran Canarii, a od po\u0142udnia tak\u017ce na Teneryfie, La Palmie, La Gomerze i El Hierro. Na najwy\u017cszych szczytach Teneryfy, La Palmy i Gran Canarii spodziewane s\u0105 przymrozki oraz opady \u015bniegu.<\/p>\n\n\n\n<p>Warunki na morzu ulegn\u0105 gwa\u0142townemu pogorszeniu na wszystkich wodach wok\u00f3\u0142 Wysp Kanaryjskich, z wiatrem o sile 8 w skali Beuforta i falami si\u0119gaj\u0105cymi do 7 metr\u00f3w wysoko\u015bci. <\/p>\n\n\n\n<p>Foto: NaKanarach.pl<\/p>\n","protected":false},"excerpt":{"rendered":"<p>HISZPANIA\/WYSPY KANARYJSKIE: W niekt\u00f3rych rejonach tego rajskiego archipelagu deszcz zdarza si\u0119 zaledwie kilkana\u015bcie razy w ci\u0105gu roku. Nic dziwnego, \u017ce ka\u017cde takie ostrze\u017cenie meteorologiczne wywo\u0142uje senasacj\u0119. Tym razem wed\u0142ug synoptyk\u00f3w nadci\u0105ga tu pot\u0119\u017cna atlantycka burza Emilia, a wraz z ni\u0105 miejscami ulewne deszcze, silny wiatr, wysokie fale do 7 metr\u00f3w, kt\u00f3re przewr\u00f3ci\u0142y wielkie kontenery na [&hellip;]<\/p>\n","protected":false},"author":4,"featured_media":12372,"comment_status":"closed","ping_status":"open","sticky":false,"template":"","format":"standard","meta":{"om_disable_all_campaigns":false,"_monsterinsights_skip_tracking":false,"_monsterinsights_sitenote_active":false,"_monsterinsights_sitenote_note":"","_monsterinsights_sitenote_category":0,"footnotes":""},"categories":[12],"tags":[],"class_list":["post-12371","post","type-post","status-publish","format-standard","has-post-thumbnail","hentry","category-aktualnosci"],"aioseo_notices":[],"blog_post_layout_featured_media_urls":{"thumbnail":["https:\/\/nakanarach.pl\/wp-content\/uploads\/2025\/12\/Teneryfa-Gran-Canaria-chmury-samolot_11zon-150x150.jpg",150,150,true],"full":["https:\/\/nakanarach.pl\/wp-content\/uploads\/2025\/12\/Teneryfa-Gran-Canaria-chmury-samolot_11zon-scaled.jpg",2560,1441,false]},"categories_names":{"12":{"name":"Aktualno\u015bci","link":"https:\/\/nakanarach.pl\/index.php\/category\/aktualnosci\/"}},"tags_names":[],"comments_number":"0","wpmagazine_modules_lite_featured_media_urls":{"thumbnail":["https:\/\/nakanarach.pl\/wp-content\/uploads\/2025\/12\/Teneryfa-Gran-Canaria-chmury-samolot_11zon-150x150.jpg",150,150,true],"cvmm-medium":["https:\/\/nakanarach.pl\/wp-content\/uploads\/2025\/12\/Teneryfa-Gran-Canaria-chmury-samolot_11zon-300x300.jpg",300,300,true],"cvmm-medium-plus":["https:\/\/nakanarach.pl\/wp-content\/uploads\/2025\/12\/Teneryfa-Gran-Canaria-chmury-samolot_11zon-305x207.jpg",305,207,true],"cvmm-portrait":["https:\/\/nakanarach.pl\/wp-content\/uploads\/2025\/12\/Teneryfa-Gran-Canaria-chmury-samolot_11zon-400x600.jpg",400,600,true],"cvmm-medium-square":["https:\/\/nakanarach.pl\/wp-content\/uploads\/2025\/12\/Teneryfa-Gran-Canaria-chmury-samolot_11zon-600x600.jpg",600,600,true],"cvmm-large":["https:\/\/nakanarach.pl\/wp-content\/uploads\/2025\/12\/Teneryfa-Gran-Canaria-chmury-samolot_11zon-1024x1024.jpg",1024,1024,true],"cvmm-small":["https:\/\/nakanarach.pl\/wp-content\/uploads\/2025\/12\/Teneryfa-Gran-Canaria-chmury-samolot_11zon-130x95.jpg",130,95,true],"full":["https:\/\/nakanarach.pl\/wp-content\/uploads\/2025\/12\/Teneryfa-Gran-Canaria-chmury-samolot_11zon-scaled.jpg",2560,1441,false]},"_links":{"self":[{"href":"https:\/\/nakanarach.pl\/index.php\/wp-json\/wp\/v2\/posts\/12371","targetHints":{"allow":["GET"]}}],"collection":[{"href":"https:\/\/nakanarach.pl\/index.php\/wp-json\/wp\/v2\/posts"}],"about":[{"href":"https:\/\/nakanarach.pl\/index.php\/wp-json\/wp\/v2\/types\/post"}],"author":[{"embeddable":true,"href":"https:\/\/nakanarach.pl\/index.php\/wp-json\/wp\/v2\/users\/4"}],"replies":[{"embeddable":true,"href":"https:\/\/nakanarach.pl\/index.php\/wp-json\/wp\/v2\/comments?post=12371"}],"version-history":[{"count":6,"href":"https:\/\/nakanarach.pl\/index.php\/wp-json\/wp\/v2\/posts\/12371\/revisions"}],"predecessor-version":[{"id":12395,"href":"https:\/\/nakanarach.pl\/index.php\/wp-json\/wp\/v2\/posts\/12371\/revisions\/12395"}],"wp:featuredmedia":[{"embeddable":true,"href":"https:\/\/nakanarach.pl\/index.php\/wp-json\/wp\/v2\/media\/12372"}],"wp:attachment":[{"href":"https:\/\/nakanarach.pl\/index.php\/wp-json\/wp\/v2\/media?parent=12371"}],"wp:term":[{"taxonomy":"category","embeddable":true,"href":"https:\/\/nakanarach.pl\/index.php\/wp-json\/wp\/v2\/categories?post=12371"},{"taxonomy":"post_tag","embeddable":true,"href":"https:\/\/nakanarach.pl\/index.php\/wp-json\/wp\/v2\/tags?post=12371"}],"curies":[{"name":"wp","href":"https:\/\/api.w.org\/{rel}","templated":true}]}}