{"id":12413,"date":"2025-12-13T09:54:47","date_gmt":"2025-12-13T09:54:47","guid":{"rendered":"https:\/\/nakanarach.pl\/?p=12413"},"modified":"2025-12-13T11:14:42","modified_gmt":"2025-12-13T11:14:42","slug":"burza-i-huragan-nad-polwyspem-iberyjskim-i-wyspami-kanaryjskimi-video","status":"publish","type":"post","link":"https:\/\/nakanarach.pl\/index.php\/2025\/12\/13\/burza-i-huragan-nad-polwyspem-iberyjskim-i-wyspami-kanaryjskimi-video\/","title":{"rendered":"BURZA I HURAGAN NAD P\u00d3\u0141WYSPEM IBERYJSKIM I WYSPAMI KANARYJSKIMI (VIDEO)"},"content":{"rendered":"\n<p><strong>HISZPANIA\/WYSPY KANARYJSKIE: Nad kontynentaln\u0105 Hiszpani\u0105 i oddalonymi od niej o ok. 1500 km Wyspach Kanaryjskich szaleje szkwa\u0142 Emilia, kt\u00f3ry wyrz\u0105dzi\u0142 wiele szk\u00f3d. Woda zala\u0142a ulice na p\u00f3\u0142nocy iberyjskiego kraju, wieje bardzo silny, wr\u0119cz huraganowy wiatr, a fale miejscami mog\u0105 dochodzi\u0107 do 9 metr\u00f3w wysoko\u015bci. Pojawi\u0142y si\u0119 te\u017c przymrozki i \u015bnieg. Na niekt\u00f3rych wyspach s\u0105 te\u017c problemy ze startem i l\u0105dowaniem samolot\u00f3w. <\/strong><\/p>\n\n\n\n<p>12 grudnia 2025 r. zimny front znad Atlantyku przyni\u00f3s\u0142 do Hiszpanii ulewne opady deszczu. AEMET poda\u0142a, \u017ce w ci\u0105gu 12 godzin suma opad\u00f3w wynios\u0142a ponad 60 litr\u00f3w na metr kwadratowy. Woda zala\u0142a ulice w miejscowo\u015bci Santander na p\u00f3\u0142nocy Hiszpanii. Na Wyspach Kanaryjskich w San Mateo spad\u0142o 62,6 litr\u00f3w deszczu. <strong>ZOBACZ VIDEO:<\/strong><\/p>\n\n\n\n<figure class=\"wp-block-embed is-type-video is-provider-tiktok wp-block-embed-tiktok\"><div class=\"wp-block-embed__wrapper\">\n<blockquote class=\"tiktok-embed\" cite=\"https:\/\/www.tiktok.com\/@alfinger8\/video\/7582940039022152982\" data-video-id=\"7582940039022152982\" data-embed-from=\"oembed\" style=\"max-width:605px; min-width:325px;\"> <section> <a target=\"_blank\" title=\"@alfinger8\" href=\"https:\/\/www.tiktok.com\/@alfinger8?refer=embed\">@alfinger8<\/a> <p><a title=\"santander\" target=\"_blank\" href=\"https:\/\/www.tiktok.com\/tag\/santander?refer=embed\">#Santander<\/a> <a title=\"inundacion\" target=\"_blank\" href=\"https:\/\/www.tiktok.com\/tag\/inundacion?refer=embed\">#inundacion<\/a> <a title=\"lluvia\" target=\"_blank\" href=\"https:\/\/www.tiktok.com\/tag\/lluvia?refer=embed\">#lluvia<\/a> \u2614\ufe0f\ud83c\udf27\ufe0f<\/p> <a target=\"_blank\" title=\"\u266c Epic Music(830640) - Pavel\" href=\"https:\/\/www.tiktok.com\/music\/Epic-Music-830640-6860551359779833857?refer=embed\">\u266c Epic Music(830640) &#8211; Pavel<\/a> <\/section> <\/blockquote> <script async src=\"https:\/\/www.tiktok.com\/embed.js\"><\/script>\n<\/div><\/figure>\n\n\n\n<p>Iza\u00f1a na Teneryfie odnotowa\u0142a 13 grudnia 2025 r. najsilniejsze porywy wiatru w ca\u0142ej Hiszpanii, osi\u0105gaj\u0105ce huraganow\u0105 pr\u0119dko\u015b\u0107 do 147 kilometr\u00f3w na godzin\u0119 (za huragan uznaje si\u0119 wiatr od 120 km\/h). Wiatr jest najbardziej intensywny na szczytach g\u00f3rskich. Na La Palmie zanotowano porywy wiatru dochodz\u0105ce do 108 km\/h. Na s\u0105siedniej wyspie Gran Canaria w stolicy &#8211; Las Palmas wiatr powali\u0142 dwa drzewa w dzielnicy La Feria, znak w El Sebadal i kolejne na parkingu w Santa Catalina. Tak\u017ce w miejscowo\u015bci El Caracol w gminie Telde olbrzymia palma spad\u0142a na i uszkodzi\u0142a kilka samochod\u00f3w. Nikt nie zosta\u0142 ranny. Z powodu silnych podmuch\u00f3w wiatru burza Emilia r\u00f3wnie\u017c doprowadzi\u0142a do kilku utrudnie\u0144 w podr\u00f3\u017cach lotniczych. Na lotnisku La Palma porywy wiatru przekraczaj\u0105ce 100 km\/h zmusi\u0142y do \u200b\u200bodwo\u0142ania lotu z Teneryfy P\u00f3\u0142nocnej, a inny lot z Holandii zosta\u0142 przekierowany na Teneryf\u0119 Po\u0142udniow\u0105. Z kolei na lotnisku Teneryfa P\u00f3\u0142noc, gdzie lot z La Palmy i drugi z El Hierro zosta\u0142y przekierowane na po\u0142udnie wyspy. Lot do Valverde zosta\u0142 odwo\u0142any, a samolot lec\u0105cy z Niemiec nie m\u00f3g\u0142 wyl\u0105dowa\u0107 na Gran Canarii i zosta\u0142 przekierowany na lotnisko Teneryfa Po\u0142udnie. <\/p>\n\n\n\n<p>Na wyspach centrum koordynacji kryzysowej CECOES w ci\u0105gu doby odnotowa\u0142o ponad 30 incydent\u00f3w pogodowych, g\u0142\u00f3wnie w kilku gminach na Teneryfie: Santa Cruz, La Laguna, Tacoronte, Adeje, El Rosario i Arico, a tak\u017ce Los Llanos de Aridane na La Palmie i niekt\u00f3rych cz\u0119\u015bciach Gran Canarii. Wi\u0119kszo\u015b\u0107 incydent\u00f3w dotyczy\u0142a powalonych ga\u0142\u0119zi, znak\u00f3w drogowych i niewielkich osuwisk, z kt\u00f3rych \u017cadnego nie uznano za powa\u017cne. By\u0142o te\u017c tymczasowe zamkni\u0119cie drogi GC-80 na Gran Canarii po tym, jak silny wiatr powali\u0142 s\u0142up telegraficzny. W Los Llanos porywy wiatru by\u0142y tak silne, \u017ce przewr\u00f3ci\u0142y panele s\u0142oneczne. <\/p>\n\n\n\n<figure class=\"wp-block-embed is-type-video is-provider-tiktok wp-block-embed-tiktok\"><div class=\"wp-block-embed__wrapper\">\n<blockquote class=\"tiktok-embed\" cite=\"https:\/\/www.tiktok.com\/@laprovincia.es\/video\/7583040908937989408\" data-video-id=\"7583040908937989408\" data-embed-from=\"oembed\" style=\"max-width:605px; min-width:325px;\"> <section> <a target=\"_blank\" title=\"@laprovincia.es\" href=\"https:\/\/www.tiktok.com\/@laprovincia.es?refer=embed\">@laprovincia.es<\/a> <p>La borrasca Emilia deja sus primeras consecuencias visibles en la capital grancanaria \ud83c\udf2c\ufe0f Una palmera al borde del colapso en pleno centro de Las Palmas de Gran Canaria por el temporal \u203c\ufe0f En la calle Luis Morote, el viento sacude las calles y levanta murmullos de preocupaci\u00f3n. En medio del asfalto, una palmera se dobla una y otra vez, sacudida por las rachas que trae la borrasca Emilia. No ha ca\u00eddo a\u00fan, pero amenaza con hacerlo y su silueta inclinada se ha convertido en una advertencia visual del riesgo que corre la ciudad estos d\u00edas. \ud83c\udf34 Los viandantes observan con inquietud el movimiento del \u00e1rbol, cuyas ra\u00edces parecen resistir por ahora al embate del viento. \ud83d\udea8 Adem\u00e1s, en el Centro Comercial El Muelle, se han visto obligados a cortar una de las v\u00edas de acceso, ya que el viento amenaza con tirar alguna de las placas que conforma su estructura. \ud83d\udccd M\u00e1s informaci\u00f3n en laprovincia.es \ud83d\uddde\ufe0f<\/p> <a target=\"_blank\" title=\"\u266c sonido original - La Provincia\" href=\"https:\/\/www.tiktok.com\/music\/sonido-original-7583040983441378081?refer=embed\">\u266c sonido original &#8211; La Provincia<\/a> <\/section> <\/blockquote> <script async src=\"https:\/\/www.tiktok.com\/embed.js\"><\/script>\n<\/div><\/figure>\n\n\n\n<p>Kolejnym problemem jest sztorm na Oceanie Atlantyckim w pobli\u017cu Wysp Kanaryjskich i fale, kt\u00f3re dochodzi\u0142y do 7 metr\u00f3w wysoko\u015bci. Na pla\u017cy La Arenita w miejscowo\u015bci El Palmar w gminie Arona (Teneryfa) m\u0119\u017cczyzna zosta\u0142 porwany przez morze i uratowano go z niewielkimi obra\u017ceniami cia\u0142a. Nie brakuje te\u017c \u0142odzi z imigrantami, kt\u00f3rych za\u0142oga pomimo wzburzonego oceanu ryzykuje, aby dotrze\u0107 do archipelagu kanaryjskiego. 12 grudnia Morska S\u0142u\u017cba Ratownicza (Salvamento Mar\u00edtimo) uratowa\u0142a 270 os\u00f3b na pok\u0142adzie \u0142odzi typu \u201ecayuco\u201d w pobli\u017cu mola w La Restinga na wyspie El Hierro. Trzy osoby przewieziono do szpitala. <strong>ZOBACZ VIDEO: <\/strong><\/p>\n\n\n\n<figure class=\"wp-block-embed is-type-video is-provider-tiktok wp-block-embed-tiktok\"><div class=\"wp-block-embed__wrapper\">\n<blockquote class=\"tiktok-embed\" cite=\"https:\/\/www.tiktok.com\/@nodopirata\/video\/7582972921740545302\" data-video-id=\"7582972921740545302\" data-embed-from=\"oembed\" style=\"max-width:605px; min-width:325px;\"> <section> <a target=\"_blank\" title=\"@nodopirata\" href=\"https:\/\/www.tiktok.com\/@nodopirata?refer=embed\">@nodopirata<\/a> <p><a title=\"parati\" target=\"_blank\" href=\"https:\/\/www.tiktok.com\/tag\/parati?refer=embed\">#parati<\/a> <a title=\"cayuco\" target=\"_blank\" href=\"https:\/\/www.tiktok.com\/tag\/cayuco?refer=embed\">#cayuco<\/a> <a title=\"larestinga\" target=\"_blank\" href=\"https:\/\/www.tiktok.com\/tag\/larestinga?refer=embed\">#LaRestinga<\/a> <a title=\"isladeelhierro\ud83c\uddee\ud83c\udde8\" target=\"_blank\" href=\"https:\/\/www.tiktok.com\/tag\/isladeelhierro%F0%9F%87%AE%F0%9F%87%A8?refer=embed\">#isladeelhierro\ud83c\uddee\ud83c\udde8<\/a> <a title=\"canarias\ud83c\uddee\ud83c\udde8\ud83c\udf34\u2600\ufe0f\ud83c\udf0a\" target=\"_blank\" href=\"https:\/\/www.tiktok.com\/tag\/canarias%F0%9F%87%AE%F0%9F%87%A8%F0%9F%8C%B4%E2%98%80%EF%B8%8F%F0%9F%8C%8A?refer=embed\">#canarias\ud83c\uddee\ud83c\udde8\ud83c\udf34\u2600\ufe0f\ud83c\udf0a<\/a> <\/p> <a target=\"_blank\" title=\"\u266c sonido original - NODOpirata\" href=\"https:\/\/www.tiktok.com\/music\/sonido-original-7582972945506175766?refer=embed\">\u266c sonido original &#8211; NODOpirata<\/a> <\/section> <\/blockquote> <script async src=\"https:\/\/www.tiktok.com\/embed.js\"><\/script>\n<\/div><\/figure>\n\n\n\n<p>Na Lanzarote deszcz by\u0142 \u0142agodniejszy, ale w Arrecife okaza\u0142o si\u0119 hala Argana, kt\u00f3ra zosta\u0142a ponownie otwarta 20 listopada 2025 r., zosta\u0142a oddana do u\u017cytku z pewnymi niedoci\u0105gni\u0119ciami. Pojawi\u0142y si\u0119 przecieki, co zmusi\u0142o do ustawienia wiader i folii, aby chroni\u0107 boisko.<\/p>\n\n\n\n<p>Ponadto, od 12 grudnia zamkni\u0119te s\u0105 wszystkie miejskie obiekty publiczne. Na Gran Canarii nale\u017c\u0105 do nich tereny rekreacyjne, posiad\u0142o\u015bci Osorio, Tirma i El Gale\u00f3n, kempingi, hostele, Centrum Integracyjne Los Tilos oraz Ogr\u00f3d Botaniczny Viera y Clavijo.\u00a0Odwo\u0142ano wszystkie imprezy plenerowe na Gran Canarii. Zawieszono r\u00f3wnie\u017c rezerwacje wst\u0119pu na szczyt Roque Nublo\u00a0oraz od 13 grudnia zamkni\u0119to drogi dojazdowe na najwy\u017cszy szczyt na tej wyspie Pico de Las Nieves (t\u0142um. Szczyt \u015anie\u017cny), bo \u015bnieg na tej wyspie pojawia si\u0119 w g\u00f3rach powy\u017cej 900 m n.p.m. W 2021 r. prawie 150 aut utkn\u0119\u0142o na g\u00f3rskich szlakach i w ich \u015bci\u0105gni\u0119ciu pomagali stra\u017cacy, bo mieszka\u0144cy masowo ruszyli tam, aby\u2026 zobaczy\u0107 spotykany tu raz na kilka lat bia\u0142y puch. R\u00f3wnie\u017c na Gran Canarii Rada Wyspy, w ramach \u015brodk\u00f3w ostro\u017cno\u015bci, zamkn\u0119\u0142a 12 grudnia odcinek starej drogi g\u00f3rskiej La Aldea, GC-200, przebiegaj\u0105cy przez Faneque, a tego samego dnia od godziny 22 pierwsze 5 kilometr\u00f3w drogi GC-210, mi\u0119dzy licznie odwiedzan\u0105 przez turyst\u00f3w urokliw\u0105 miejscowo\u015bci\u0105 Tejeda a Artenar\u0105.\u00a0Na La Palmie panuje mro\u017ana atmosfera na szczycie i w pobli\u017cu obserwatorium Roque de Los Muchachos. Zanotowano tam temperatury ok. 0 stopni Celsjusza. Podobnie jest na Teide na s\u0105siedniej Teneryfie, a  \u015bnieg pojawi\u0142 si\u0119 m.in. w Las Ca\u00f1adas. W\u0142adze najwi\u0119kszej kanaryjskiej wyspy nakaza\u0142y ca\u0142kowity zakaz wst\u0119pu i poruszania si\u0119 po wszystkich szlakach, \u015bcie\u017ckach, trasach i terenach poza drogami w obr\u0119bie Chronionych Obszar\u00f3w Przyrodniczych Teneryfy. Obejmuje to zakaz wspinaczki na Teide i wst\u0119pu do stref wysokog\u00f3rskich. Decyzj\u0119 t\u0119 podj\u0119to ze wzgl\u0119du na du\u017ce ryzyko osuwisk, upadku drzew, powodzi, silnych wiatr\u00f3w i oblodzenia, kt\u00f3re stanowi\u0105 powa\u017cne zagro\u017cenie dla spo\u0142ecze\u0144stwa. Zamkni\u0119te s\u0105 te\u017c pola namiotowe, pola namiotowe i strefy rekreacyjne na obszarach chronionych. R\u00f3wnie\u017c Dolina Masca, jeden z najpopularniejszych szlak\u00f3w turystycznych na Teneryfie, zosta\u0142a zamkni\u0119ta z powodu ryzyka gwa\u0142townych powodzi i obryw\u00f3w skalnych. W ramach \u015brodk\u00f3w bezpiecze\u0144stwa, po\u0142\u0105czenia komunikacji miejskiej do Barranco de Masca i Punta de Teno zosta\u0142y tymczasowo zawieszone, dop\u00f3ki obowi\u0105zuje zarz\u0105dzenie. <\/p>\n\n\n\n<figure class=\"wp-block-image size-full\"><img fetchpriority=\"high\" decoding=\"async\" width=\"900\" height=\"600\" src=\"https:\/\/nakanarach.pl\/wp-content\/uploads\/2025\/12\/Snieg-Teneryfa-2025-La-Provincia.webp\" alt=\"\" class=\"wp-image-12418\" srcset=\"https:\/\/nakanarach.pl\/wp-content\/uploads\/2025\/12\/Snieg-Teneryfa-2025-La-Provincia.webp 900w, https:\/\/nakanarach.pl\/wp-content\/uploads\/2025\/12\/Snieg-Teneryfa-2025-La-Provincia-300x200.webp 300w, https:\/\/nakanarach.pl\/wp-content\/uploads\/2025\/12\/Snieg-Teneryfa-2025-La-Provincia-768x512.webp 768w\" sizes=\"(max-width: 900px) 100vw, 900px\" \/><figcaption class=\"wp-element-caption\"><strong><em>Foto: La Provincia<\/em><\/strong><\/figcaption><\/figure>\n\n\n\n<p>13 grudnia prognozy hiszpa\u0144skiej Pa\u0144stowej Agencji Meteoroloigicznej Aemet s\u0105 jeszcze bardziej niepokoj\u0105ce. Mo\u017cliwe s\u0105 fale o wysoko\u015bci do 9 metr\u00f3w spodziewane wzd\u0142u\u017c p\u00f3\u0142nocnego wybrze\u017ca, z wiatrem przekraczaj\u0105cym 100 km\/h. Wed\u0142ug prognoz suma opad\u00f3w prawdopodobnie przekroczy 40 litr\u00f3w w ci\u0105gu 12 godzin na Lanzarote i Fuerteventurze oraz 60 litr\u00f3w na La Palmie i La Gomerze, 80 litr\u00f3w w ci\u0105gu 24 godzin na Gran Canarii i 100 litr\u00f3w w ci\u0105gu 12 godzin na Teneryfie. Nadal ma wia\u0107 silny wiatr. <\/p>\n\n\n\n<p>Na s\u0142onecznych Wyspach Kanaryjskich, oddalonych ok. 200 km od Afryki, lokalnie prognozowany jest tak\u017ce \u015bnieg, oblodzenie na stokach i rzadko spotykany tu grad na szczytach trzech wysp. Te trudne zimowe warunki ma pojawi\u0107 si\u0119 na wysoko\u015bci od 1600 do 1700 metr\u00f3w, a ich suma w ci\u0105gu 24 godzin wyniesie 5 centymetr\u00f3w na szczytach Teneryfy i dwa centymetry na szczytach La Palmy i Gran Canarii.<\/p>\n\n\n\n<p>Jak poinformowa\u0142 Canarias7 czytelnik Juan Carlos Alonso na Gran Canarii 13 grudnia spad\u0142 niespotykany od kilku lat na tej wyspie grad.  <strong>ZOBACZ VIDEO: <\/strong><\/p>\n\n\n\n<p><a href=\"https:\/\/www.canarias7.es\/canarias\/borrasca-emilia-canarias-directo-ultima-hora-avisos-20251213065852-di.html?vca=&amp;vso=rrss&amp;vmc=cp&amp;vli=canarias#Tq0Kfuz1zZVB6dPoSIjO\">https:\/\/www.canarias7.es\/canarias\/borrasca-emilia-canarias-directo-ultima-hora-avisos-20251213065852-di.html?vca=&amp;vso=rrss&amp;vmc=cp&amp;vli=canarias#Tq0Kfuz1zZVB6dPoSIjO<\/a><\/p>\n\n\n\n<p>W\u0142adze Hiszpanii i Wysp Kanaryjskich z powodu szkwa\u0142u Emilia stanowczo zalecaj\u0105 unikanie niepotrzebnych podr\u00f3\u017cy, zw\u0142aszcza na obszarach wiejskich, g\u00f3rskich i nadmorskich. Wed\u0142ug prognoz te trudne warunki maj\u0105 potrwa\u0107 do 14 grudnia 2025 r.<\/p>\n\n\n\n<p>Foto: Ayuntamento de Telde, La Provincia<\/p>\n","protected":false},"excerpt":{"rendered":"<p>HISZPANIA\/WYSPY KANARYJSKIE: Nad kontynentaln\u0105 Hiszpani\u0105 i oddalonymi od niej o ok. 1500 km Wyspach Kanaryjskich szaleje szkwa\u0142 Emilia, kt\u00f3ry wyrz\u0105dzi\u0142 wiele szk\u00f3d. Woda zala\u0142a ulice na p\u00f3\u0142nocy iberyjskiego kraju, wieje bardzo silny, wr\u0119cz huraganowy wiatr, a fale miejscami mog\u0105 dochodzi\u0107 do 9 metr\u00f3w wysoko\u015bci. Pojawi\u0142y si\u0119 te\u017c przymrozki i \u015bnieg. Na niekt\u00f3rych wyspach s\u0105 te\u017c [&hellip;]<\/p>\n","protected":false},"author":4,"featured_media":12417,"comment_status":"closed","ping_status":"open","sticky":false,"template":"","format":"standard","meta":{"om_disable_all_campaigns":false,"_monsterinsights_skip_tracking":false,"_monsterinsights_sitenote_active":false,"_monsterinsights_sitenote_note":"","_monsterinsights_sitenote_category":0,"footnotes":""},"categories":[12],"tags":[],"class_list":["post-12413","post","type-post","status-publish","format-standard","has-post-thumbnail","hentry","category-aktualnosci"],"aioseo_notices":[],"blog_post_layout_featured_media_urls":{"thumbnail":["https:\/\/nakanarach.pl\/wp-content\/uploads\/2025\/12\/Palma-spadla-na-auta-Ayto-Telde-150x150.jpg",150,150,true],"full":["https:\/\/nakanarach.pl\/wp-content\/uploads\/2025\/12\/Palma-spadla-na-auta-Ayto-Telde.jpg",500,375,false]},"categories_names":{"12":{"name":"Aktualno\u015bci","link":"https:\/\/nakanarach.pl\/index.php\/category\/aktualnosci\/"}},"tags_names":[],"comments_number":"0","wpmagazine_modules_lite_featured_media_urls":{"thumbnail":["https:\/\/nakanarach.pl\/wp-content\/uploads\/2025\/12\/Palma-spadla-na-auta-Ayto-Telde-150x150.jpg",150,150,true],"cvmm-medium":["https:\/\/nakanarach.pl\/wp-content\/uploads\/2025\/12\/Palma-spadla-na-auta-Ayto-Telde-300x300.jpg",300,300,true],"cvmm-medium-plus":["https:\/\/nakanarach.pl\/wp-content\/uploads\/2025\/12\/Palma-spadla-na-auta-Ayto-Telde-305x207.jpg",305,207,true],"cvmm-portrait":["https:\/\/nakanarach.pl\/wp-content\/uploads\/2025\/12\/Palma-spadla-na-auta-Ayto-Telde-400x375.jpg",400,375,true],"cvmm-medium-square":["https:\/\/nakanarach.pl\/wp-content\/uploads\/2025\/12\/Palma-spadla-na-auta-Ayto-Telde.jpg",500,375,false],"cvmm-large":["https:\/\/nakanarach.pl\/wp-content\/uploads\/2025\/12\/Palma-spadla-na-auta-Ayto-Telde.jpg",500,375,false],"cvmm-small":["https:\/\/nakanarach.pl\/wp-content\/uploads\/2025\/12\/Palma-spadla-na-auta-Ayto-Telde-130x95.jpg",130,95,true],"full":["https:\/\/nakanarach.pl\/wp-content\/uploads\/2025\/12\/Palma-spadla-na-auta-Ayto-Telde.jpg",500,375,false]},"_links":{"self":[{"href":"https:\/\/nakanarach.pl\/index.php\/wp-json\/wp\/v2\/posts\/12413","targetHints":{"allow":["GET"]}}],"collection":[{"href":"https:\/\/nakanarach.pl\/index.php\/wp-json\/wp\/v2\/posts"}],"about":[{"href":"https:\/\/nakanarach.pl\/index.php\/wp-json\/wp\/v2\/types\/post"}],"author":[{"embeddable":true,"href":"https:\/\/nakanarach.pl\/index.php\/wp-json\/wp\/v2\/users\/4"}],"replies":[{"embeddable":true,"href":"https:\/\/nakanarach.pl\/index.php\/wp-json\/wp\/v2\/comments?post=12413"}],"version-history":[{"count":2,"href":"https:\/\/nakanarach.pl\/index.php\/wp-json\/wp\/v2\/posts\/12413\/revisions"}],"predecessor-version":[{"id":12419,"href":"https:\/\/nakanarach.pl\/index.php\/wp-json\/wp\/v2\/posts\/12413\/revisions\/12419"}],"wp:featuredmedia":[{"embeddable":true,"href":"https:\/\/nakanarach.pl\/index.php\/wp-json\/wp\/v2\/media\/12417"}],"wp:attachment":[{"href":"https:\/\/nakanarach.pl\/index.php\/wp-json\/wp\/v2\/media?parent=12413"}],"wp:term":[{"taxonomy":"category","embeddable":true,"href":"https:\/\/nakanarach.pl\/index.php\/wp-json\/wp\/v2\/categories?post=12413"},{"taxonomy":"post_tag","embeddable":true,"href":"https:\/\/nakanarach.pl\/index.php\/wp-json\/wp\/v2\/tags?post=12413"}],"curies":[{"name":"wp","href":"https:\/\/api.w.org\/{rel}","templated":true}]}}