{"id":12422,"date":"2025-12-14T11:11:43","date_gmt":"2025-12-14T11:11:43","guid":{"rendered":"https:\/\/nakanarach.pl\/?p=12422"},"modified":"2025-12-16T10:35:49","modified_gmt":"2025-12-16T10:35:49","slug":"ulewy-huraganowy-wiatr-i-niskie-temperatury-video","status":"publish","type":"post","link":"https:\/\/nakanarach.pl\/index.php\/2025\/12\/14\/ulewy-huraganowy-wiatr-i-niskie-temperatury-video\/","title":{"rendered":"ULEWY, HURAGANOWY WIATR, SZTORM, \u015aNIEG I NISKIE TEMPERATURY (VIDEO)"},"content":{"rendered":"\n<p><strong>HISZPANIA\/WYSPY KANARYJSKIE: To by\u0142 pogodowy armagedon w Hiszpanii i na Wyspach Kanaryjskich. Pot\u0119\u017cna burza Emilia spowodowa\u0142a zalanie niekt\u00f3rych ulic i nadmorskich lokali, a wej\u015bcia do nieruchomo\u015bci zabezpieczono workami z piaskiem. Do tego miejscami pojawi\u0142 si\u0119 huraganowy wiatr, fale na oceanie do 9 metr\u00f3w wysoko\u015bci oraz \u015bnieg i ujemne temperatury. Niekt\u00f3re loty by\u0142y op\u00f3\u017anione o kilka godzin. Niekt\u00f3rzy po raz pierwszy w \u017cyciu zobaczyli grad. Sytuacja okaza\u0142a si\u0119 na tyle powa\u017cna, \u017ce w weekend w\u0142adze zwo\u0142a\u0142y sztab krzyzysowy, pojawi\u0142y si\u0119 wydania specjalne program\u00f3w w lokalnych telewizjach<\/strong> <strong>i zorganizowano konferencje prasowe. <\/strong><\/p>\n\n\n\n<p>Stra\u017cacy na Wyspach Kanaryjskich zanotowali podczas szalej\u0105cej burzy ponad 1500 interwencji, ale jak informuj\u0105 na szcz\u0119\u015bcie nikt nie zosta\u0142 ranny. Najwi\u0119kszym problemem okaza\u0142 si\u0119 wiatr, kt\u00f3ry 13 grudnia 2025 r. w miejscowo\u015bci Iza\u00f1a na szczycie Teneryfy osi\u0105gn\u0105\u0142 huraganow\u0105 pr\u0119dko\u015b\u0107 a\u017c 159 km\/h. Miejscami porywy by\u0142y tak silne, \u017ce ludzie mieli problem, aby przej\u015b\u0107 kilkadziesi\u0105t czy kilkaset metr\u00f3w. <strong>ZOBACZ VIDEO:<\/strong><\/p>\n\n\n\n<figure class=\"wp-block-embed is-type-video is-provider-tiktok wp-block-embed-tiktok\"><div class=\"wp-block-embed__wrapper\">\n<blockquote class=\"tiktok-embed\" cite=\"https:\/\/www.tiktok.com\/@a_tu_ja\/video\/7583371331866021142\" data-video-id=\"7583371331866021142\" data-embed-from=\"oembed\" style=\"max-width:605px; min-width:325px;\"> <section> <a target=\"_blank\" title=\"@a_tu_ja\" href=\"https:\/\/www.tiktok.com\/@a_tu_ja?refer=embed\">@a_tu_ja<\/a> <p>Las Palmas de Gran Canaria &#8211; 13.12.2025 <a title=\"grancanaria\" target=\"_blank\" href=\"https:\/\/www.tiktok.com\/tag\/grancanaria?refer=embed\">#grancanaria<\/a> <a title=\"grancanaria\ud83c\uddee\ud83c\udde8\" target=\"_blank\" href=\"https:\/\/www.tiktok.com\/tag\/grancanaria%F0%9F%87%AE%F0%9F%87%A8?refer=embed\">#grancanaria\ud83c\uddee\ud83c\udde8<\/a> <a title=\"canaryisland\" target=\"_blank\" href=\"https:\/\/www.tiktok.com\/tag\/canaryisland?refer=embed\">#canaryisland<\/a> <a title=\"canary\" target=\"_blank\" href=\"https:\/\/www.tiktok.com\/tag\/canary?refer=embed\">#canary<\/a> <a title=\"wind\" target=\"_blank\" href=\"https:\/\/www.tiktok.com\/tag\/wind?refer=embed\">#wind<\/a> <\/p> <a target=\"_blank\" title=\"\u266c \u0e40\u0e2a\u0e35\u0e22\u0e07\u0e15\u0e49\u0e19\u0e09\u0e1a\u0e31\u0e1a - \u0e17\u0e35\u0e22\u0e39' \u0e40\u0e2d\u0e47\u0e21 - Qwrdtgg\" href=\"https:\/\/www.tiktok.com\/music\/\u0e40\u0e2a\u0e35\u0e22\u0e07\u0e15\u0e49\u0e19\u0e09\u0e1a\u0e31\u0e1a-\u0e17\u0e35\u0e22\u0e39\u0e40\u0e2d\u0e47\u0e21-6917949183182162689?refer=embed\">\u266c \u0e40\u0e2a\u0e35\u0e22\u0e07\u0e15\u0e49\u0e19\u0e09\u0e1a\u0e31\u0e1a &#8211; \u0e17\u0e35\u0e22\u0e39&#8217; \u0e40\u0e2d\u0e47\u0e21 &#8211; Qwrdtgg<\/a> <\/section> <\/blockquote> <script async src=\"https:\/\/www.tiktok.com\/embed.js\"><\/script>\n<\/div><\/figure>\n\n\n\n<p>Mocne podmuchy ko\u0142ysa\u0142y palmami, stwarzaj\u0105c zagro\u017cenie dla przechodni\u00f3w, chocia\u017c wiele ludzi pozosta\u0142o w  domach. <strong>ZOBACZ VIDEO:<\/strong> <\/p>\n\n\n\n<figure class=\"wp-block-embed is-type-video is-provider-tiktok wp-block-embed-tiktok\"><div class=\"wp-block-embed__wrapper\">\n<blockquote class=\"tiktok-embed\" cite=\"https:\/\/www.tiktok.com\/@thecicer\/video\/7583393666123730198\" data-video-id=\"7583393666123730198\" data-embed-from=\"oembed\" style=\"max-width:605px; min-width:325px;\"> <section> <a target=\"_blank\" title=\"@thecicer\" href=\"https:\/\/www.tiktok.com\/@thecicer?refer=embed\">@thecicer<\/a> <p><a title=\"tormenta\" target=\"_blank\" href=\"https:\/\/www.tiktok.com\/tag\/tormenta?refer=embed\">#tormenta<\/a> <a title=\"lluvia\" target=\"_blank\" href=\"https:\/\/www.tiktok.com\/tag\/lluvia?refer=embed\">#lluvia<\/a> <a title=\"viento\" target=\"_blank\" href=\"https:\/\/www.tiktok.com\/tag\/viento?refer=embed\">#viento<\/a><a title=\"islascanarias\" target=\"_blank\" href=\"https:\/\/www.tiktok.com\/tag\/islascanarias?refer=embed\">#islascanarias<\/a> <a title=\"nieve\" target=\"_blank\" href=\"https:\/\/www.tiktok.com\/tag\/nieve?refer=embed\">#nieve<\/a> <\/p> <a target=\"_blank\" title=\"\u266c AC DC Shook Me All Night Long - Pilot Wife\" href=\"https:\/\/www.tiktok.com\/music\/AC-DC-Shook-Me-All-Night-Long-7197609183670225706?refer=embed\">\u266c AC DC Shook Me All Night Long &#8211; Pilot Wife<\/a> <\/section> <\/blockquote> <script async src=\"https:\/\/www.tiktok.com\/embed.js\"><\/script>\n<\/div><\/figure>\n\n\n\n<p>Pot\u0119\u017cna si\u0142a wiatru zrywa\u0142a m.in. urz\u0105dzenia sygnalizacji \u015bwietlnej, powygina\u0142a znaki drogowe, a nawet przewr\u00f3ci\u0142a olbrzymie s\u0142upy energetyczne. <strong>ZOBACZ VIDEO: <\/strong><\/p>\n\n\n\n<figure class=\"wp-block-embed is-type-video is-provider-tiktok wp-block-embed-tiktok\"><div class=\"wp-block-embed__wrapper\">\n<blockquote class=\"tiktok-embed\" cite=\"https:\/\/www.tiktok.com\/@soyyeraysanchez\/video\/7583290743297477910\" data-video-id=\"7583290743297477910\" data-embed-from=\"oembed\" style=\"max-width:605px; min-width:325px;\"> <section> <a target=\"_blank\" title=\"@soyyeraysanchez\" href=\"https:\/\/www.tiktok.com\/@soyyeraysanchez?refer=embed\">@soyyeraysanchez<\/a> <p>PELIGROSO, El temporal en Gran Canaria, recuerden que la corriente salta del cable! <a title=\"temporal\" target=\"_blank\" href=\"https:\/\/www.tiktok.com\/tag\/temporal?refer=embed\">#temporal<\/a> <a title=\"grancanaria\" target=\"_blank\" href=\"https:\/\/www.tiktok.com\/tag\/grancanaria?refer=embed\">#grancanaria<\/a> <a title=\"borrascaemilia\" target=\"_blank\" href=\"https:\/\/www.tiktok.com\/tag\/borrascaemilia?refer=embed\">#borrascaemilia<\/a> <a title=\"islascanarias\" target=\"_blank\" href=\"https:\/\/www.tiktok.com\/tag\/islascanarias?refer=embed\">#islascanarias<\/a> <\/p> <a target=\"_blank\" title=\"\u266c sonido original - Yeray S\u00e1nchez\" href=\"https:\/\/www.tiktok.com\/music\/sonido-original-7583290758008802070?refer=embed\">\u266c sonido original &#8211; Yeray S\u00e1nchez<\/a> <\/section> <\/blockquote> <script async src=\"https:\/\/www.tiktok.com\/embed.js\"><\/script>\n<\/div><\/figure>\n\n\n\n<p>W stolicy Gran Canarii Las Palmas wichura poprzewraca\u0142a drzewa. We wschodniej cz\u0119\u015bci wyspy, w Telde olbrzymia palma spad\u0142a na kilka samochod\u00f3w. Nikt nie zosta\u0142 ranny. <strong>ZOBACZ VIDEO:<\/strong> <\/p>\n\n\n\n<figure class=\"wp-block-embed is-type-video is-provider-tiktok wp-block-embed-tiktok\"><div class=\"wp-block-embed__wrapper\">\n<blockquote class=\"tiktok-embed\" cite=\"https:\/\/www.tiktok.com\/@grancanariatv.com\/video\/7583192504699292950\" data-video-id=\"7583192504699292950\" data-embed-from=\"oembed\" style=\"max-width:605px; min-width:325px;\"> <section> <a target=\"_blank\" title=\"@grancanariatv.com\" href=\"https:\/\/www.tiktok.com\/@grancanariatv.com?refer=embed\">@grancanariatv.com<\/a> <p>Ca\u00edda de \u00e1rbol sobre veh\u00edculos en la Calle Mariucha, Schamann, Las Palmas de Gran Canaria grancanaria<\/p> <a target=\"_blank\" title=\"\u266c sonido original - grancanariatv - grancanariatv\" href=\"https:\/\/www.tiktok.com\/music\/sonido-original-grancanariatv-7583192650367372054?refer=embed\">\u266c sonido original &#8211; grancanariatv &#8211; grancanariatv<\/a> <\/section> <\/blockquote> <script async src=\"https:\/\/www.tiktok.com\/embed.js\"><\/script>\n<\/div><\/figure>\n\n\n\n<p>Na Oceanie Atlantyckim szala\u0142 sztorm i fale dochodz\u0105ce do 9 metr\u00f3w wysoko\u015bci. Woda przelewa\u0142a si\u0119 przez falochrony. <strong>ZOBACZ VIDEO: <\/strong><\/p>\n\n\n\n<figure class=\"wp-block-embed is-type-video is-provider-tiktok wp-block-embed-tiktok\"><div class=\"wp-block-embed__wrapper\">\n<blockquote class=\"tiktok-embed\" cite=\"https:\/\/www.tiktok.com\/@laprovincia.es\/video\/7583357936127266080\" data-video-id=\"7583357936127266080\" data-embed-from=\"oembed\" style=\"max-width:605px; min-width:325px;\"> <section> <a target=\"_blank\" title=\"@laprovincia.es\" href=\"https:\/\/www.tiktok.com\/@laprovincia.es?refer=embed\">@laprovincia.es<\/a> <p>Temporal de mar en El Agujero, en G\u00e1ldar, por la borrasca Emilia \ud83c\udf0a La borrasca Emilia deja su fuerte impacto en las zonas costeras de Gran Canaria, como en El Agujero, en el municipio norte\u00f1o de G\u00e1ldar. Canarias est\u00e1 en alerta m\u00e1xima por fen\u00f3menos costeros \u203c\ufe0f La borrasca Emilia ha marcado la jornada de la madrugada y tambi\u00e9n en lo que va de ma\u00f1ana de este s\u00e1bado, 13 de diciembre, en Gran Canaria, donde las autoridades insulares mantienen activas las recomendaciones de autoprotecci\u00f3n ante la combinaci\u00f3n de lluvia, viento y fuerte oleaje. \ud83d\udea8 Seg\u00fan el balance ofrecido a primera hora de hoy por el director t\u00e9cnico del Plan Insular de Protecci\u00f3n Civil (PEIN), Carlos Vel\u00e1zquez, hasta las 9.00 horas de este s\u00e1bado se han contabilizado 104 incidencias, ninguna de ellas de car\u00e1cter grave. \ud83d\udccd M\u00e1s informaci\u00f3n en laprovincia.es \ud83d\uddde\ufe0f<\/p> <a target=\"_blank\" title=\"\u266c sonido original - La Provincia\" href=\"https:\/\/www.tiktok.com\/music\/sonido-original-7583358017274399520?refer=embed\">\u266c sonido original &#8211; La Provincia<\/a> <\/section> <\/blockquote> <script async src=\"https:\/\/www.tiktok.com\/embed.js\"><\/script>\n<\/div><\/figure>\n\n\n\n<p>13 grudnia prom obs\u0142ugiwany przez Fred Olsen Express mia\u0142 powa\u017cne trudno\u015bci z zacumowaniem w porcie Las Nieves w Agaete na p\u00f3\u0142nocy Gran Canarii z powodu bardzo wzburzonego morza. <strong>ZOBACZ VIDEO: <\/strong><\/p>\n\n\n\n<figure class=\"wp-block-embed is-type-video is-provider-tiktok wp-block-embed-tiktok\"><div class=\"wp-block-embed__wrapper\">\n<blockquote class=\"tiktok-embed\" cite=\"https:\/\/www.tiktok.com\/@yoamocanarias\/video\/7583419640320150806\" data-video-id=\"7583419640320150806\" data-embed-from=\"oembed\" style=\"max-width:605px; min-width:325px;\"> <section> <a target=\"_blank\" title=\"@yoamocanarias\" href=\"https:\/\/www.tiktok.com\/@yoamocanarias?refer=embed\">@yoamocanarias<\/a> <p>Y seguimos en las mismas, el Gobierno de Canarias da alerta m\u00e1xima por fen\u00f3menos costeros y Fred Olsen sigue operando. En Enero de 2021 el ferry Bentago Express encall\u00f3 en la bocana del puerto de Las Nieves, Agaete, en Gran Canaria, debido a un fuerte temporal con vientos intensos y oleaje mientras realizaba la maniobra de atraque. Se produjo un derrame de combustible, generando una gran mancha en la costa.<\/p> <a target=\"_blank\" title=\"\u266c sonido original - Yo Amo Canarias\" href=\"https:\/\/www.tiktok.com\/music\/sonido-original-7583419649656638211?refer=embed\">\u266c sonido original &#8211; Yo Amo Canarias<\/a> <\/section> <\/blockquote> <script async src=\"https:\/\/www.tiktok.com\/embed.js\"><\/script>\n<\/div><\/figure>\n\n\n\n<p>W\u0142adze zamkn\u0119\u0142y niekt\u00f3re pla\u017ce. Jednak przy nadmorskich promenadach pojawi\u0142o si\u0119 sporo ludzi, kt\u00f3rzy tak trudne warunki morskie potraktowali, jako dodatkow\u0105 atrakcj\u0119, kt\u00f3r\u0105 koniecznie trzeba zobaczy\u0107. Na Teneryfie olbrzymia fala przewr\u00f3ci\u0142a kilka os\u00f3b stoj\u0105cych przy brzegu. <strong>ZOBACZ VIDEO: <\/strong><\/p>\n\n\n\n<figure class=\"wp-block-embed is-type-video is-provider-tiktok wp-block-embed-tiktok\"><div class=\"wp-block-embed__wrapper\">\n<blockquote class=\"tiktok-embed\" cite=\"https:\/\/www.tiktok.com\/@tenerife.life4\/video\/7583360668326251798\" data-video-id=\"7583360668326251798\" data-embed-from=\"oembed\" style=\"max-width:605px; min-width:325px;\"> <section> <a target=\"_blank\" title=\"@tenerife.life4\" href=\"https:\/\/www.tiktok.com\/@tenerife.life4?refer=embed\">@tenerife.life4<\/a> <p><a title=\"mar\" target=\"_blank\" href=\"https:\/\/www.tiktok.com\/tag\/mar?refer=embed\">#mar<\/a> <a title=\"porti\" target=\"_blank\" href=\"https:\/\/www.tiktok.com\/tag\/porti?refer=embed\">#porti<\/a> <a title=\"fyp\" target=\"_blank\" href=\"https:\/\/www.tiktok.com\/tag\/fyp?refer=embed\">#fyp<\/a> <a title=\"info\" target=\"_blank\" href=\"https:\/\/www.tiktok.com\/tag\/info?refer=embed\">#info<\/a> <a title=\"es\" target=\"_blank\" href=\"https:\/\/www.tiktok.com\/tag\/es?refer=embed\">#es<\/a> <\/p> <a target=\"_blank\" title=\"\u266c Mer - Bruit de la Mer avec Mouettes - We Are Zen &#038; Relax\" href=\"https:\/\/www.tiktok.com\/music\/Mer-Bruit-de-la-Mer-avec-Mouettes-6799736530408572929?refer=embed\">\u266c Mer &#8211; Bruit de la Mer avec Mouettes &#8211; We Are Zen &#038; Relax<\/a> <\/section> <\/blockquote> <script async src=\"https:\/\/www.tiktok.com\/embed.js\"><\/script>\n<\/div><\/figure>\n\n\n\n<p>Na Fuerteventurze w Puerto de Rosario samoch\u00f3d utkn\u0105\u0142 na b\u0142otnistym terenie w w\u0105wozie. Po chwili pojawi\u0142o si\u0119 tam sporo wody, a rodzina z 6-letnim dzieckiem zosta\u0142a unieruchomiona w poje\u017adzie i na pomoc wezwano ratownik\u00f3w, kt\u00f3rzy wyci\u0105gn\u0119li poszkodowanych.<\/p>\n\n\n\n<figure class=\"wp-block-image size-large\"><img fetchpriority=\"high\" decoding=\"async\" width=\"1024\" height=\"537\" src=\"http:\/\/nakanarach.pl\/wp-content\/uploads\/2025\/12\/Auto-w-wawozie-Uratowali-dziecko-Ayuntamiento-Puerto-del-Rosario-1024x537.jpg\" alt=\"\" class=\"wp-image-12424\" srcset=\"https:\/\/nakanarach.pl\/wp-content\/uploads\/2025\/12\/Auto-w-wawozie-Uratowali-dziecko-Ayuntamiento-Puerto-del-Rosario-1024x537.jpg 1024w, https:\/\/nakanarach.pl\/wp-content\/uploads\/2025\/12\/Auto-w-wawozie-Uratowali-dziecko-Ayuntamiento-Puerto-del-Rosario-300x157.jpg 300w, https:\/\/nakanarach.pl\/wp-content\/uploads\/2025\/12\/Auto-w-wawozie-Uratowali-dziecko-Ayuntamiento-Puerto-del-Rosario-768x403.jpg 768w, https:\/\/nakanarach.pl\/wp-content\/uploads\/2025\/12\/Auto-w-wawozie-Uratowali-dziecko-Ayuntamiento-Puerto-del-Rosario.jpg 1200w\" sizes=\"(max-width: 1024px) 100vw, 1024px\" \/><figcaption class=\"wp-element-caption\"><strong><em>Foto: Ayuntamiento de Puerto del Rosario<\/em><\/strong><\/figcaption><\/figure>\n\n\n\n<p>Tak\u017ce mi\u0119dzy innymi na kontynentalnej Hiszpanii, w miejscowo\u015bci Santander oraz na kanaryjskiej Fuerteventurze i Lanzarote woda zala\u0142a niekt\u00f3re ulice, kt\u00f3re zamieni\u0142y si\u0119 w rw\u0105ce potoki. <strong>ZOBACZ VIDEO: <\/strong><\/p>\n\n\n\n<figure class=\"wp-block-embed is-type-video is-provider-tiktok wp-block-embed-tiktok\"><div class=\"wp-block-embed__wrapper\">\n<blockquote class=\"tiktok-embed\" cite=\"https:\/\/www.tiktok.com\/@viki32gc\/video\/7583354466598948118\" data-video-id=\"7583354466598948118\" data-embed-from=\"oembed\" style=\"max-width:605px; min-width:325px;\"> <section> <a target=\"_blank\" title=\"@viki32gc\" href=\"https:\/\/www.tiktok.com\/@viki32gc?refer=embed\">@viki32gc<\/a> <p><\/p> <a target=\"_blank\" title=\"\u266c sonido original - Jey uso\" href=\"https:\/\/www.tiktok.com\/music\/sonido-original-7583354462320872214?refer=embed\">\u266c sonido original &#8211; Jey uso<\/a> <\/section> <\/blockquote> <script async src=\"https:\/\/www.tiktok.com\/embed.js\"><\/script>\n<\/div><\/figure>\n\n\n\n<p>Na archipelagu w niekt\u00f3rych rejonach spad\u0142o 111 litr\u00f3w deszczu, a w rejonie Walencji i Maladze prognozowano nawet 250 litr\u00f3w na metr kwadratowy.  <strong>ZOBACZ VIDEO: <\/strong><\/p>\n\n\n\n<figure class=\"wp-block-embed is-type-video is-provider-tiktok wp-block-embed-tiktok\"><div class=\"wp-block-embed__wrapper\">\n<blockquote class=\"tiktok-embed\" cite=\"https:\/\/www.tiktok.com\/@azcostadelsol\/video\/7583350541330189590\" data-video-id=\"7583350541330189590\" data-embed-from=\"oembed\" style=\"max-width:605px; min-width:325px;\"> <section> <a target=\"_blank\" title=\"@azcostadelsol\" href=\"https:\/\/www.tiktok.com\/@azcostadelsol?refer=embed\">@azcostadelsol<\/a> <p><a title=\"m\u00e1laga\" target=\"_blank\" href=\"https:\/\/www.tiktok.com\/tag\/m%C3%A1laga?refer=embed\">#M\u00c1LAGA<\/a> \ud83c\udfa5El fuerte temporal de levante causa estragos en las playas de M\u00e1laga. As\u00ed ha quedado El Balneario despu\u00e9s de esta madrugada.<\/p> <a target=\"_blank\" title=\"\u266c Weekly news - DepasRec\" href=\"https:\/\/www.tiktok.com\/music\/Weekly-news-7377823246755940406?refer=embed\">\u266c Weekly news &#8211; DepasRec<\/a> <\/section> <\/blockquote> <script async src=\"https:\/\/www.tiktok.com\/embed.js\"><\/script>\n<\/div><\/figure>\n\n\n\n<p>Ulewne i raczej rzadko spotykane w turystycznych kurortach opady deszczu spowodowa\u0142y, \u017ce pojawi\u0142y si\u0119 przecieki w niekt\u00f3rych kanaryjskich hotelach, w sklepie na Teneryfie, na targu miejskim na Gran Canarii oraz w hali sportowej na Lanzarote. <strong>ZOBACZ VIDEO: <\/strong><\/p>\n\n\n\n<figure class=\"wp-block-embed is-type-video is-provider-tiktok wp-block-embed-tiktok\"><div class=\"wp-block-embed__wrapper\">\n<blockquote class=\"tiktok-embed\" cite=\"https:\/\/www.tiktok.com\/@vicp2257\/video\/7583485871924546838\" data-video-id=\"7583485871924546838\" data-embed-from=\"oembed\" style=\"max-width:605px; min-width:325px;\"> <section> <a target=\"_blank\" title=\"@vicp2257\" href=\"https:\/\/www.tiktok.com\/@vicp2257?refer=embed\">@vicp2257<\/a> <p>inundado El Corte Ingl\u00e9s de Santa Cruz de Tenerife por las fuertes lluvias <a title=\"elcorteingles\" target=\"_blank\" href=\"https:\/\/www.tiktok.com\/tag\/elcorteingles?refer=embed\">#elcorteingles<\/a> <a title=\"tenerife\" target=\"_blank\" href=\"https:\/\/www.tiktok.com\/tag\/tenerife?refer=embed\">#tenerife<\/a> <a title=\"emilia\" target=\"_blank\" href=\"https:\/\/www.tiktok.com\/tag\/emilia?refer=embed\">#emilia<\/a> <a title=\"lluvia\" target=\"_blank\" href=\"https:\/\/www.tiktok.com\/tag\/lluvia?refer=embed\">#lluvia<\/a> <a title=\"canarias\" target=\"_blank\" href=\"https:\/\/www.tiktok.com\/tag\/canarias?refer=embed\">#canarias<\/a> <\/p> <a target=\"_blank\" title=\"\u266c sonido original - viva el humor\" href=\"https:\/\/www.tiktok.com\/music\/sonido-original-7583485885273033494?refer=embed\">\u266c sonido original &#8211; viva el humor<\/a> <\/section> <\/blockquote> <script async src=\"https:\/\/www.tiktok.com\/embed.js\"><\/script>\n<\/div><\/figure>\n\n\n\n<figure class=\"wp-block-embed is-type-video is-provider-tiktok wp-block-embed-tiktok\"><div class=\"wp-block-embed__wrapper\">\n<blockquote class=\"tiktok-embed\" cite=\"https:\/\/www.tiktok.com\/@a_tu_ja\/video\/7583342242874658070\" data-video-id=\"7583342242874658070\" data-embed-from=\"oembed\" style=\"max-width:605px; min-width:325px;\"> <section> <a target=\"_blank\" title=\"@a_tu_ja\" href=\"https:\/\/www.tiktok.com\/@a_tu_ja?refer=embed\">@a_tu_ja<\/a> <p>Sercotel Playa Canteras &#8211; 13.12.2025 <a title=\"grancanaria\" target=\"_blank\" href=\"https:\/\/www.tiktok.com\/tag\/grancanaria?refer=embed\">#grancanaria<\/a> <a title=\"canary\" target=\"_blank\" href=\"https:\/\/www.tiktok.com\/tag\/canary?refer=embed\">#canary<\/a> <a title=\"canaryisland\" target=\"_blank\" href=\"https:\/\/www.tiktok.com\/tag\/canaryisland?refer=embed\">#canaryisland<\/a> <a title=\"stormemilia\" target=\"_blank\" href=\"https:\/\/www.tiktok.com\/tag\/stormemilia?refer=embed\">#stormemilia<\/a> <a title=\"storm\" target=\"_blank\" href=\"https:\/\/www.tiktok.com\/tag\/storm?refer=embed\">#storm<\/a> <\/p> <a target=\"_blank\" title=\"\u266c original sound - a_tu_ja\" href=\"https:\/\/www.tiktok.com\/music\/original-sound-7583342256707341058?refer=embed\">\u266c original sound &#8211; a_tu_ja<\/a> <\/section> <\/blockquote> <script async src=\"https:\/\/www.tiktok.com\/embed.js\"><\/script>\n<\/div><\/figure>\n\n\n\n<p>Na Wyspach Kanaryjskich pojawi\u0142a si\u0119 te\u017c zimowa aura i ujemne temperatury. \u015anieg spad\u0142 na szczytach Teneryfy, La Palmy i Gran Canarii. Miejscami by\u0142o tam 1,5 metra pokrywy \u015bnie\u017cnej, co wywo\u0142a\u0142o sensacj\u0119 w mediach i w\u015br\u00f3d mieszka\u0144c\u00f3w. Z powodu silnego wiatru oraz oblodzenia wszystkie drogi dojazdowe do Parku Narodowego Teide oraz na szczyty na Gran Canarii zosta\u0142y oficjalnie zamkni\u0119te decyzj\u0105 w\u0142adz wyspy, a zaplanowane na weekend wycieczki odwo\u0142ano. Ograniczono te\u017c wst\u0119p do s\u0142ynnego w\u0105wozu Masca. W weekend w nocy i nad ranem na szczycie Teneryfy zanotowano -2 stopnie, na Gran Canarii w San Mateo 3,5, z kolei w licznie odwiedzanych przez turyst\u00f3w Tejedzie 4,5, a w Maspalomas 12 stopni Celsjusza. <strong>ZOBACZ VIDEO: <\/strong><\/p>\n\n\n\n<figure class=\"wp-block-embed is-type-video is-provider-tiktok wp-block-embed-tiktok\"><div class=\"wp-block-embed__wrapper\">\n<blockquote class=\"tiktok-embed\" cite=\"https:\/\/www.tiktok.com\/@laislabonitatenerife\/video\/7583322566245223702\" data-video-id=\"7583322566245223702\" data-embed-from=\"oembed\" style=\"max-width:605px; min-width:325px;\"> <section> <a target=\"_blank\" title=\"@laislabonitatenerife\" href=\"https:\/\/www.tiktok.com\/@laislabonitatenerife?refer=embed\">@laislabonitatenerife<\/a> <p><a title=\"tenerife\" target=\"_blank\" href=\"https:\/\/www.tiktok.com\/tag\/tenerife?refer=embed\">#tenerife<\/a> <a title=\"canarias\" target=\"_blank\" href=\"https:\/\/www.tiktok.com\/tag\/canarias?refer=embed\">#canarias<\/a>  <a title=\"nieve\" target=\"_blank\" href=\"https:\/\/www.tiktok.com\/tag\/nieve?refer=embed\">#nieve<\/a>  <a title=\"invierno\" target=\"_blank\" href=\"https:\/\/www.tiktok.com\/tag\/invierno?refer=embed\">#invierno<\/a> <\/p> <a target=\"_blank\" title=\"\u266c sonido original - \ud83c\udfddLa Isla Bonita, Tenerife\ud83c\udfdd\" href=\"https:\/\/www.tiktok.com\/music\/sonido-original-7583322561811925782?refer=embed\">\u266c sonido original &#8211; \ud83c\udfddLa Isla Bonita, Tenerife\ud83c\udfdd<\/a> <\/section> <\/blockquote> <script async src=\"https:\/\/www.tiktok.com\/embed.js\"><\/script>\n<\/div><\/figure>\n\n\n\n<p>14 grudnia najwi\u0119cej odwo\u0142anych lot\u00f3w, g\u0142\u00f3wnie pomi\u0119dzy wyspami &#8211; 8 odnotowano na lotnisku La Palma. Dwa kolejne odwo\u0142ano na lotnisku La Gomera oraz jeden lot mi\u0119dzy wyspami na lotnisku Teneryfa P\u00f3\u0142noc. Niekt\u00f3re loty przekierowano na inne lotniska lub s\u0105siednie wyspy. Ale w rejonie g\u00f3rskim, w \u015brodkowej cz\u0119\u015bci Gran Canarii oraz na tamtejszym lotnisku spad\u0142 niespotykany od wielu lat grad. Niekt\u00f3rzy mieszka\u0144cy zobaczyli go po raz pierwszy w \u017cyciu. <\/p>\n\n\n\n<ul class=\"wp-block-list\">\n<li>Przylecieli\u015bmy na Gran Canari\u0119 z 2-godzinnym op\u00f3\u017anieniem. Po wyl\u0105dowaniu przywita\u0142 nas deszcz. Na po\u0142udniu wyspy jest mokro, ale przyjemnie. <strong>ZOBACZ VIDEO: <\/strong><\/li>\n<\/ul>\n\n\n\n<figure class=\"wp-block-embed is-type-video is-provider-tiktok wp-block-embed-tiktok\"><div class=\"wp-block-embed__wrapper\">\n<blockquote class=\"tiktok-embed\" cite=\"https:\/\/www.tiktok.com\/@grancanariatv.com\/video\/7583310396761869570\" data-video-id=\"7583310396761869570\" data-embed-from=\"oembed\" style=\"max-width:605px; min-width:325px;\"> <section> <a target=\"_blank\" title=\"@grancanariatv.com\" href=\"https:\/\/www.tiktok.com\/@grancanariatv.com?refer=embed\">@grancanariatv.com<\/a> <p>Granizando en el aeropuerto de Gran Canaria grancanaria aeropuerto granizo<\/p> <a target=\"_blank\" title=\"\u266c sonido original - grancanariatv - grancanariatv\" href=\"https:\/\/www.tiktok.com\/music\/sonido-original-grancanariatv-7583310414169295638?refer=embed\">\u266c sonido original &#8211; grancanariatv &#8211; grancanariatv<\/a> <\/section> <\/blockquote> <script async src=\"https:\/\/www.tiktok.com\/embed.js\"><\/script>\n<\/div><\/figure>\n\n\n\n<p>Ale pocieszaj\u0105ce jest to, \u017ce po burzy przychodzi s\u0142o\u0144ce. Pogoda na Wyspach Kanaryjskich z ka\u017cdym dniem ma si\u0119 poprawia\u0107. Od po\u0142owy grudnia w turystycznych kurortach prognozowane s\u0105 temperatury od 20 &#8211; 23 stopni w cieniu, co oznacza, \u017ce s\u0142o\u0144cu b\u0119dzie o kilka stopni cieplej. W nocy ma by\u0107 od 14 do 17 stopni Celsjusza. <\/p>\n\n\n\n<p><strong>CZYTAJ NASZ ARTYKU\u0141 TAK\u017bE NA NAJWI\u0118KSZYM POLSKIM PORTALU WIRTUALNA POLSKA:<\/strong><\/p>\n\n\n\n<p><a href=\"https:\/\/turystyka.wp.pl\/s\/nakanarach-pl\/armagedon-pogodowy-na-wyspach-zwolano-sztab-kryzysowy-7232752792095680a\">https:\/\/turystyka.wp.pl\/s\/nakanarach-pl\/armagedon-pogodowy-na-wyspach-zwolano-sztab-kryzysowy-7232752792095680a<\/a><\/p>\n\n\n\n<p>Foto: Facebook\/Ayuntamiento de Puerto del Rosario<\/p>\n","protected":false},"excerpt":{"rendered":"<p>HISZPANIA\/WYSPY KANARYJSKIE: To by\u0142 pogodowy armagedon w Hiszpanii i na Wyspach Kanaryjskich. Pot\u0119\u017cna burza Emilia spowodowa\u0142a zalanie niekt\u00f3rych ulic i nadmorskich lokali, a wej\u015bcia do nieruchomo\u015bci zabezpieczono workami z piaskiem. Do tego miejscami pojawi\u0142 si\u0119 huraganowy wiatr, fale na oceanie do 9 metr\u00f3w wysoko\u015bci oraz \u015bnieg i ujemne temperatury. Niekt\u00f3re loty by\u0142y op\u00f3\u017anione o kilka [&hellip;]<\/p>\n","protected":false},"author":4,"featured_media":12423,"comment_status":"closed","ping_status":"open","sticky":false,"template":"","format":"standard","meta":{"om_disable_all_campaigns":false,"_monsterinsights_skip_tracking":false,"_monsterinsights_sitenote_active":false,"_monsterinsights_sitenote_note":"","_monsterinsights_sitenote_category":0,"footnotes":""},"categories":[12],"tags":[],"class_list":["post-12422","post","type-post","status-publish","format-standard","has-post-thumbnail","hentry","category-aktualnosci"],"aioseo_notices":[],"blog_post_layout_featured_media_urls":{"thumbnail":["https:\/\/nakanarach.pl\/wp-content\/uploads\/2025\/12\/Auto-w-wawozie-Ayto-Puerto-del-Rosario-150x150.jpg",150,150,true],"full":["https:\/\/nakanarach.pl\/wp-content\/uploads\/2025\/12\/Auto-w-wawozie-Ayto-Puerto-del-Rosario.jpg",899,471,false]},"categories_names":{"12":{"name":"Aktualno\u015bci","link":"https:\/\/nakanarach.pl\/index.php\/category\/aktualnosci\/"}},"tags_names":[],"comments_number":"0","wpmagazine_modules_lite_featured_media_urls":{"thumbnail":["https:\/\/nakanarach.pl\/wp-content\/uploads\/2025\/12\/Auto-w-wawozie-Ayto-Puerto-del-Rosario-150x150.jpg",150,150,true],"cvmm-medium":["https:\/\/nakanarach.pl\/wp-content\/uploads\/2025\/12\/Auto-w-wawozie-Ayto-Puerto-del-Rosario-300x300.jpg",300,300,true],"cvmm-medium-plus":["https:\/\/nakanarach.pl\/wp-content\/uploads\/2025\/12\/Auto-w-wawozie-Ayto-Puerto-del-Rosario-305x207.jpg",305,207,true],"cvmm-portrait":["https:\/\/nakanarach.pl\/wp-content\/uploads\/2025\/12\/Auto-w-wawozie-Ayto-Puerto-del-Rosario-400x471.jpg",400,471,true],"cvmm-medium-square":["https:\/\/nakanarach.pl\/wp-content\/uploads\/2025\/12\/Auto-w-wawozie-Ayto-Puerto-del-Rosario-600x471.jpg",600,471,true],"cvmm-large":["https:\/\/nakanarach.pl\/wp-content\/uploads\/2025\/12\/Auto-w-wawozie-Ayto-Puerto-del-Rosario.jpg",899,471,false],"cvmm-small":["https:\/\/nakanarach.pl\/wp-content\/uploads\/2025\/12\/Auto-w-wawozie-Ayto-Puerto-del-Rosario-130x95.jpg",130,95,true],"full":["https:\/\/nakanarach.pl\/wp-content\/uploads\/2025\/12\/Auto-w-wawozie-Ayto-Puerto-del-Rosario.jpg",899,471,false]},"_links":{"self":[{"href":"https:\/\/nakanarach.pl\/index.php\/wp-json\/wp\/v2\/posts\/12422","targetHints":{"allow":["GET"]}}],"collection":[{"href":"https:\/\/nakanarach.pl\/index.php\/wp-json\/wp\/v2\/posts"}],"about":[{"href":"https:\/\/nakanarach.pl\/index.php\/wp-json\/wp\/v2\/types\/post"}],"author":[{"embeddable":true,"href":"https:\/\/nakanarach.pl\/index.php\/wp-json\/wp\/v2\/users\/4"}],"replies":[{"embeddable":true,"href":"https:\/\/nakanarach.pl\/index.php\/wp-json\/wp\/v2\/comments?post=12422"}],"version-history":[{"count":18,"href":"https:\/\/nakanarach.pl\/index.php\/wp-json\/wp\/v2\/posts\/12422\/revisions"}],"predecessor-version":[{"id":12508,"href":"https:\/\/nakanarach.pl\/index.php\/wp-json\/wp\/v2\/posts\/12422\/revisions\/12508"}],"wp:featuredmedia":[{"embeddable":true,"href":"https:\/\/nakanarach.pl\/index.php\/wp-json\/wp\/v2\/media\/12423"}],"wp:attachment":[{"href":"https:\/\/nakanarach.pl\/index.php\/wp-json\/wp\/v2\/media?parent=12422"}],"wp:term":[{"taxonomy":"category","embeddable":true,"href":"https:\/\/nakanarach.pl\/index.php\/wp-json\/wp\/v2\/categories?post=12422"},{"taxonomy":"post_tag","embeddable":true,"href":"https:\/\/nakanarach.pl\/index.php\/wp-json\/wp\/v2\/tags?post=12422"}],"curies":[{"name":"wp","href":"https:\/\/api.w.org\/{rel}","templated":true}]}}