{"id":12506,"date":"2025-12-19T08:37:04","date_gmt":"2025-12-19T08:37:04","guid":{"rendered":"https:\/\/nakanarach.pl\/?p=12506"},"modified":"2025-12-19T08:53:59","modified_gmt":"2025-12-19T08:53:59","slug":"gigantyczna-kara-za-nielegalne-reklamy-wynajmu-wakacyjnego","status":"publish","type":"post","link":"https:\/\/nakanarach.pl\/index.php\/2025\/12\/19\/gigantyczna-kara-za-nielegalne-reklamy-wynajmu-wakacyjnego\/","title":{"rendered":"GIGANTYCZNA KARA ZA NIELEGALNE REKLAMY WYNAJMU WAKACYJNEGO"},"content":{"rendered":"\n<p><strong>HISZPANIA: Olbrzymi\u0105 kar\u0119 na jedn\u0105 z najwi\u0119kszych \u015bwiatowych platform rezerwacyjnych na\u0142o\u017cy\u0142o hiszpa\u0144skie Ministerstwo Spraw Spo\u0142ecznych i Spraw Konsumenckich. Airbnb ma zap\u0142aci\u0107 kar\u0119 w wysoko\u015bci ponad 64 mln euro (275 mln z\u0142) za reklamowanie tysi\u0119cy nielicencjonowanych obiekt\u00f3w wakacyjnych w tym popularnym w\u015br\u00f3d turyst\u00f3w kraju.<\/strong><\/p>\n\n\n\n<p>Kara w wysoko\u015bci 64 055 311 euro zosta\u0142a zatwierdzona przez ministerstwo kierowane przez Pablo Bustinduy i jest teraz ostateczna po odrzuceniu wcze\u015bniejszego odwo\u0142ania Airbnb. Opr\u00f3cz kary finansowej firma zosta\u0142a zobowi\u0105zana do usuni\u0119cia niezgodnych z prawem og\u0142osze\u0144 i publicznego potwierdzenia na\u0142o\u017cenia grzywny.<\/p>\n\n\n\n<p>Wed\u0142ug w\u0142adz, w 65122 og\u0142oszeniach opublikowanych na platformie wykryto naruszenia prawa konsumenckiego. \u015aledczy ustalili, \u017ce Airbnb reklamowa\u0142o nieruchomo\u015bci turystyczne bez wymaganych licencji, podawa\u0142o numery licencji lub rejestracji, kt\u00f3re nie zgadza\u0142y si\u0119 z oficjalnymi danymi, lub nie podawa\u0142o jasno statusu prawnego nieruchomo\u015bci. Praktyki te uznano za wprowadzaj\u0105ce konsument\u00f3w w b\u0142\u0105d. Spo\u015br\u00f3d 65 tys. nielegalnych ofert wykrytych w ca\u0142ej Hiszpanii, 12 700 dotyczy\u0142o Wysp Kanaryjskich, co oznacza, \u017ce \u200b\u200bjedna na pi\u0119\u0107 nieruchomo\u015bci znajdowa\u0142a si\u0119 na archipelagu, kt\u00f3ry przyci\u0105ga turyst\u00f3w s\u0142oneczn\u0105 pogod\u0105 przez ca\u0142y rok.<\/p>\n\n\n\n<p>G\u0142\u00f3wna grzywna dotyczy najpowa\u017cniejszego wykroczenia i zosta\u0142a obliczona jako sze\u015bciokrotno\u015b\u0107 zysku, jaki platforma mia\u0142a osi\u0105gn\u0105\u0107 w okresie, gdy nielegalne og\u0142oszenia pozostawa\u0142y w Internecie. Ministerstwo wyja\u015bni\u0142o, \u017ce okres ten trwa\u0142 od momentu formalnego ostrze\u017cenia Airbnb do ostatecznego usuni\u0119cia og\u0142osze\u0144.<\/p>\n\n\n\n<p>Opr\u00f3cz g\u0142\u00f3wnej sankcji na\u0142o\u017cono mniejsze kary za inne naruszenia. Obejmowa\u0142y one tak\u017ce brak jasnego wyja\u015bnienia, kim s\u0105 gospodarze, brak odpowiedzi na pytania organ\u00f3w konsumenckich podczas dochodzenia oraz ignorowanie tymczasowych \u015brodk\u00f3w wprowadzonych w celu ochrony konsument\u00f3w w trakcie rozpatrywania sprawy.<\/p>\n\n\n\n<p>Orzeczenie zapad\u0142o w momencie, gdy hiszpa\u0144skie w\u0142adze nadal zaostrzaj\u0105 kontrol\u0119 nad kr\u00f3tkoterminowym wynajmem wakacyjnym. Urz\u0119dnicy twierdz\u0105, \u017ce \u015brodki te maj\u0105 na celu ochron\u0119 konsument\u00f3w i popraw\u0119 przejrzysto\u015bci w zakresie wynajmu wakacyjnego.<\/p>\n\n\n\n<p>Od lipca 2025 roku w Hiszpanii obowi\u0105zuje elektroniczny rejestr nieruchomo\u015bci wakacyjnych. Wed\u0142ug danych od letnich wakacji w 2025 roku, kiedy wesz\u0142y w \u017cycie nowe przepisy, hiszpa\u0144ski rynek wynajmu wakacyjnego skurczy\u0142 si\u0119 o ponad 200 tysi\u0119cy ofert online, gdy\u017c najwi\u0119ksze \u015bwiatowe portale rezerwacyjne np. Airbnb i Booking mog\u0105 oferowa\u0107 tylko te apartamenty turystyczne, kt\u00f3re otrzyma\u0142y numer rejestracyjny (licencj\u0119 Vivienda Vacacional VV, czyli dom wakacyjny z charakterystyczn\u0105 czerwon\u0105 tabliczk\u0105 i numerem licencji). Kary, w zale\u017cno\u015bci od lokalizacji w Hiszpanii, si\u0119gaj\u0105 nawet 30 tysi\u0119cy euro (ok. 130 tys. z\u0142). Dodatkowo obecnie potrzebna jest zgoda 60% w\u0142a\u015bcieli we wsp\u00f3lnocie mieszkaniowej na przekszta\u0142ecenie domu na turystyczny i wynajem kr\u00f3tkoterminowy.<\/p>\n\n\n\n<p>Foto: NaKanarach.pl<\/p>\n","protected":false},"excerpt":{"rendered":"<p>HISZPANIA: Olbrzymi\u0105 kar\u0119 na jedn\u0105 z najwi\u0119kszych \u015bwiatowych platform rezerwacyjnych na\u0142o\u017cy\u0142o hiszpa\u0144skie Ministerstwo Spraw Spo\u0142ecznych i Spraw Konsumenckich. Airbnb ma zap\u0142aci\u0107 kar\u0119 w wysoko\u015bci ponad 64 mln euro (275 mln z\u0142) za reklamowanie tysi\u0119cy nielicencjonowanych obiekt\u00f3w wakacyjnych w tym popularnym w\u015br\u00f3d turyst\u00f3w kraju. Kara w wysoko\u015bci 64 055 311 euro zosta\u0142a zatwierdzona przez ministerstwo kierowane [&hellip;]<\/p>\n","protected":false},"author":4,"featured_media":11446,"comment_status":"closed","ping_status":"open","sticky":false,"template":"","format":"standard","meta":{"om_disable_all_campaigns":false,"_monsterinsights_skip_tracking":false,"_monsterinsights_sitenote_active":false,"_monsterinsights_sitenote_note":"","_monsterinsights_sitenote_category":0,"footnotes":""},"categories":[12],"tags":[],"class_list":["post-12506","post","type-post","status-publish","format-standard","has-post-thumbnail","hentry","category-aktualnosci"],"aioseo_notices":[],"blog_post_layout_featured_media_urls":{"thumbnail":["https:\/\/nakanarach.pl\/wp-content\/uploads\/2025\/09\/Vivienda-Vacacional-neutral-tablica_11zon-150x150.jpg",150,150,true],"full":["https:\/\/nakanarach.pl\/wp-content\/uploads\/2025\/09\/Vivienda-Vacacional-neutral-tablica_11zon-scaled.jpg",2560,1441,false]},"categories_names":{"12":{"name":"Aktualno\u015bci","link":"https:\/\/nakanarach.pl\/index.php\/category\/aktualnosci\/"}},"tags_names":[],"comments_number":"0","wpmagazine_modules_lite_featured_media_urls":{"thumbnail":["https:\/\/nakanarach.pl\/wp-content\/uploads\/2025\/09\/Vivienda-Vacacional-neutral-tablica_11zon-150x150.jpg",150,150,true],"cvmm-medium":["https:\/\/nakanarach.pl\/wp-content\/uploads\/2025\/09\/Vivienda-Vacacional-neutral-tablica_11zon-300x300.jpg",300,300,true],"cvmm-medium-plus":["https:\/\/nakanarach.pl\/wp-content\/uploads\/2025\/09\/Vivienda-Vacacional-neutral-tablica_11zon-305x207.jpg",305,207,true],"cvmm-portrait":["https:\/\/nakanarach.pl\/wp-content\/uploads\/2025\/09\/Vivienda-Vacacional-neutral-tablica_11zon-400x600.jpg",400,600,true],"cvmm-medium-square":["https:\/\/nakanarach.pl\/wp-content\/uploads\/2025\/09\/Vivienda-Vacacional-neutral-tablica_11zon-600x600.jpg",600,600,true],"cvmm-large":["https:\/\/nakanarach.pl\/wp-content\/uploads\/2025\/09\/Vivienda-Vacacional-neutral-tablica_11zon-1024x1024.jpg",1024,1024,true],"cvmm-small":["https:\/\/nakanarach.pl\/wp-content\/uploads\/2025\/09\/Vivienda-Vacacional-neutral-tablica_11zon-130x95.jpg",130,95,true],"full":["https:\/\/nakanarach.pl\/wp-content\/uploads\/2025\/09\/Vivienda-Vacacional-neutral-tablica_11zon-scaled.jpg",2560,1441,false]},"_links":{"self":[{"href":"https:\/\/nakanarach.pl\/index.php\/wp-json\/wp\/v2\/posts\/12506","targetHints":{"allow":["GET"]}}],"collection":[{"href":"https:\/\/nakanarach.pl\/index.php\/wp-json\/wp\/v2\/posts"}],"about":[{"href":"https:\/\/nakanarach.pl\/index.php\/wp-json\/wp\/v2\/types\/post"}],"author":[{"embeddable":true,"href":"https:\/\/nakanarach.pl\/index.php\/wp-json\/wp\/v2\/users\/4"}],"replies":[{"embeddable":true,"href":"https:\/\/nakanarach.pl\/index.php\/wp-json\/wp\/v2\/comments?post=12506"}],"version-history":[{"count":3,"href":"https:\/\/nakanarach.pl\/index.php\/wp-json\/wp\/v2\/posts\/12506\/revisions"}],"predecessor-version":[{"id":12573,"href":"https:\/\/nakanarach.pl\/index.php\/wp-json\/wp\/v2\/posts\/12506\/revisions\/12573"}],"wp:featuredmedia":[{"embeddable":true,"href":"https:\/\/nakanarach.pl\/index.php\/wp-json\/wp\/v2\/media\/11446"}],"wp:attachment":[{"href":"https:\/\/nakanarach.pl\/index.php\/wp-json\/wp\/v2\/media?parent=12506"}],"wp:term":[{"taxonomy":"category","embeddable":true,"href":"https:\/\/nakanarach.pl\/index.php\/wp-json\/wp\/v2\/categories?post=12506"},{"taxonomy":"post_tag","embeddable":true,"href":"https:\/\/nakanarach.pl\/index.php\/wp-json\/wp\/v2\/tags?post=12506"}],"curies":[{"name":"wp","href":"https:\/\/api.w.org\/{rel}","templated":true}]}}