{"id":12795,"date":"2026-01-12T07:40:44","date_gmt":"2026-01-12T07:40:44","guid":{"rendered":"http:\/\/nakanarach.pl\/?p=12795"},"modified":"2026-01-12T13:03:45","modified_gmt":"2026-01-12T13:03:45","slug":"tragiczny-wypadek-na-lotnisku","status":"publish","type":"post","link":"https:\/\/nakanarach.pl\/index.php\/2026\/01\/12\/tragiczny-wypadek-na-lotnisku\/","title":{"rendered":"TRAGICZNY WYPADEK NA LOTNISKU (VIDEO)"},"content":{"rendered":"\n<p><strong>GRAN CANARIA: Kolejny \u015bmiertelny wypadek na lotnisku na Gran Canarii. Tym razem zgin\u0105\u0142 tam m\u0142ody m\u0119\u017cczyzna, kt\u00f3ry pracowa\u0142 na pasie startowym. <\/strong><\/p>\n\n\n\n<p>Jak ustali\u0142y kanaryjskie media do wypadku dosz\u0142o 6 stycznia 2026 r. Wtorki s\u0105 jednym z najbardziej obleganych dni w ruchu lotniczym na archipelagu. Tego dnia odbywaj\u0105 si\u0119 te\u017c loty czarterowe do Polski. Przy tak du\u017cym nat\u0119\u017ceniu startuj\u0105cych i l\u0105duj\u0105cych samolot\u00f3w 21-letni pracownik lotniska zgin\u0105\u0142 w wypadku na pasie startowym lotniska Gran Canaria. Do zdarzenia dosz\u0142o, gdy prowadzony przez niego pojazd do obs\u0142ugi zderzy\u0142 si\u0119 z innym, uszkodzonym autem, kt\u00f3ry sta\u0142 na pasie startowym.<\/p>\n\n\n\n<p>Wed\u0142ug wst\u0119pnych informacji pracownik dozna\u0142 silnego urazu klatki piersiowej. Zosta\u0142 opatrzony na miejscu przez zesp\u00f3\u0142 medyczny lotniska, ustabilizowano jego stan i przewieziono do szpitala. By\u0142 natychmiast operowany przez kilka godzin. Ale jego \u017cycia nie uda\u0142o si\u0119 uratowa\u0107. <\/p>\n\n\n\n<p>Wed\u0142ug nieoficjalnych informacji m\u0119\u017cczyzna pracowa\u0142 na lotnisku od listopada 2025 r. <\/p>\n\n\n\n<p>Trwa wyja\u015bnianie przyczyn tragicznego wypadku, kt\u00f3ry spowodowa\u0142 tak\u017ce niewielkie op\u00f3\u017anienia w ruchu lotniczym. <\/p>\n\n\n\n<p>Tymczasem 11 stycznia pracownicy obs\u0142ugi lotniska uczcili minut\u0105 ciszy swojego zmar\u0142ego koleg\u0119. <strong>ZOBACZ VIDEO: <\/strong><\/p>\n\n\n\n<figure class=\"wp-block-embed is-type-video is-provider-tiktok wp-block-embed-tiktok\"><div class=\"wp-block-embed__wrapper\">\n<blockquote class=\"tiktok-embed\" cite=\"https:\/\/www.tiktok.com\/@canarias7.es\/video\/7594409671583173910\" data-video-id=\"7594409671583173910\" data-embed-from=\"oembed\" style=\"max-width:605px; min-width:325px;\"> <section> <a target=\"_blank\" title=\"@canarias7.es\" href=\"https:\/\/www.tiktok.com\/@canarias7.es?refer=embed\">@canarias7.es<\/a> <p>\ud83d\udda4 Homenaje al trabajador fallecido en el Aeropuerto de Gran Canaria \ud83d\udc49 Los trabajadores del servicio de 'handling&#8217; del Aeropuerto de Gran Canaria realizaron este domingo un minuto de silencio por el fallecimiento del compa\u00f1ero que el pasado s\u00e1bado perdi\u00f3 la vida en un accidente laboral. El joven, que contaba solo con 20 a\u00f1os, falleci\u00f3 cuando estaba siendo intervenido quir\u00fargicamente tras chocar con el veh\u00edculo portaequipajes que conduc\u00eda con otra otro que se encontraba detenido en la pista. &#8212;&#8212;&#8212;&#8212;&#8212;&#8212;&#8212;&#8212;&#8212;&#8212;&#8212;&#8212;&#8212;&#8212;&#8212;&#8212;&#8211; \ud83d\udcf2Toda la informaci\u00f3n en CANARIAS7.es \u2328CANARIAS7 \ud83d\udcf8C7 <a title=\"aerpuertodegrancanaria\" target=\"_blank\" href=\"https:\/\/www.tiktok.com\/tag\/aerpuertodegrancanaria?refer=embed\">#AerpuertodeGranCanaria<\/a> <a title=\"canarias7\" target=\"_blank\" href=\"https:\/\/www.tiktok.com\/tag\/canarias7?refer=embed\">#Canarias7<\/a> <a title=\"sucesos\" target=\"_blank\" href=\"https:\/\/www.tiktok.com\/tag\/sucesos?refer=embed\">#Sucesos<\/a> <a title=\"accidente\" target=\"_blank\" href=\"https:\/\/www.tiktok.com\/tag\/accidente?refer=embed\">#accidente<\/a> <a title=\"noticias\" target=\"_blank\" href=\"https:\/\/www.tiktok.com\/tag\/noticias?refer=embed\">#noticias<\/a><\/p> <a target=\"_blank\" title=\"\u266c sonido original - Canarias7\" href=\"https:\/\/www.tiktok.com\/music\/sonido-original-7594409696417696515?refer=embed\">\u266c sonido original &#8211; Canarias7<\/a> <\/section> <\/blockquote> <script async src=\"https:\/\/www.tiktok.com\/embed.js\"><\/script>\n<\/div><\/figure>\n\n\n\n<p>To ju\u017c czwarty zgon na jedynym na tej wyspie lotnisku w ostatnim czasie.\u00a0<\/p>\n\n\n\n<p>W maju 2024 r. \u015bmier\u0107 poni\u00f3s\u0142 tam 58-letni pracownik po uderzeniu przez walec podczas prac konserwacyjnych pasa startowego. <\/p>\n\n\n\n<p>We wrze\u015bniu 2025 r. dosz\u0142o do zgonu brytyjskiego turysty po upadku z wysoko\u015bci oko\u0142o 10 metr\u00f3w na podziemny parking lotniska. M\u0119\u017cczyzna dosta\u0142 si\u0119 tam przez luk\u0119 w ogrodzeniu. <\/p>\n\n\n\n<figure class=\"wp-block-image size-large\"><img fetchpriority=\"high\" decoding=\"async\" width=\"1024\" height=\"577\" src=\"http:\/\/nakanarach.pl\/wp-content\/uploads\/2025\/09\/Parking-Lotnisko-Gran-Canaria_11zon-1024x577.jpg\" alt=\"\" class=\"wp-image-11442\" srcset=\"https:\/\/nakanarach.pl\/wp-content\/uploads\/2025\/09\/Parking-Lotnisko-Gran-Canaria_11zon-1024x577.jpg 1024w, https:\/\/nakanarach.pl\/wp-content\/uploads\/2025\/09\/Parking-Lotnisko-Gran-Canaria_11zon-300x169.jpg 300w, https:\/\/nakanarach.pl\/wp-content\/uploads\/2025\/09\/Parking-Lotnisko-Gran-Canaria_11zon-768x432.jpg 768w, https:\/\/nakanarach.pl\/wp-content\/uploads\/2025\/09\/Parking-Lotnisko-Gran-Canaria_11zon-1536x865.jpg 1536w, https:\/\/nakanarach.pl\/wp-content\/uploads\/2025\/09\/Parking-Lotnisko-Gran-Canaria_11zon-2048x1153.jpg 2048w\" sizes=\"(max-width: 1024px) 100vw, 1024px\" \/><\/figure>\n\n\n\n<p>W maju 2025 r. odr\u0119bny tragiczny incydent wydarzy\u0142 si\u0119 przed wej\u015bciem do terminalu. W\u00f3wczas akcja zacz\u0119\u0142a si\u0119, gdy do hali pasa\u017cerskiej wbieg\u0142 przera\u017cony taks\u00f3wkarz wzywaj\u0105cy pomocy. M\u0119\u017cczyzna ostrzega\u0142 znajduj\u0105cych si\u0119 w pobli\u017cu ludzi i personel lotniska przed bandyt\u0105 uzbrojonym w n\u00f3\u017c, kt\u00f3ry pr\u00f3bowa\u0142 go obrabowa\u0107. Wezwana na miejsce policja wielokrotnie wzywa\u0142a napastnika do odrzucenia broni. Wed\u0142ug oficjalnego o\u015bwiadczenia policji, m\u0119\u017cczyzna zignorowa\u0142 polecenia i rzuci\u0142 si\u0119 na funkcjonariuszy z no\u017cem, co zmusi\u0142o ich do u\u017cycia broni s\u0142u\u017cbowej w ramach procedur. 19-letni imigrant zosta\u0142 zastrzelony. <\/p>\n\n\n\n<figure class=\"wp-block-image size-full\"><img decoding=\"async\" width=\"800\" height=\"533\" src=\"http:\/\/nakanarach.pl\/wp-content\/uploads\/2025\/05\/Strzaly-na-lotnisku0.webp\" alt=\"\" class=\"wp-image-10406\" srcset=\"https:\/\/nakanarach.pl\/wp-content\/uploads\/2025\/05\/Strzaly-na-lotnisku0.webp 800w, https:\/\/nakanarach.pl\/wp-content\/uploads\/2025\/05\/Strzaly-na-lotnisku0-300x200.webp 300w, https:\/\/nakanarach.pl\/wp-content\/uploads\/2025\/05\/Strzaly-na-lotnisku0-768x512.webp 768w\" sizes=\"(max-width: 800px) 100vw, 800px\" \/><\/figure>\n\n\n\n<p>Foto: Archiwum NaKanarach.pl<\/p>\n","protected":false},"excerpt":{"rendered":"<p>GRAN CANARIA: Kolejny \u015bmiertelny wypadek na lotnisku na Gran Canarii. Tym razem zgin\u0105\u0142 tam m\u0142ody m\u0119\u017cczyzna, kt\u00f3ry pracowa\u0142 na pasie startowym. Jak ustali\u0142y kanaryjskie media do wypadku dosz\u0142o 6 stycznia 2026 r. Wtorki s\u0105 jednym z najbardziej obleganych dni w ruchu lotniczym na archipelagu. Tego dnia odbywaj\u0105 si\u0119 te\u017c loty czarterowe do Polski. Przy tak [&hellip;]<\/p>\n","protected":false},"author":4,"featured_media":12797,"comment_status":"closed","ping_status":"open","sticky":false,"template":"","format":"standard","meta":{"om_disable_all_campaigns":false,"_monsterinsights_skip_tracking":false,"_monsterinsights_sitenote_active":false,"_monsterinsights_sitenote_note":"","_monsterinsights_sitenote_category":0,"footnotes":""},"categories":[12,78],"tags":[],"class_list":["post-12795","post","type-post","status-publish","format-standard","has-post-thumbnail","hentry","category-aktualnosci","category-interwencje"],"aioseo_notices":[],"blog_post_layout_featured_media_urls":{"thumbnail":["https:\/\/nakanarach.pl\/wp-content\/uploads\/2026\/01\/Lotnisko-Pas-startowy-Gran-Canaria_11zon-150x150.jpg",150,150,true],"full":["https:\/\/nakanarach.pl\/wp-content\/uploads\/2026\/01\/Lotnisko-Pas-startowy-Gran-Canaria_11zon-scaled.jpg",2560,1441,false]},"categories_names":{"12":{"name":"Aktualno\u015bci","link":"https:\/\/nakanarach.pl\/index.php\/category\/aktualnosci\/"},"78":{"name":"Interwencje","link":"https:\/\/nakanarach.pl\/index.php\/category\/interwencje\/"}},"tags_names":[],"comments_number":"0","wpmagazine_modules_lite_featured_media_urls":{"thumbnail":["https:\/\/nakanarach.pl\/wp-content\/uploads\/2026\/01\/Lotnisko-Pas-startowy-Gran-Canaria_11zon-150x150.jpg",150,150,true],"cvmm-medium":["https:\/\/nakanarach.pl\/wp-content\/uploads\/2026\/01\/Lotnisko-Pas-startowy-Gran-Canaria_11zon-300x300.jpg",300,300,true],"cvmm-medium-plus":["https:\/\/nakanarach.pl\/wp-content\/uploads\/2026\/01\/Lotnisko-Pas-startowy-Gran-Canaria_11zon-305x207.jpg",305,207,true],"cvmm-portrait":["https:\/\/nakanarach.pl\/wp-content\/uploads\/2026\/01\/Lotnisko-Pas-startowy-Gran-Canaria_11zon-400x600.jpg",400,600,true],"cvmm-medium-square":["https:\/\/nakanarach.pl\/wp-content\/uploads\/2026\/01\/Lotnisko-Pas-startowy-Gran-Canaria_11zon-600x600.jpg",600,600,true],"cvmm-large":["https:\/\/nakanarach.pl\/wp-content\/uploads\/2026\/01\/Lotnisko-Pas-startowy-Gran-Canaria_11zon-1024x1024.jpg",1024,1024,true],"cvmm-small":["https:\/\/nakanarach.pl\/wp-content\/uploads\/2026\/01\/Lotnisko-Pas-startowy-Gran-Canaria_11zon-130x95.jpg",130,95,true],"full":["https:\/\/nakanarach.pl\/wp-content\/uploads\/2026\/01\/Lotnisko-Pas-startowy-Gran-Canaria_11zon-scaled.jpg",2560,1441,false]},"_links":{"self":[{"href":"https:\/\/nakanarach.pl\/index.php\/wp-json\/wp\/v2\/posts\/12795","targetHints":{"allow":["GET"]}}],"collection":[{"href":"https:\/\/nakanarach.pl\/index.php\/wp-json\/wp\/v2\/posts"}],"about":[{"href":"https:\/\/nakanarach.pl\/index.php\/wp-json\/wp\/v2\/types\/post"}],"author":[{"embeddable":true,"href":"https:\/\/nakanarach.pl\/index.php\/wp-json\/wp\/v2\/users\/4"}],"replies":[{"embeddable":true,"href":"https:\/\/nakanarach.pl\/index.php\/wp-json\/wp\/v2\/comments?post=12795"}],"version-history":[{"count":5,"href":"https:\/\/nakanarach.pl\/index.php\/wp-json\/wp\/v2\/posts\/12795\/revisions"}],"predecessor-version":[{"id":12807,"href":"https:\/\/nakanarach.pl\/index.php\/wp-json\/wp\/v2\/posts\/12795\/revisions\/12807"}],"wp:featuredmedia":[{"embeddable":true,"href":"https:\/\/nakanarach.pl\/index.php\/wp-json\/wp\/v2\/media\/12797"}],"wp:attachment":[{"href":"https:\/\/nakanarach.pl\/index.php\/wp-json\/wp\/v2\/media?parent=12795"}],"wp:term":[{"taxonomy":"category","embeddable":true,"href":"https:\/\/nakanarach.pl\/index.php\/wp-json\/wp\/v2\/categories?post=12795"},{"taxonomy":"post_tag","embeddable":true,"href":"https:\/\/nakanarach.pl\/index.php\/wp-json\/wp\/v2\/tags?post=12795"}],"curies":[{"name":"wp","href":"https:\/\/api.w.org\/{rel}","templated":true}]}}