{"id":12808,"date":"2026-01-13T07:07:56","date_gmt":"2026-01-13T07:07:56","guid":{"rendered":"https:\/\/nakanarach.pl\/?p=12808"},"modified":"2026-01-13T08:56:47","modified_gmt":"2026-01-13T08:56:47","slug":"kolejna-tragedia-w-oceanie-i-alert","status":"publish","type":"post","link":"https:\/\/nakanarach.pl\/index.php\/2026\/01\/13\/kolejna-tragedia-w-oceanie-i-alert\/","title":{"rendered":"KOLEJNA TRAGEDIA W OCEANIE I ALERT"},"content":{"rendered":"\n<p><strong>GRAN CANARIA: Nie uda\u0142o si\u0119 uratowa\u0107 m\u0119\u017cczyzny, kt\u00f3ry zosta\u0142 wyci\u0105gni\u0119ty przez wczasowicz\u00f3w i ratownik\u00f3w z Oceanu Atlantyckiego na pla\u017cy w znanym turystycznym kurorcie San Agust\u00edn w pobli\u017cu Playa del Ingles na po\u0142udniu Gran Canarii<\/strong>. <strong>Tymczasem na Wyspach Kanaryjskich wprowadzono kolejny alert przed ulewnymi opadami deszczu i niebezpiecznymi falami. <\/strong><\/p>\n\n\n\n<p>Do zdarzenia dosz\u0142o 11 stycznia 2026 r. na popularnej w\u015br\u00f3d turyst\u00f3w pla\u017cy o d\u0142ugo\u015bci ponad 600 metr\u00f3w, po\u0142o\u017conej w pobli\u017cu kilku hoteli oferowanych, tak\u017ce przez polskie biura podr\u00f3\u017cy. W internecie mo\u017cna przeczyta\u0107, \u017ce jest to idealna pla\u017ca dla rodzin z dzie\u0107mi, o spokojnych wodach, niewielkich pr\u0105dach morskich i falach wystarczaj\u0105co \u0142agodnych, aby bawi\u0107 si\u0119 z najm\u0142odszymi na brzegu przeskakuj\u0105c przez nie. <\/p>\n\n\n\n<p>Jednak w miniony weekend osoby wypoczywaj\u0105ce w tym miejscu poinformowa\u0142y, \u017ce nieprzytomnego p\u0142ywaka wyci\u0105gni\u0119to z wody i \u017ce \u015bwiadkowie zdarzenia podj\u0119li ju\u017c wobec niego podstawowe pr\u00f3by reanimacji. Wezwani na miejsce medycy z pogotowia ratunkowego rozpocz\u0119li reanimacj\u0119 &#8211; poinformowa\u0142o Centrum Koordynacji Bezpiecze\u0144stwa i Sytuacji Kryzysowych Wysp Kanaryjskich (CECOES).<\/p>\n\n\n\n<p>Po przybyciu na miejsce personel medyczny pogotowia ratunkowego stwierdzi\u0142 zatrzymanie akcji serca i oddechu u m\u0119\u017cczyzny. Kontynuowano zaawansowane dzia\u0142ania resuscytacyjne przez kilka minut, ale pomimo wielokrotnych pr\u00f3b, nie uda\u0142o si\u0119 go uratowa\u0107. M\u0119\u017cczyzna zosta\u0142 uznany za zmar\u0142ego na miejscu zdarzenia.<\/p>\n\n\n\n<p>Policja Krajowa wyja\u015bnia okoliczno\u015bci utoni\u0119cia. Nie ujawniono jeszcze \u017cadnych szczeg\u00f3\u0142\u00f3w dotycz\u0105cych to\u017csamo\u015bci ofiary. W 2025 r. na Wyspach Kanaryjskich uton\u0119\u0142o ponad 50 os\u00f3b, kt\u00f3re cz\u0119sto lekcewa\u017cy\u0142y ostrze\u017cenia o wysokich falach lub nie wiedzia\u0142y o istniej\u0105cym zagro\u017ceniu, bo nie przekazywano ich np. turystom w hotelach. W\u0142adze archipelagu zapowiedzia\u0142y, \u017ce od 2026 r. ma si\u0119 to zmieni\u0107, a alerty pogodowe maj\u0105 by\u0107 przygotowywane tak\u017ce w j\u0119zykach obcych np. po angielsku. <\/p>\n\n\n\n<p>Tymczasem na Wyspach Kanaryjskich ponownie wprowadzono od 13 stycznia 2026 r. ostrze\u017cenie m.in. przed niebezpiecznym oceanem i pr\u0105dami wstecznymi, kt\u00f3re z powodu si\u0142y potrafi\u0105 przewr\u00f3ci\u0107 nawet doros\u0142ego cz\u0142owieka, kt\u00f3ry spaceruje tu\u017c przy brzegu. <\/p>\n\n\n\n<p>Wed\u0142ug prognoz Pa\u0144stwowej Agencji Meteorologicznej Aemet nad wszystkimi wyspami archipelagu przejdzie front atmosferyczny, przynosz\u0105c ulewny deszcz. Najsilniejsze opady spodziewane s\u0105 na znanych turystycznych wyspach: Lanzarote i Fuerteventurze. Wok\u00f3\u0142 obu wysp mo\u017cliwe s\u0105 r\u00f3wnie\u017c burze.<\/p>\n\n\n\n<p>Opady deszczu maj\u0105 utrzyma\u0107 si\u0119 do 14 stycznia, szczeg\u00f3lnie w regionach p\u00f3\u0142nocnych, cho\u0107 w innych miejscach mog\u0105 pojawi\u0107 si\u0119 przelotne opady. W dalszej cz\u0119\u015bci tygodnia prawdopodobie\u0144stwo opad\u00f3w zmniejszy si\u0119 i b\u0119dzie dotyczy\u0107 g\u0142\u00f3wnie p\u00f3\u0142nocnych cz\u0119\u015bci Teneryfy i Gran Canarii, podczas gdy na po\u0142udniu archipelagu, gdzie znajduj\u0105 si\u0119 popularne turystyczne kurorty spodziewana jest przewa\u017cnie bezchmurna i s\u0142oneczna pogoda.<\/p>\n\n\n\n<p>Temperatury pozostan\u0105 umiarkowane, w nocy spadn\u0105 do 15 &#8211; 17, a w ci\u0105gu dnia do 20 &#8211; 22 stopni Celsjusza w rejonach przybrze\u017cnych.<\/p>\n\n\n\n<p>Foto: Zdj\u0119cie ilustracyjne NaKanarach.pl<\/p>\n","protected":false},"excerpt":{"rendered":"<p>GRAN CANARIA: Nie uda\u0142o si\u0119 uratowa\u0107 m\u0119\u017cczyzny, kt\u00f3ry zosta\u0142 wyci\u0105gni\u0119ty przez wczasowicz\u00f3w i ratownik\u00f3w z Oceanu Atlantyckiego na pla\u017cy w znanym turystycznym kurorcie San Agust\u00edn w pobli\u017cu Playa del Ingles na po\u0142udniu Gran Canarii. Tymczasem na Wyspach Kanaryjskich wprowadzono kolejny alert przed ulewnymi opadami deszczu i niebezpiecznymi falami. Do zdarzenia dosz\u0142o 11 stycznia 2026 r. [&hellip;]<\/p>\n","protected":false},"author":4,"featured_media":12809,"comment_status":"closed","ping_status":"open","sticky":false,"template":"","format":"standard","meta":{"om_disable_all_campaigns":false,"_monsterinsights_skip_tracking":false,"_monsterinsights_sitenote_active":false,"_monsterinsights_sitenote_note":"","_monsterinsights_sitenote_category":0,"footnotes":""},"categories":[12,78],"tags":[],"class_list":["post-12808","post","type-post","status-publish","format-standard","has-post-thumbnail","hentry","category-aktualnosci","category-interwencje"],"aioseo_notices":[],"blog_post_layout_featured_media_urls":{"thumbnail":["https:\/\/nakanarach.pl\/wp-content\/uploads\/2026\/01\/Plaza-San-Agustin-Gran-Canaria-150x150.jpg",150,150,true],"full":["https:\/\/nakanarach.pl\/wp-content\/uploads\/2026\/01\/Plaza-San-Agustin-Gran-Canaria-scaled.jpg",2560,1440,false]},"categories_names":{"12":{"name":"Aktualno\u015bci","link":"https:\/\/nakanarach.pl\/index.php\/category\/aktualnosci\/"},"78":{"name":"Interwencje","link":"https:\/\/nakanarach.pl\/index.php\/category\/interwencje\/"}},"tags_names":[],"comments_number":"0","wpmagazine_modules_lite_featured_media_urls":{"thumbnail":["https:\/\/nakanarach.pl\/wp-content\/uploads\/2026\/01\/Plaza-San-Agustin-Gran-Canaria-150x150.jpg",150,150,true],"cvmm-medium":["https:\/\/nakanarach.pl\/wp-content\/uploads\/2026\/01\/Plaza-San-Agustin-Gran-Canaria-300x300.jpg",300,300,true],"cvmm-medium-plus":["https:\/\/nakanarach.pl\/wp-content\/uploads\/2026\/01\/Plaza-San-Agustin-Gran-Canaria-305x207.jpg",305,207,true],"cvmm-portrait":["https:\/\/nakanarach.pl\/wp-content\/uploads\/2026\/01\/Plaza-San-Agustin-Gran-Canaria-400x600.jpg",400,600,true],"cvmm-medium-square":["https:\/\/nakanarach.pl\/wp-content\/uploads\/2026\/01\/Plaza-San-Agustin-Gran-Canaria-600x600.jpg",600,600,true],"cvmm-large":["https:\/\/nakanarach.pl\/wp-content\/uploads\/2026\/01\/Plaza-San-Agustin-Gran-Canaria-1024x1024.jpg",1024,1024,true],"cvmm-small":["https:\/\/nakanarach.pl\/wp-content\/uploads\/2026\/01\/Plaza-San-Agustin-Gran-Canaria-130x95.jpg",130,95,true],"full":["https:\/\/nakanarach.pl\/wp-content\/uploads\/2026\/01\/Plaza-San-Agustin-Gran-Canaria-scaled.jpg",2560,1440,false]},"_links":{"self":[{"href":"https:\/\/nakanarach.pl\/index.php\/wp-json\/wp\/v2\/posts\/12808","targetHints":{"allow":["GET"]}}],"collection":[{"href":"https:\/\/nakanarach.pl\/index.php\/wp-json\/wp\/v2\/posts"}],"about":[{"href":"https:\/\/nakanarach.pl\/index.php\/wp-json\/wp\/v2\/types\/post"}],"author":[{"embeddable":true,"href":"https:\/\/nakanarach.pl\/index.php\/wp-json\/wp\/v2\/users\/4"}],"replies":[{"embeddable":true,"href":"https:\/\/nakanarach.pl\/index.php\/wp-json\/wp\/v2\/comments?post=12808"}],"version-history":[{"count":2,"href":"https:\/\/nakanarach.pl\/index.php\/wp-json\/wp\/v2\/posts\/12808\/revisions"}],"predecessor-version":[{"id":12825,"href":"https:\/\/nakanarach.pl\/index.php\/wp-json\/wp\/v2\/posts\/12808\/revisions\/12825"}],"wp:featuredmedia":[{"embeddable":true,"href":"https:\/\/nakanarach.pl\/index.php\/wp-json\/wp\/v2\/media\/12809"}],"wp:attachment":[{"href":"https:\/\/nakanarach.pl\/index.php\/wp-json\/wp\/v2\/media?parent=12808"}],"wp:term":[{"taxonomy":"category","embeddable":true,"href":"https:\/\/nakanarach.pl\/index.php\/wp-json\/wp\/v2\/categories?post=12808"},{"taxonomy":"post_tag","embeddable":true,"href":"https:\/\/nakanarach.pl\/index.php\/wp-json\/wp\/v2\/tags?post=12808"}],"curies":[{"name":"wp","href":"https:\/\/api.w.org\/{rel}","templated":true}]}}