{"id":12813,"date":"2026-01-21T07:52:37","date_gmt":"2026-01-21T07:52:37","guid":{"rendered":"https:\/\/nakanarach.pl\/?p=12813"},"modified":"2026-01-21T08:08:12","modified_gmt":"2026-01-21T08:08:12","slug":"smiertelnie-niebezpieczny-komar-na-kanarach","status":"publish","type":"post","link":"https:\/\/nakanarach.pl\/index.php\/2026\/01\/21\/smiertelnie-niebezpieczny-komar-na-kanarach\/","title":{"rendered":"\u015aMIERTELNIE NIEBEZPIECZNY KOMAR NA KANARACH"},"content":{"rendered":"\n<p><strong>TENERYFA: Resort Zdrowia rz\u0105du Wysp Kanaryjskich poinformowa\u0142 o wykryciu pierwszego w tym roku \u015bmiertelnie niebezpiecznego dla cz\u0142owieka doros\u0142ego osobnika komara&nbsp;Aedes aegypti&nbsp;w porcie Santa Cruz de Tenerife. <\/strong><\/p>\n\n\n\n<p>Owada znaleziono w jednej z pu\u0142apek rozmieszczonych na terminalu wycieczkowym. To odkrycie jest kolejnym po znalezieniu innego osobnika tego samego gatunku w tej samej instalacji portowej 10 grudnia ubieg\u0142ego roku &#8211; podaje resort zdrowia. Analiza przeprowadzona w Laboratorium Entomologii Medycznej Instytutu Uniwersyteckiego Chor\u00f3b Tropikalnych i Zdrowia Publicznego Wysp Kanaryjskich w pobranych pr\u00f3bkach wykry\u0142a komara\u00a0Aedes aegypti. Eksperci przypuszczaj\u0105, \u017ce trafi\u0142 on na ten hiszpa\u0144ski archipelag na jednym ze statk\u00f3w przybywaj\u0105cych z obszar\u00f3w ryzyka.<\/p>\n\n\n\n<p>Z tego powodu w kolejnych zaplanowanych pobraniach pr\u00f3bek szczeg\u00f3lny nacisk zostanie po\u0142o\u017cony na przegl\u0105d potencjalnych ognisk rozrodu znajduj\u0105cych w pobli\u017cu tego miejsca &#8211; podkre\u015bla resort zdrowia.<\/p>\n\n\n\n<p>Poinformowano te\u017c pracownik\u00f3w s\u0142u\u017cby zdrowia o ryzykach, kt\u00f3re nale\u017cy wzi\u0105\u0107 pod uwag\u0119 przy opiece nad pacjentem, oraz o sposobie przekazywania danych dotycz\u0105cych wszystkich przypadk\u00f3w uk\u0105sze\u0144 przez niebezpieczne komary.<\/p>\n\n\n\n<p>Od 2013 roku Wyspy Kanaryjskie dysponuj\u0105 Systemem Nadzoru Entomologicznego, koordynowanym przez Dyrekcj\u0119 Generaln\u0105 Zdrowia Publicznego we wsp\u00f3\u0142pracy z Instytutem Uniwersyteckim Chor\u00f3b Tropikalnych i Zdrowia Publicznego Wysp Kanaryjskich Uniwersytetu w La Laguna (ULL), w celu wczesnego wykrycia ewentualnego pojawienia si\u0119 inwazyjnych i niebezpiecznych dla zdrowia cz\u0142owieka komar\u00f3w.<\/p>\n\n\n\n<p>W ostatnich kilku latach zwi\u0119kszono liczb\u0119 zainstalowanych pu\u0142apek, jak i cz\u0119stotliwo\u015bci pobierania pr\u00f3bek na Wyspach Kanaryjskich. Archipelag posiada urz\u0105dzenia, dzi\u0119ki kt\u00f3rym przyk\u0142adowo w 2024 r. przeanalizowano ponad 20 tys. komar\u00f3w z\u0142apanych w 635 pu\u0142apkach z przyn\u0119t\u0105, zainstalowanych w 23 mo\u017cliwych punktach wej\u015bcia komar\u00f3w na archipelag;&nbsp;szczeg\u00f3lnie w portach, lotniskach, obszarach zamieszka\u0142ych i szklarniach z importowanymi ro\u015blinami. Dodatkowo w\u0142adze archipelagu przeprowadzaj\u0105 regularne opryski w miejscach ich wyl\u0119gu, w okresie nasilonej obecno\u015bci tych owad\u00f3w, m.in. w popularnym rezerwacie Charca, tu\u017c przy s\u0142ynnych wydmach w Maspalomas na po\u0142udniu Gran Canarii.<\/p>\n\n\n\n<p>Ju\u017c w 2019, 2023 i 2024 roku og\u0142oszono zako\u0144czenie epizod\u00f3w zwi\u0105zanych z pojawieniem si\u0119  komar\u00f3w&nbsp;Aedes aegypti&nbsp;na Fuerteventurze, La Palmie oraz w dzielnicy El Toscal (Santa Cruz de Tenerife). Z kolei w marcu 2025 roku zamkni\u0119to epizod zwi\u0105zany z&nbsp;innym gatunkiem niebezpiecznego komara Aedes albopictus&nbsp;w szklarni w Tacoronte, a w lipcu tego samego roku uznano za wyeliminowanego komara&nbsp;Aedes albopictus&nbsp;w dzielnicy La Vuelta de los P\u00e1jaros w stolicy najwi\u0119kszej kanaryjskiej wyspy &#8211; Santa Cruz de Tenerife.<\/p>\n\n\n\n<p>Nadal trwa walka s\u0142u\u017cb sanitarnych zwi\u0105zana z wykryciem osobnik\u00f3w&nbsp;Aedes albopictus&nbsp;na lotnisku Teneryfa Po\u0142udnie oraz w gminie Tuineje na Fuerteventurze, a tak\u017ce&nbsp;Aedes aegypti&nbsp;w porcie Santa Cruz de Tenerife oraz w Santa Catalina i w dzielnicy Piletas w stolicy s\u0105siedniej wyspy &#8211; Las Palmas de Gran Canaria. Dyrekcja Generalna Zdrowia Publicznego przypomina, \u017ce zgodnie z protoko\u0142em, aby uzna\u0107 epizod za zamkni\u0119ty, musi up\u0142yn\u0105\u0107 18 miesi\u0119cy bez wykrycia obecno\u015bci komara na danym obszarze.<\/p>\n\n\n\n<p>Przed pojawieniem si\u0119 na archipelagu kanaryjskim, komar egipski oraz tygrysi, kt\u00f3re przenosz\u0105 gro\u017ane dla cz\u0142owieka i zwierz\u0105t choroby by\u0142 widywany jedynie w Azji, Afryce, Ameryce, Australii i po\u0142udniowej Europie.\u00a0Komar tygrysi<strong>\u00a0<\/strong>to jeden z najbardziej inwazyjnych i niebezpiecznych komar\u00f3w na \u015bwiecie, kt\u00f3ry przenosi a\u017c 26 wirus\u00f3w takich jak m.in.: denga, \u017c\u00f3\u0142ta febra, gor\u0105czka Zachodniego Nilu, Chikungunya, ko\u0144skie zapalenie m\u00f3zgu, japo\u0144skie zapalenie m\u00f3zgu, zmiany wywo\u0142ane wirusem Zika. Z kolei komar egipski roznosi \u015bmiertelny dla cz\u0142owieka wirus dengi w wi\u0119kszo\u015bci region\u00f3w tropikalnych i subtropikalnych \u015bwiata.\u00a0<\/p>\n\n\n\n<p>W po\u0142owie 2025 r. na Wyspach Kanaryjskich do szpitala w ci\u0119\u017ckim stanie trafi\u0142a turystka, kt\u00f3ra zosta\u0142a uk\u0105szona przez niebezpieczny gatunek komara. Do ugryzienia dosz\u0142o po 10 dniach pobytu na Teneryfie. Nie wiadomo jednak, przez jaki gatunek komara. 42-latka z ka\u017cdym dniem czu\u0142a si\u0119 coraz gorzej. Jednak, gdy schodzi\u0142a po schodach hotelu w drodze do apteki, kobieta poczu\u0142a zawroty g\u0142owy, nagle zemdla\u0142a i uderzy\u0142a g\u0142ow\u0105 na betonowy stopie\u0144.<\/p>\n\n\n\n<p>Turyst\u00f3w i mieszka\u0144c\u00f3w Wysp Kanaryjskich w\u0142adze zach\u0119caj\u0105 do zachowania ostro\u017cno\u015bci, aby unika\u0107 miejsc, w kt\u00f3rych mo\u017ce dochodzi\u0107 do uk\u0105sze\u0144 niebezpiecznych komar\u00f3w, zw\u0142aszcza w ch\u0142odniejszych miesi\u0105cach, kiedy liczba zaka\u017ce\u0144 zwi\u0105zanych z uk\u0105szeniami mo\u017ce wzrosn\u0105\u0107. Na Wyspach Kanaryjskich komary &#8211; inaczej ni\u017c w Polsce &#8211; najcz\u0119\u015bciej pojawiaj\u0105 si\u0119 w bardziej ch\u0142odnych i wilgotnych miesi\u0105cach, g\u0142\u00f3wnie od listopada do marca.<\/p>\n\n\n\n<p>Resort zdrowia zwraca si\u0119 o pomoc do mieszka\u0144c\u00f3w i w przypadku jakichkolwiek podejrze\u0144 sugeruje przes\u0142anie zdj\u0119\u0107 komar\u00f3w z rodzaju&nbsp;Aedes&nbsp;lub obraz\u00f3w silnych reakcji zapalnych po uk\u0105szeniach, je\u015bli takie wyst\u0105pi\u0105, na konto e-mail&nbsp;vectores.scs@gobiernodecanarias.org, podaj\u0105c lokalizacj\u0119 geograficzn\u0105, w kt\u00f3rej zosta\u0142y znalezione oraz numer telefonu kontaktowego.<\/p>\n\n\n\n<p>Foto: Archiwum NaKanarach.pl<\/p>\n","protected":false},"excerpt":{"rendered":"<p>TENERYFA: Resort Zdrowia rz\u0105du Wysp Kanaryjskich poinformowa\u0142 o wykryciu pierwszego w tym roku \u015bmiertelnie niebezpiecznego dla cz\u0142owieka doros\u0142ego osobnika komara&nbsp;Aedes aegypti&nbsp;w porcie Santa Cruz de Tenerife. Owada znaleziono w jednej z pu\u0142apek rozmieszczonych na terminalu wycieczkowym. To odkrycie jest kolejnym po znalezieniu innego osobnika tego samego gatunku w tej samej instalacji portowej 10 grudnia ubieg\u0142ego [&hellip;]<\/p>\n","protected":false},"author":4,"featured_media":227,"comment_status":"closed","ping_status":"open","sticky":false,"template":"","format":"standard","meta":{"om_disable_all_campaigns":false,"_monsterinsights_skip_tracking":false,"_monsterinsights_sitenote_active":false,"_monsterinsights_sitenote_note":"","_monsterinsights_sitenote_category":0,"footnotes":""},"categories":[12],"tags":[],"class_list":["post-12813","post","type-post","status-publish","format-standard","has-post-thumbnail","hentry","category-aktualnosci"],"aioseo_notices":[],"blog_post_layout_featured_media_urls":{"thumbnail":["https:\/\/nakanarach.pl\/wp-content\/uploads\/2021\/03\/Opryski-komary-150x150.jpg",150,150,true],"full":["https:\/\/nakanarach.pl\/wp-content\/uploads\/2021\/03\/Opryski-komary.jpg",1200,1600,false]},"categories_names":{"12":{"name":"Aktualno\u015bci","link":"https:\/\/nakanarach.pl\/index.php\/category\/aktualnosci\/"}},"tags_names":[],"comments_number":"0","wpmagazine_modules_lite_featured_media_urls":{"thumbnail":["https:\/\/nakanarach.pl\/wp-content\/uploads\/2021\/03\/Opryski-komary-150x150.jpg",150,150,true],"cvmm-medium":["https:\/\/nakanarach.pl\/wp-content\/uploads\/2021\/03\/Opryski-komary-300x300.jpg",300,300,true],"cvmm-medium-plus":["https:\/\/nakanarach.pl\/wp-content\/uploads\/2021\/03\/Opryski-komary-305x207.jpg",305,207,true],"cvmm-portrait":["https:\/\/nakanarach.pl\/wp-content\/uploads\/2021\/03\/Opryski-komary-400x600.jpg",400,600,true],"cvmm-medium-square":["https:\/\/nakanarach.pl\/wp-content\/uploads\/2021\/03\/Opryski-komary-600x600.jpg",600,600,true],"cvmm-large":["https:\/\/nakanarach.pl\/wp-content\/uploads\/2021\/03\/Opryski-komary-1024x1024.jpg",1024,1024,true],"cvmm-small":["https:\/\/nakanarach.pl\/wp-content\/uploads\/2021\/03\/Opryski-komary-130x95.jpg",130,95,true],"full":["https:\/\/nakanarach.pl\/wp-content\/uploads\/2021\/03\/Opryski-komary.jpg",1200,1600,false]},"_links":{"self":[{"href":"https:\/\/nakanarach.pl\/index.php\/wp-json\/wp\/v2\/posts\/12813","targetHints":{"allow":["GET"]}}],"collection":[{"href":"https:\/\/nakanarach.pl\/index.php\/wp-json\/wp\/v2\/posts"}],"about":[{"href":"https:\/\/nakanarach.pl\/index.php\/wp-json\/wp\/v2\/types\/post"}],"author":[{"embeddable":true,"href":"https:\/\/nakanarach.pl\/index.php\/wp-json\/wp\/v2\/users\/4"}],"replies":[{"embeddable":true,"href":"https:\/\/nakanarach.pl\/index.php\/wp-json\/wp\/v2\/comments?post=12813"}],"version-history":[{"count":7,"href":"https:\/\/nakanarach.pl\/index.php\/wp-json\/wp\/v2\/posts\/12813\/revisions"}],"predecessor-version":[{"id":12898,"href":"https:\/\/nakanarach.pl\/index.php\/wp-json\/wp\/v2\/posts\/12813\/revisions\/12898"}],"wp:featuredmedia":[{"embeddable":true,"href":"https:\/\/nakanarach.pl\/index.php\/wp-json\/wp\/v2\/media\/227"}],"wp:attachment":[{"href":"https:\/\/nakanarach.pl\/index.php\/wp-json\/wp\/v2\/media?parent=12813"}],"wp:term":[{"taxonomy":"category","embeddable":true,"href":"https:\/\/nakanarach.pl\/index.php\/wp-json\/wp\/v2\/categories?post=12813"},{"taxonomy":"post_tag","embeddable":true,"href":"https:\/\/nakanarach.pl\/index.php\/wp-json\/wp\/v2\/tags?post=12813"}],"curies":[{"name":"wp","href":"https:\/\/api.w.org\/{rel}","templated":true}]}}