{"id":12827,"date":"2026-01-14T09:08:56","date_gmt":"2026-01-14T09:08:56","guid":{"rendered":"https:\/\/nakanarach.pl\/?p=12827"},"modified":"2026-01-14T12:26:08","modified_gmt":"2026-01-14T12:26:08","slug":"dlugo-czekali-w-samolocie-na-odlot","status":"publish","type":"post","link":"https:\/\/nakanarach.pl\/index.php\/2026\/01\/14\/dlugo-czekali-w-samolocie-na-odlot\/","title":{"rendered":"D\u0141UGO CZEKALI W SAMOLOCIE NA ODLOT"},"content":{"rendered":"\n<h3 class=\"wp-block-heading\">WROC\u0141AW\/HISZPANIA\/GRAN CANARIA: Prawie 5 godzin czekali w samolocie pasa\u017cerowie lotu na rajskie Wyspy Kanaryjskie i do kontynentalnej Hiszpanii. Do tych kuriozalnych sytuacji dosz\u0142o na lotnisku we Wroc\u0142awiu. Teraz przedstawiciele portu lotniczego wyja\u015bniaj\u0105, dlaczego tak d\u0142ugo to trwa\u0142o. Ale podobno zabrak\u0142o p\u0142ynu do odladzania samolot\u00f3w. <\/h3>\n\n\n\n<p>O tej bulwersuj\u0105cej sprawie opowiedzia\u0142 jeden ze s\u0142uchaczy Radia Wroc\u0142aw. Poinformowa\u0142 on, \u017ce samolot linii Enter Air, kt\u00f3rym jego rodzice mieli lecie\u0107 13 stycznia 2026 r. na Gran Canari\u0119 sta\u0142 od pi\u0119ciu godzin na lotnisku z pasa\u017cerami na pok\u0142adzie. Drugi start op\u00f3\u017aniony o ponad pi\u0119\u0107 godzin to lot Ryanaira do hiszpa\u0144skiego kurortu Alicante. <\/p>\n\n\n\n<ul class=\"wp-block-list\">\n<li>Siedzimy tu od rana. Kapitan raz m\u00f3wi jedno, raz drugie. Nikt nie wie, co si\u0119 dzieje, dzieci s\u0105 zm\u0119czone, ludzie zdenerwowani. Moja bateria w telefonie si\u0119 ko\u0144czy &#8211; napisa\u0142a do &#8222;Gazety Wroc\u0142awskiej&#8221; jedna z pasa\u017cerek lotu do Alicante.<\/li>\n<\/ul>\n\n\n\n<p>Wed\u0142ug informacji s\u0142uchacza, tak\u017ce w\u015br\u00f3d pasa\u017cer\u00f3w, kt\u00f3rzy od pi\u0119ciu godzin siedzieli w samolocie na Gran Canari\u0119, czu\u0107 by\u0142o nerwowo\u015b\u0107 i poruszenie.\u00a0<\/p>\n\n\n\n<ul class=\"wp-block-list\">\n<li><em>Podano kaw\u0119 i herbat\u0119,\u00a0dzieciom zaproponowano mo\u017cliwo\u015b\u0107 zrobienia zdj\u0119cia w kabinie pilot\u00f3w, ale nie wypuszczano pasa\u017cer\u00f3w na terminal przez prawie 5 godzin &#8211;<\/em>\u00a0podkre\u015bli\u0142 s\u0142uchacz Radia Wroc\u0142aw.<\/li>\n<\/ul>\n\n\n\n<ul class=\"wp-block-list\">\n<li><em>Mama by\u0142a wyra\u017anie poruszona i zawiedziona, ale najbardziej si\u0119 dziwi\u0142a, ze po remoncie takie rzeczy si\u0119 dziej\u0105. \u017be pomimo zimy, kt\u00f3ra trwa ju\u017c \u0142adne kilka dni, to nie zaopatrzono si\u0119 w odpowiedni\u0105 ilo\u015b\u0107 p\u0142ynu do odmra\u017cania. Nikt nie jest pewnie zadowolony, \u017ce ma 5 godzin op\u00f3\u017anienia lec\u0105c na wakacje &#8211;<\/em>\u00a0napisa\u0142 s\u0142uchacz. Jak dodaje, informacje o tym, \u017ce zabrak\u0142o p\u0142ynu do odladzania, przekaza\u0142a pasa\u017cerom obs\u0142uga samolotu.\u00a0Obydwa loty mia\u0142y wystartowa\u0107 planowo o godz. 7.35, finalnie wzbi\u0142y si\u0119 w powietrze ok. godz. 12.30. Zatem pasa\u017cerowie w samolocie na Gran Canari\u0119 zamiast 5 godzin, sp\u0119dzili w nim ponad 10 godzin, a do Alicante zamiast 3 to podr\u00f3\u017c trwa\u0142a 8 godzin.  <\/li>\n<\/ul>\n\n\n\n<p>Op\u00f3\u017anione loty z Wroc\u0142awia mog\u0105 wynika\u0107 z zimowych warunk\u00f3w (jak np. odladzanie) i modernizacji lotniska we Wroc\u0142awiu, kt\u00f3ra finalnie ma zako\u0144czy\u0107 si\u0119 w 2026 r. <\/p>\n\n\n\n<p>Jak informuje Radio Wroc\u0142aw Bartosz Wi\u015bniewski, rzecznik Portu Lotniczego Wroc\u0142aw, przyczyn\u0105 jest &#8222;nienaturalnie d\u0142ugi proces odladzania&#8221;.\u00a0<\/p>\n\n\n\n<p><em>&#8211; Na wroc\u0142awskim lotnisku to zewn\u0119trzna firma odpowiada za odladzanie samolot\u00f3w. Wyja\u015bniamy t\u0119 kwesti\u0119, rozmawiamy z podwykonawc\u0105 kt\u00f3ry zajmuje si\u0119 odladzaniem samolot\u00f3w, by wyja\u015bni\u0142, dlaczego to tak d\u0142ugo trwa\u0142o &#8211;<\/em>\u00a0powiedzia\u0142 Bartosz Wi\u015bniewski z Portu Lotniczego Wroc\u0142aw.<\/p>\n\n\n\n<p>Dlaczego wi\u0119c pasa\u017cerowie ponad pi\u0119\u0107 godzin musieli czeka\u0107 w samolotach, a nie zostali zaproszeni ponownie do terminala? Jak t\u0142umaczy Bartosz Wi\u015bniewski decyzj\u0119 o tym ka\u017cdorazowo podejmuje kapitan samolotu oraz linia lotnicza.\u00a0<\/p>\n\n\n\n<ul class=\"wp-block-list\">\n<li><em>Lotnisko nie ingeruje w ten proces &#8211;<\/em>\u00a0podkre\u015bli\u0142 Wi\u015bniewski. <\/li>\n<\/ul>\n\n\n\n<p>Tego samego dnia dwie godziny na start czeka\u0142a maszyna SAS do Kopenhagi. Z p\u00f3\u0142toragodzinnym op\u00f3\u017anieniem polecia\u0142 Ryanair do Porto.<\/p>\n\n\n\n<p>Foto: Zdj\u0119cie ilustracyjne NaKanarach.pl<\/p>\n","protected":false},"excerpt":{"rendered":"<p>WROC\u0141AW\/HISZPANIA\/GRAN CANARIA: Prawie 5 godzin czekali w samolocie pasa\u017cerowie lotu na rajskie Wyspy Kanaryjskie i do kontynentalnej Hiszpanii. Do tych kuriozalnych sytuacji dosz\u0142o na lotnisku we Wroc\u0142awiu. Teraz przedstawiciele portu lotniczego wyja\u015bniaj\u0105, dlaczego tak d\u0142ugo to trwa\u0142o. Ale podobno zabrak\u0142o p\u0142ynu do odladzania samolot\u00f3w. O tej bulwersuj\u0105cej sprawie opowiedzia\u0142 jeden ze s\u0142uchaczy Radia Wroc\u0142aw. Poinformowa\u0142 [&hellip;]<\/p>\n","protected":false},"author":4,"featured_media":3836,"comment_status":"closed","ping_status":"open","sticky":false,"template":"","format":"standard","meta":{"om_disable_all_campaigns":false,"_monsterinsights_skip_tracking":false,"_monsterinsights_sitenote_active":false,"_monsterinsights_sitenote_note":"","_monsterinsights_sitenote_category":0,"footnotes":""},"categories":[12],"tags":[],"class_list":["post-12827","post","type-post","status-publish","format-standard","has-post-thumbnail","hentry","category-aktualnosci"],"aioseo_notices":[],"blog_post_layout_featured_media_urls":{"thumbnail":["https:\/\/nakanarach.pl\/wp-content\/uploads\/2022\/01\/Lotnisko-Skrzydla-chmury-neutral-150x150.jpg",150,150,true],"full":["https:\/\/nakanarach.pl\/wp-content\/uploads\/2022\/01\/Lotnisko-Skrzydla-chmury-neutral-scaled.jpg",2560,1920,false]},"categories_names":{"12":{"name":"Aktualno\u015bci","link":"https:\/\/nakanarach.pl\/index.php\/category\/aktualnosci\/"}},"tags_names":[],"comments_number":"0","wpmagazine_modules_lite_featured_media_urls":{"thumbnail":["https:\/\/nakanarach.pl\/wp-content\/uploads\/2022\/01\/Lotnisko-Skrzydla-chmury-neutral-150x150.jpg",150,150,true],"cvmm-medium":["https:\/\/nakanarach.pl\/wp-content\/uploads\/2022\/01\/Lotnisko-Skrzydla-chmury-neutral-300x300.jpg",300,300,true],"cvmm-medium-plus":["https:\/\/nakanarach.pl\/wp-content\/uploads\/2022\/01\/Lotnisko-Skrzydla-chmury-neutral-305x207.jpg",305,207,true],"cvmm-portrait":["https:\/\/nakanarach.pl\/wp-content\/uploads\/2022\/01\/Lotnisko-Skrzydla-chmury-neutral-400x600.jpg",400,600,true],"cvmm-medium-square":["https:\/\/nakanarach.pl\/wp-content\/uploads\/2022\/01\/Lotnisko-Skrzydla-chmury-neutral-600x600.jpg",600,600,true],"cvmm-large":["https:\/\/nakanarach.pl\/wp-content\/uploads\/2022\/01\/Lotnisko-Skrzydla-chmury-neutral-1024x1024.jpg",1024,1024,true],"cvmm-small":["https:\/\/nakanarach.pl\/wp-content\/uploads\/2022\/01\/Lotnisko-Skrzydla-chmury-neutral-130x95.jpg",130,95,true],"full":["https:\/\/nakanarach.pl\/wp-content\/uploads\/2022\/01\/Lotnisko-Skrzydla-chmury-neutral-scaled.jpg",2560,1920,false]},"_links":{"self":[{"href":"https:\/\/nakanarach.pl\/index.php\/wp-json\/wp\/v2\/posts\/12827","targetHints":{"allow":["GET"]}}],"collection":[{"href":"https:\/\/nakanarach.pl\/index.php\/wp-json\/wp\/v2\/posts"}],"about":[{"href":"https:\/\/nakanarach.pl\/index.php\/wp-json\/wp\/v2\/types\/post"}],"author":[{"embeddable":true,"href":"https:\/\/nakanarach.pl\/index.php\/wp-json\/wp\/v2\/users\/4"}],"replies":[{"embeddable":true,"href":"https:\/\/nakanarach.pl\/index.php\/wp-json\/wp\/v2\/comments?post=12827"}],"version-history":[{"count":5,"href":"https:\/\/nakanarach.pl\/index.php\/wp-json\/wp\/v2\/posts\/12827\/revisions"}],"predecessor-version":[{"id":12836,"href":"https:\/\/nakanarach.pl\/index.php\/wp-json\/wp\/v2\/posts\/12827\/revisions\/12836"}],"wp:featuredmedia":[{"embeddable":true,"href":"https:\/\/nakanarach.pl\/index.php\/wp-json\/wp\/v2\/media\/3836"}],"wp:attachment":[{"href":"https:\/\/nakanarach.pl\/index.php\/wp-json\/wp\/v2\/media?parent=12827"}],"wp:term":[{"taxonomy":"category","embeddable":true,"href":"https:\/\/nakanarach.pl\/index.php\/wp-json\/wp\/v2\/categories?post=12827"},{"taxonomy":"post_tag","embeddable":true,"href":"https:\/\/nakanarach.pl\/index.php\/wp-json\/wp\/v2\/tags?post=12827"}],"curies":[{"name":"wp","href":"https:\/\/api.w.org\/{rel}","templated":true}]}}