{"id":12909,"date":"2026-01-22T08:38:31","date_gmt":"2026-01-22T08:38:31","guid":{"rendered":"https:\/\/nakanarach.pl\/?p=12909"},"modified":"2026-01-22T09:44:23","modified_gmt":"2026-01-22T09:44:23","slug":"dodatkowo-zaplacila-za-wymiarowy-bagaz","status":"publish","type":"post","link":"https:\/\/nakanarach.pl\/index.php\/2026\/01\/22\/dodatkowo-zaplacila-za-wymiarowy-bagaz\/","title":{"rendered":"DODATKOWO ZAP\u0141ACI\u0141A ZA WYMIAROWY BAGA\u017b"},"content":{"rendered":"\n<p><strong>TENERYFA: W Hiszpanii na nowo wr\u00f3ci\u0142a debata o kontrowersyjnych op\u0142atach dodatkowych za baga\u017c przed wej\u015bciem do samolotu. Jedna z pasa\u017cerek poskar\u017cy\u0142a si\u0119 w mediach spo\u0142eczno\u015bciowych, \u017ce na Teneryfie musia\u0142a dop\u0142aci\u0107 w linii Easyjet za baga\u017c, kt\u00f3ry by\u0142 wymiarowy. <\/strong><\/p>\n\n\n\n<p>Jej tegoroczny post zgromadzi\u0142 setki tysi\u0119cy wy\u015bwietle\u0144 i wywo\u0142a\u0142 szerok\u0105 debat\u0119 na temat zasad dotycz\u0105cych baga\u017cu obowi\u0105zuj\u0105cych w tej linii lotniczej. Do zdarzenia dosz\u0142o podczas odprawy prowadzonej przez easyJet i easyJet Holidays, kiedy to, jak twierdzi u\u017cytkowniczka @amaaanda17_, pracownica linii lotniczych zmusi\u0142a j\u0105 do zap\u0142acenia 57,10 euro (ok. 240 z\u0142) za baga\u017c podr\u0119czny, mimo \u017ce, jak twierdzi, spe\u0142nia\u0142 on oficjalne wymogi okre\u015blone przez sam\u0105 lini\u0119 lotnicz\u0105.<\/p>\n\n\n\n<p>Poinformowa\u0142a ona, \u017ce pracownica lotniska argumentowa\u0142a, \u017ce walizka nie spe\u0142nia\u0142a wymog\u00f3w, poniewa\u017c \u201ez trudem\u201d mie\u015bci\u0142a si\u0119 w wymiarach podanych na mierniku, co pasa\u017cerka uzna\u0142a za dowoln\u0105  interpretacj\u0119. Kiedy pr\u00f3bowa\u0142a ponownie umie\u015bci\u0107 baga\u017c w sizerze, aby udowodni\u0107, \u017ce si\u0119 mie\u015bci, twierdzi, \u017ce zabroniono jej tego, daj\u0105c jej tylko dwie opcje: zap\u0142aci\u0107 lub pozosta\u0107 na ziemi.<br>Pasa\u017cerka twierdzi r\u00f3wnie\u017c, \u017ce nie pozwolono jej z\u0142o\u017cy\u0107 reklamacji w danym momencie, argumentuj\u0105c, \u017ce boarding zosta\u0142 zamkni\u0119ty o godz. 8:30. Doda\u0142a ona jednak, \u017ce boarding trwa\u0142 do godz. 9:28, prawie godzin\u0119 p\u00f3\u017aniej, a inni pasa\u017cerowie bez problemu weszli na pok\u0142ad samolotu.<\/p>\n\n\n\n<p>W ko\u0144cu, w obliczu ryzyka utraty lotu, zap\u0142aci\u0142a wymagane 57,10 euro, mimo \u017ce \u2013 jak twierdzi \u2013 walizka nigdy nie zosta\u0142a zwa\u017cona ani nie wspomniano o nadwadze, a jedynie o rzekomym problemie z rozmiarem. Pasa\u017cerka twierdzi, \u017ce personel pok\u0142adowy easyJet na lotnisku na Teneryfie potwierdzi\u0142, \u017ce jej baga\u017c spe\u0142nia\u0142 dopuszczalne wymiary, co wzmocni\u0142o jej poczucie bezradno\u015bci i arbitralno\u015bci.<\/p>\n\n\n\n<p>Po tym, jak sprawa sta\u0142a si\u0119 popularna w sieci, easyJet odpowiedzia\u0142 publicznie w mediach spo\u0142eczno\u015bciowych, zaznaczaj\u0105c, \u017ce \u201ewi\u0119kszo\u015b\u0107 przypadk\u00f3w\u201d naliczania op\u0142at na lotnisku wynika z nieprzestrzegania wymiar\u00f3w lub przekroczenia limitu wagowego, nie odnosz\u0105c si\u0119 do konkretnego przypadku. <\/p>\n\n\n\n<p>Poszkodowana odpowiedzia\u0142a, pokazuj\u0105c, \u017ce jej baga\u017c dok\u0142adnie spe\u0142nia\u0142 wymiary wskazane przez lini\u0119 lotnicz\u0105 na samym lotnisku i powt\u00f3rzy\u0142a swoje pytanie: \u201eW czym problem? Dlaczego musia\u0142am zap\u0142aci\u0107, skoro mie\u015bci si\u0119 w normach?\u201d.<\/p>\n\n\n\n<figure class=\"wp-block-embed is-type-rich is-provider-twitter wp-block-embed-twitter\"><div class=\"wp-block-embed__wrapper\">\n<blockquote class=\"twitter-tweet\" data-width=\"550\" data-dnt=\"true\"><p lang=\"es\" dir=\"ltr\">Hola buenas, Amandix. Gracias por contactar con easyJet.<br>La mayoria de los casos que recibimos en cuanto al pago de equipaje en el aeropuerto, es debido al no respetar las medidas adecuadas de equipaje de mano o excesivo de peso en bodega.<br>Saludos. Zineb<\/p>&mdash; easyJet (@easyJet) <a href=\"https:\/\/twitter.com\/easyJet\/status\/2013306798690754740?ref_src=twsrc%5Etfw\">January 19, 2026<\/a><\/blockquote><script async src=\"https:\/\/platform.twitter.com\/widgets.js\" charset=\"utf-8\"><\/script>\n<\/div><\/figure>\n\n\n\n<p><br>Sprawa wywo\u0142a\u0142a lawin\u0119 komentarzy innych pasa\u017cer\u00f3w, z kt\u00f3rych wielu twierdzi, \u017ce do\u015bwiadczy\u0142o podobnych sytuacji z liniami lotniczymi, zw\u0142aszcza w odniesieniu do subiektywnej interpretacji baga\u017cu podr\u0119cznego przy bramce wej\u015bciowej.<\/p>\n\n\n\n<p>Foto: X\/@amaaanda17_<\/p>\n","protected":false},"excerpt":{"rendered":"<p>TENERYFA: W Hiszpanii na nowo wr\u00f3ci\u0142a debata o kontrowersyjnych op\u0142atach dodatkowych za baga\u017c przed wej\u015bciem do samolotu. Jedna z pasa\u017cerek poskar\u017cy\u0142a si\u0119 w mediach spo\u0142eczno\u015bciowych, \u017ce na Teneryfie musia\u0142a dop\u0142aci\u0107 w linii Easyjet za baga\u017c, kt\u00f3ry by\u0142 wymiarowy. Jej tegoroczny post zgromadzi\u0142 setki tysi\u0119cy wy\u015bwietle\u0144 i wywo\u0142a\u0142 szerok\u0105 debat\u0119 na temat zasad dotycz\u0105cych baga\u017cu obowi\u0105zuj\u0105cych [&hellip;]<\/p>\n","protected":false},"author":4,"featured_media":12910,"comment_status":"closed","ping_status":"open","sticky":false,"template":"","format":"standard","meta":{"om_disable_all_campaigns":false,"_monsterinsights_skip_tracking":false,"_monsterinsights_sitenote_active":false,"_monsterinsights_sitenote_note":"","_monsterinsights_sitenote_category":0,"footnotes":""},"categories":[12],"tags":[],"class_list":["post-12909","post","type-post","status-publish","format-standard","has-post-thumbnail","hentry","category-aktualnosci"],"aioseo_notices":[],"blog_post_layout_featured_media_urls":{"thumbnail":["https:\/\/nakanarach.pl\/wp-content\/uploads\/2026\/01\/Zaplacila-za-wymiarowy-bagaz-150x150.jpg",150,150,true],"full":["https:\/\/nakanarach.pl\/wp-content\/uploads\/2026\/01\/Zaplacila-za-wymiarowy-bagaz.jpg",510,680,false]},"categories_names":{"12":{"name":"Aktualno\u015bci","link":"https:\/\/nakanarach.pl\/index.php\/category\/aktualnosci\/"}},"tags_names":[],"comments_number":"0","wpmagazine_modules_lite_featured_media_urls":{"thumbnail":["https:\/\/nakanarach.pl\/wp-content\/uploads\/2026\/01\/Zaplacila-za-wymiarowy-bagaz-150x150.jpg",150,150,true],"cvmm-medium":["https:\/\/nakanarach.pl\/wp-content\/uploads\/2026\/01\/Zaplacila-za-wymiarowy-bagaz-300x300.jpg",300,300,true],"cvmm-medium-plus":["https:\/\/nakanarach.pl\/wp-content\/uploads\/2026\/01\/Zaplacila-za-wymiarowy-bagaz-305x207.jpg",305,207,true],"cvmm-portrait":["https:\/\/nakanarach.pl\/wp-content\/uploads\/2026\/01\/Zaplacila-za-wymiarowy-bagaz-400x600.jpg",400,600,true],"cvmm-medium-square":["https:\/\/nakanarach.pl\/wp-content\/uploads\/2026\/01\/Zaplacila-za-wymiarowy-bagaz-510x600.jpg",510,600,true],"cvmm-large":["https:\/\/nakanarach.pl\/wp-content\/uploads\/2026\/01\/Zaplacila-za-wymiarowy-bagaz.jpg",510,680,false],"cvmm-small":["https:\/\/nakanarach.pl\/wp-content\/uploads\/2026\/01\/Zaplacila-za-wymiarowy-bagaz-130x95.jpg",130,95,true],"full":["https:\/\/nakanarach.pl\/wp-content\/uploads\/2026\/01\/Zaplacila-za-wymiarowy-bagaz.jpg",510,680,false]},"_links":{"self":[{"href":"https:\/\/nakanarach.pl\/index.php\/wp-json\/wp\/v2\/posts\/12909","targetHints":{"allow":["GET"]}}],"collection":[{"href":"https:\/\/nakanarach.pl\/index.php\/wp-json\/wp\/v2\/posts"}],"about":[{"href":"https:\/\/nakanarach.pl\/index.php\/wp-json\/wp\/v2\/types\/post"}],"author":[{"embeddable":true,"href":"https:\/\/nakanarach.pl\/index.php\/wp-json\/wp\/v2\/users\/4"}],"replies":[{"embeddable":true,"href":"https:\/\/nakanarach.pl\/index.php\/wp-json\/wp\/v2\/comments?post=12909"}],"version-history":[{"count":3,"href":"https:\/\/nakanarach.pl\/index.php\/wp-json\/wp\/v2\/posts\/12909\/revisions"}],"predecessor-version":[{"id":12916,"href":"https:\/\/nakanarach.pl\/index.php\/wp-json\/wp\/v2\/posts\/12909\/revisions\/12916"}],"wp:featuredmedia":[{"embeddable":true,"href":"https:\/\/nakanarach.pl\/index.php\/wp-json\/wp\/v2\/media\/12910"}],"wp:attachment":[{"href":"https:\/\/nakanarach.pl\/index.php\/wp-json\/wp\/v2\/media?parent=12909"}],"wp:term":[{"taxonomy":"category","embeddable":true,"href":"https:\/\/nakanarach.pl\/index.php\/wp-json\/wp\/v2\/categories?post=12909"},{"taxonomy":"post_tag","embeddable":true,"href":"https:\/\/nakanarach.pl\/index.php\/wp-json\/wp\/v2\/tags?post=12909"}],"curies":[{"name":"wp","href":"https:\/\/api.w.org\/{rel}","templated":true}]}}