{"id":12929,"date":"2026-01-26T08:49:42","date_gmt":"2026-01-26T08:49:42","guid":{"rendered":"https:\/\/nakanarach.pl\/?p=12929"},"modified":"2026-01-26T09:37:07","modified_gmt":"2026-01-26T09:37:07","slug":"olbrzymia-fala-porwala-turyste","status":"publish","type":"post","link":"https:\/\/nakanarach.pl\/index.php\/2026\/01\/26\/olbrzymia-fala-porwala-turyste\/","title":{"rendered":"OLBRZYMIA FALA PORWA\u0141A TURYST\u0118"},"content":{"rendered":"\n<p><strong>GRAN CANARIA\/LANZAROTE: Kolejna grupa turyst\u00f3w zignorowa\u0142a ostrze\u017cenia i zakaz k\u0105pieli na jednej z pla\u017c na kanaryjskiej wyspie Lanzarote. Efekt okaza\u0142 si\u0119 tragiczny. Od 25 stycznia trwaj\u0105 poszukiwania m\u0142odego m\u0119\u017cczyzny, kt\u00f3ry znikn\u0105\u0142 w wodach Oceanu Atlantyckiego. I nie by\u0142a to jedyna powa\u017cna interwencja s\u0142u\u017cb ratunkowych na wodzie w miniony weekend. <\/strong><\/p>\n\n\n\n<p>Rz\u0105d Wysp Kanaryjskich ju\u017c od 24 stycznia wprowadzi\u0142 stan alarmu przybrze\u017cnego, ze wzgl\u0119du na mo\u017cliwe fale o wysoko\u015bci od 4 do 5 metr\u00f3w na cz\u0119\u015bci archipelagu, a jeszcze wy\u017csze mia\u0142y by\u0107 na Lanzarote i Fuerteventurze. Los Charcones to zesp\u00f3\u0142 naturalnych basen\u00f3w, popularnych tak\u017ce w mediach spo\u0142eczno\u015bciowych, kt\u00f3re s\u0105 po\u0142o\u017cone w pobli\u017cu znanego kurortu Playa Blanca. To miejsce zosta\u0142o w miniony weekend oficjalnie zamkni\u0119te ze wzgl\u0119du na zagro\u017cenie. Jednak czterech ameryka\u0144skich student\u00f3w w wieku od 19 do 21 lat, studiuj\u0105cych w Madrycie i odwiedzaj\u0105cych w celach turystycznych Lanzarote, pomimo zamkni\u0119cia terenu z powodu powa\u017cnego zagro\u017cenia dla wybrze\u017ca, dotar\u0142o do Los Charcones pieszo. Omin\u0119li barier\u0119 zakazuj\u0105c\u0105 wst\u0119pu, kt\u00f3ra by\u0142a ustawiona na drodze dojazdowej. Nag\u0142a, wysoka du\u017ca fala uderzy\u0142a w nich, wci\u0105gaj\u0105c dwie osoby do wody. Jedn\u0105 z nich uratowa\u0142 \u015bmig\u0142owiec Ratownictwa Medycznego Wysp Kanaryjskich, znajduj\u0105cy si\u0119 oko\u0142o 800 metr\u00f3w dalej. Pozostali dwaj odnie\u015bli lekkie obra\u017cenia po uderzeniu o ska\u0142y, ale odm\u00f3wili pomocy medycznej. Czwarty cz\u0142onek grupy zosta\u0142 wci\u0105gni\u0119ty do Atlantyku i od tamtej pory go nie widziano.<\/p>\n\n\n\n<p>Przez ca\u0142\u0105 niedziel\u0119 prowadzono szeroko zakrojone poszukiwania z udzia\u0142em \u015bmig\u0142owca i jednostek ratowniczych Ratownictwa Morskiego, \u0142odzi patrolowej Gwardii Cywilnej, stra\u017cak\u00f3w korzystaj\u0105cych ze skuter\u00f3w wodnych oraz lokalnej policji, kt\u00f3ra prowadzi\u0142a poszukiwania z l\u0105du z u\u017cyciem dron\u00f3w. Wczesnym wieczorem w\u0142adze zawiesi\u0142y operacj\u0119, aby wznowi\u0107 j\u0105 o \u015bwicie 26 stycznia, poniewa\u017c uwa\u017caj\u0105, \u017ce zaginionego m\u0119\u017cczyzny nie ma ju\u017c na powierzchni.<\/p>\n\n\n\n<p>Nie by\u0142a to jednak jedyna powa\u017cna interwencja na wybrze\u017cu oceanu. 24 stycznia pali\u0142a si\u0119 \u0142\u00f3d\u017a zacumowana w dzielnicy La Marina portu w Las Palmas na Gran Canarii. Ze wzgl\u0119du na ryzyko rozprzestrzenienia si\u0119 po\u017caru na pobliskie \u0142odzie, statek zosta\u0142 odholowany w bezpieczne miejsce, aby m.in. nie dosz\u0142o do wybuchu paliwa oraz \u017ceby zapobiec dalszym szkodom w jednym z najbardziej ruchliwych port\u00f3w wypoczynkowych na tej wyspie.<\/p>\n\n\n\n<figure class=\"wp-block-image size-full\"><img fetchpriority=\"high\" decoding=\"async\" width=\"900\" height=\"526\" src=\"https:\/\/nakanarach.pl\/wp-content\/uploads\/2026\/01\/Pozar-Policia-Portuaria.webp\" alt=\"\" class=\"wp-image-12930\" srcset=\"https:\/\/nakanarach.pl\/wp-content\/uploads\/2026\/01\/Pozar-Policia-Portuaria.webp 900w, https:\/\/nakanarach.pl\/wp-content\/uploads\/2026\/01\/Pozar-Policia-Portuaria-300x175.webp 300w, https:\/\/nakanarach.pl\/wp-content\/uploads\/2026\/01\/Pozar-Policia-Portuaria-768x449.webp 768w\" sizes=\"(max-width: 900px) 100vw, 900px\" \/><figcaption class=\"wp-element-caption\"><strong><em>Foto: Policia Portuaria APLP<\/em><\/strong><\/figcaption><\/figure>\n\n\n\n<p>Po odizolowaniu \u0142odzi, stra\u017cacy zaj\u0119li si\u0119 gaszeniem po\u017caru przy u\u017cyciu specjalnej piany przeznaczonej do po\u017car\u00f3w morskich, kt\u00f3ra skuteczniej ni\u017c woda gasi po\u017cary paliw p\u0142ynnych. Dzi\u0119ki szybkiej interwencji po\u017car zosta\u0142 ugaszony, zanim zd\u0105\u017cy\u0142 si\u0119 rozprzestrzeni\u0107 i spowodowa\u0107 wi\u0119ksze szkody. <\/p>\n\n\n\n<p>Foto: Zdj\u0119cie ilustracyjne Salvamento Mar\u00edtimo, Policia Portuaria APLP<\/p>\n","protected":false},"excerpt":{"rendered":"<p>GRAN CANARIA\/LANZAROTE: Kolejna grupa turyst\u00f3w zignorowa\u0142a ostrze\u017cenia i zakaz k\u0105pieli na jednej z pla\u017c na kanaryjskiej wyspie Lanzarote. Efekt okaza\u0142 si\u0119 tragiczny. Od 25 stycznia trwaj\u0105 poszukiwania m\u0142odego m\u0119\u017cczyzny, kt\u00f3ry znikn\u0105\u0142 w wodach Oceanu Atlantyckiego. I nie by\u0142a to jedyna powa\u017cna interwencja s\u0142u\u017cb ratunkowych na wodzie w miniony weekend. Rz\u0105d Wysp Kanaryjskich ju\u017c od 24 [&hellip;]<\/p>\n","protected":false},"author":4,"featured_media":12931,"comment_status":"closed","ping_status":"open","sticky":false,"template":"","format":"standard","meta":{"om_disable_all_campaigns":false,"_monsterinsights_skip_tracking":false,"_monsterinsights_sitenote_active":false,"_monsterinsights_sitenote_note":"","_monsterinsights_sitenote_category":0,"footnotes":""},"categories":[12],"tags":[],"class_list":["post-12929","post","type-post","status-publish","format-standard","has-post-thumbnail","hentry","category-aktualnosci"],"aioseo_notices":[],"blog_post_layout_featured_media_urls":{"thumbnail":["https:\/\/nakanarach.pl\/wp-content\/uploads\/2026\/01\/Helikopter-Salvamento-Maritimo-150x150.jpg",150,150,true],"full":["https:\/\/nakanarach.pl\/wp-content\/uploads\/2026\/01\/Helikopter-Salvamento-Maritimo.jpg",1024,706,false]},"categories_names":{"12":{"name":"Aktualno\u015bci","link":"https:\/\/nakanarach.pl\/index.php\/category\/aktualnosci\/"}},"tags_names":[],"comments_number":"0","wpmagazine_modules_lite_featured_media_urls":{"thumbnail":["https:\/\/nakanarach.pl\/wp-content\/uploads\/2026\/01\/Helikopter-Salvamento-Maritimo-150x150.jpg",150,150,true],"cvmm-medium":["https:\/\/nakanarach.pl\/wp-content\/uploads\/2026\/01\/Helikopter-Salvamento-Maritimo-300x300.jpg",300,300,true],"cvmm-medium-plus":["https:\/\/nakanarach.pl\/wp-content\/uploads\/2026\/01\/Helikopter-Salvamento-Maritimo-305x207.jpg",305,207,true],"cvmm-portrait":["https:\/\/nakanarach.pl\/wp-content\/uploads\/2026\/01\/Helikopter-Salvamento-Maritimo-400x600.jpg",400,600,true],"cvmm-medium-square":["https:\/\/nakanarach.pl\/wp-content\/uploads\/2026\/01\/Helikopter-Salvamento-Maritimo-600x600.jpg",600,600,true],"cvmm-large":["https:\/\/nakanarach.pl\/wp-content\/uploads\/2026\/01\/Helikopter-Salvamento-Maritimo.jpg",1024,706,false],"cvmm-small":["https:\/\/nakanarach.pl\/wp-content\/uploads\/2026\/01\/Helikopter-Salvamento-Maritimo-130x95.jpg",130,95,true],"full":["https:\/\/nakanarach.pl\/wp-content\/uploads\/2026\/01\/Helikopter-Salvamento-Maritimo.jpg",1024,706,false]},"_links":{"self":[{"href":"https:\/\/nakanarach.pl\/index.php\/wp-json\/wp\/v2\/posts\/12929","targetHints":{"allow":["GET"]}}],"collection":[{"href":"https:\/\/nakanarach.pl\/index.php\/wp-json\/wp\/v2\/posts"}],"about":[{"href":"https:\/\/nakanarach.pl\/index.php\/wp-json\/wp\/v2\/types\/post"}],"author":[{"embeddable":true,"href":"https:\/\/nakanarach.pl\/index.php\/wp-json\/wp\/v2\/users\/4"}],"replies":[{"embeddable":true,"href":"https:\/\/nakanarach.pl\/index.php\/wp-json\/wp\/v2\/comments?post=12929"}],"version-history":[{"count":2,"href":"https:\/\/nakanarach.pl\/index.php\/wp-json\/wp\/v2\/posts\/12929\/revisions"}],"predecessor-version":[{"id":12934,"href":"https:\/\/nakanarach.pl\/index.php\/wp-json\/wp\/v2\/posts\/12929\/revisions\/12934"}],"wp:featuredmedia":[{"embeddable":true,"href":"https:\/\/nakanarach.pl\/index.php\/wp-json\/wp\/v2\/media\/12931"}],"wp:attachment":[{"href":"https:\/\/nakanarach.pl\/index.php\/wp-json\/wp\/v2\/media?parent=12929"}],"wp:term":[{"taxonomy":"category","embeddable":true,"href":"https:\/\/nakanarach.pl\/index.php\/wp-json\/wp\/v2\/categories?post=12929"},{"taxonomy":"post_tag","embeddable":true,"href":"https:\/\/nakanarach.pl\/index.php\/wp-json\/wp\/v2\/tags?post=12929"}],"curies":[{"name":"wp","href":"https:\/\/api.w.org\/{rel}","templated":true}]}}