{"id":12949,"date":"2026-01-28T08:23:55","date_gmt":"2026-01-28T08:23:55","guid":{"rendered":"https:\/\/nakanarach.pl\/?p=12949"},"modified":"2026-01-28T08:23:58","modified_gmt":"2026-01-28T08:23:58","slug":"pracownik-lotniska-okradal-bagaze","status":"publish","type":"post","link":"https:\/\/nakanarach.pl\/index.php\/2026\/01\/28\/pracownik-lotniska-okradal-bagaze\/","title":{"rendered":"PRACOWNIK LOTNISKA OKRADA\u0141 BAGA\u017bE"},"content":{"rendered":"\n<p><strong>FUERTEVENTURA:<\/strong> <strong>Pracownik lotniska na Fuerteventurze zosta\u0142 zatrzymany przez Gwardi\u0119 Cywiln\u0105 pod zarzutem kradzie\u017cy z baga\u017cu rejestrowanego podr\u00f3\u017cnych. Wed\u0142ug \u015bledczych ten proceder trwa\u0142 od kilku miesi\u0119cy, a straty mog\u0142y wynie\u015b\u0107 ponad 9 tys. euro.<\/strong> <strong>Nie jest to pierwszy podobny przypadek na Wyspach Kanaryjskich.  <\/strong><\/p>\n\n\n\n<p>Pracownik obs\u0142ugi baga\u017cu na lotnisku Fuerteventura zosta\u0142 zatrzymany w tym roku przez Gwardi\u0119 Cywiln\u0105 w ramach\u00a0operacji Bodega, po \u015bledztwie w sprawie powtarzaj\u0105cych si\u0119 kradzie\u017cy walizek w zamkni\u0119tych strefach lotniska.<\/p>\n\n\n\n<p>Sprawa wysz\u0142a na jaw, gdy 3 grudnia 2025 roku pasa\u017cerka zg\u0142osi\u0142a, \u017ce \u200b\u200bz jej baga\u017cu rejestrowanego znikn\u0119\u0142o 5000 euro (ok. 21 tys z\u0142) w got\u00f3wce. Pieni\u0105dze znajdowa\u0142y si\u0119 w kopercie i znikn\u0119\u0142y z walizki za\u0142adowanej na pok\u0142ad samolotu lec\u0105cego z Fuerteventury do Londynu Gatwick.<\/p>\n\n\n\n<p>Funkcjonariusze przejrzeli nagrania z monitoringu w strefie obs\u0142ugi baga\u017cu i zidentyfikowali pracownika lotniska, kt\u00f3ry rzekomo otwiera\u0142 walizk\u0119 odpowiadaj\u0105c\u0105 opisowi ofiary. \u015aledczy twierdz\u0105, \u017ce nagrania pokazuj\u0105 podejrzanego dzia\u0142aj\u0105cego w pojedynk\u0119, celowo wybieraj\u0105cego momenty, w kt\u00f3rych nie m\u00f3g\u0142 by\u0107 widziany przez innych pracownik\u00f3w.<\/p>\n\n\n\n<p>Gwardia Cywilna poinformowa\u0142a, \u017ce na nagraniu wida\u0107 pracownika, kt\u00f3ry wk\u0142ada\u0142 skradzione przedmioty do kieszeni swojej odzie\u017cy roboczej. Dalsze dochodzenie sugeruje, \u017ce nie by\u0142 to odosobniony przypadek, lecz element powtarzaj\u0105cego si\u0119 schematu kradzie\u017cy.<\/p>\n\n\n\n<p>W miar\u0119 trwaj\u0105cego \u015bledztwa, policja wsp\u00f3\u0142pracowa\u0142a z operatorem systemu obs\u0142ugi baga\u017cu na lotnisku, aby zlokalizowa\u0107 inne potencjalnie loty, na kt\u00f3rych mog\u0142o dochodzi\u0107 do kradzie\u017cy z baga\u017cu i skontaktowa\u0142a si\u0119 z kilkoma liniami lotniczymi. Funkcjonariusze sprawdzili r\u00f3wnie\u017c firmy skupuj\u0105ce z\u0142oto i sklepy z u\u017cywanymi rzeczami na Fuerteventurze.<\/p>\n\n\n\n<p>Kontrole ujawni\u0142y liczne transakcje sprzeda\u017cy bi\u017cuterii dokonane przez podejrzanego w 2025 roku, na \u0142\u0105czn\u0105 kwot\u0119 9291 euro (ok. 40 tys. z\u0142). Mundurowi uwa\u017caj\u0105, \u017ce \u200b\u200bsprzedawane przedmioty mog\u0142y pochodzi\u0107 z baga\u017cy pasa\u017cer\u00f3w.<\/p>\n\n\n\n<p>Po aresztowaniu funkcjonariusze przeszukali pojazd m\u0119\u017cczyzny i znale\u017ali drobne przedmioty jubilerskie oraz banknoty w r\u00f3\u017cnych walutach. Gwardia Cywilna szacuje, \u017ce \u0142\u0105czna warto\u015b\u0107 skradzionych d\u00f3br, w tym got\u00f3wki, bi\u017cuterii i pr\u00f3b kradzie\u017cy, mo\u017ce wynie\u015b\u0107 14291 euro (ok. 61 tys z\u0142).<\/p>\n\n\n\n<p>Policja nie wyklucza dalszych zarzut\u00f3w i apeluje o zg\u0142aszanie si\u0119 do innych pasa\u017cer\u00f3w, kt\u00f3rych baga\u017ce okradziono. <\/p>\n\n\n\n<p>Tymczasem jesieni\u0105 2025 r.  Gwardia Cywilna rozbi\u0142a gang, kt\u00f3ry ukrad\u0142 turystom na lotnisku Teneryfa Po\u0142udnie przedmioty o warto\u015bci a\u017c 3 milion\u00f3w euro (prawie 13 mln z\u0142). Zatrzymano 95 os\u00f3b, w tym pracownik\u00f3w terminala. <\/p>\n\n\n\n<figure class=\"wp-block-image size-full\"><img fetchpriority=\"high\" decoding=\"async\" width=\"900\" height=\"506\" src=\"http:\/\/nakanarach.pl\/wp-content\/uploads\/2025\/10\/Kradziez-na-lotnisku-Teneryfa-Guardia-Civil.webp\" alt=\"\" class=\"wp-image-11786\" srcset=\"https:\/\/nakanarach.pl\/wp-content\/uploads\/2025\/10\/Kradziez-na-lotnisku-Teneryfa-Guardia-Civil.webp 900w, https:\/\/nakanarach.pl\/wp-content\/uploads\/2025\/10\/Kradziez-na-lotnisku-Teneryfa-Guardia-Civil-300x169.webp 300w, https:\/\/nakanarach.pl\/wp-content\/uploads\/2025\/10\/Kradziez-na-lotnisku-Teneryfa-Guardia-Civil-768x432.webp 768w\" sizes=\"(max-width: 900px) 100vw, 900px\" \/><\/figure>\n\n\n\n<p>W\u00f3wczas \u015bledztwo rozpocz\u0119\u0142o si\u0119 po serii skarg od podr\u00f3\u017cnych, kt\u00f3rzy zg\u0142aszali znikanie przedmiot\u00f3w z ich baga\u017cy. Wed\u0142ug Gwardii Cywilnej, kt\u00f3ra ochrania tak\u017ce lotnisko, g\u0142\u00f3wnym celem rabusi\u00f3w by\u0142y towary o du\u017cej warto\u015bci, w tym luksusowe zegarki, bi\u017cuteria, smartfony i inna elektronika &#8211; przedmioty, kt\u00f3re mo\u017cna by\u0142o \u0142atwo odsprzeda\u0107 z du\u017cym zyskiem. <\/p>\n\n\n\n<p>Foto: Gwardia Cywilna<\/p>\n","protected":false},"excerpt":{"rendered":"<p>FUERTEVENTURA: Pracownik lotniska na Fuerteventurze zosta\u0142 zatrzymany przez Gwardi\u0119 Cywiln\u0105 pod zarzutem kradzie\u017cy z baga\u017cu rejestrowanego podr\u00f3\u017cnych. Wed\u0142ug \u015bledczych ten proceder trwa\u0142 od kilku miesi\u0119cy, a straty mog\u0142y wynie\u015b\u0107 ponad 9 tys. euro. Nie jest to pierwszy podobny przypadek na Wyspach Kanaryjskich. Pracownik obs\u0142ugi baga\u017cu na lotnisku Fuerteventura zosta\u0142 zatrzymany w tym roku przez Gwardi\u0119 [&hellip;]<\/p>\n","protected":false},"author":4,"featured_media":12950,"comment_status":"closed","ping_status":"open","sticky":false,"template":"","format":"standard","meta":{"om_disable_all_campaigns":false,"_monsterinsights_skip_tracking":false,"_monsterinsights_sitenote_active":false,"_monsterinsights_sitenote_note":"","_monsterinsights_sitenote_category":0,"footnotes":""},"categories":[12],"tags":[],"class_list":["post-12949","post","type-post","status-publish","format-standard","has-post-thumbnail","hentry","category-aktualnosci"],"aioseo_notices":[],"blog_post_layout_featured_media_urls":{"thumbnail":["https:\/\/nakanarach.pl\/wp-content\/uploads\/2026\/01\/Kradzieze-na-lotnisku-150x150.webp",150,150,true],"full":["https:\/\/nakanarach.pl\/wp-content\/uploads\/2026\/01\/Kradzieze-na-lotnisku.webp",900,600,false]},"categories_names":{"12":{"name":"Aktualno\u015bci","link":"https:\/\/nakanarach.pl\/index.php\/category\/aktualnosci\/"}},"tags_names":[],"comments_number":"0","wpmagazine_modules_lite_featured_media_urls":{"thumbnail":["https:\/\/nakanarach.pl\/wp-content\/uploads\/2026\/01\/Kradzieze-na-lotnisku-150x150.webp",150,150,true],"cvmm-medium":["https:\/\/nakanarach.pl\/wp-content\/uploads\/2026\/01\/Kradzieze-na-lotnisku-300x300.webp",300,300,true],"cvmm-medium-plus":["https:\/\/nakanarach.pl\/wp-content\/uploads\/2026\/01\/Kradzieze-na-lotnisku-305x207.webp",305,207,true],"cvmm-portrait":["https:\/\/nakanarach.pl\/wp-content\/uploads\/2026\/01\/Kradzieze-na-lotnisku-400x600.webp",400,600,true],"cvmm-medium-square":["https:\/\/nakanarach.pl\/wp-content\/uploads\/2026\/01\/Kradzieze-na-lotnisku-600x600.webp",600,600,true],"cvmm-large":["https:\/\/nakanarach.pl\/wp-content\/uploads\/2026\/01\/Kradzieze-na-lotnisku.webp",900,600,false],"cvmm-small":["https:\/\/nakanarach.pl\/wp-content\/uploads\/2026\/01\/Kradzieze-na-lotnisku-130x95.webp",130,95,true],"full":["https:\/\/nakanarach.pl\/wp-content\/uploads\/2026\/01\/Kradzieze-na-lotnisku.webp",900,600,false]},"_links":{"self":[{"href":"https:\/\/nakanarach.pl\/index.php\/wp-json\/wp\/v2\/posts\/12949","targetHints":{"allow":["GET"]}}],"collection":[{"href":"https:\/\/nakanarach.pl\/index.php\/wp-json\/wp\/v2\/posts"}],"about":[{"href":"https:\/\/nakanarach.pl\/index.php\/wp-json\/wp\/v2\/types\/post"}],"author":[{"embeddable":true,"href":"https:\/\/nakanarach.pl\/index.php\/wp-json\/wp\/v2\/users\/4"}],"replies":[{"embeddable":true,"href":"https:\/\/nakanarach.pl\/index.php\/wp-json\/wp\/v2\/comments?post=12949"}],"version-history":[{"count":2,"href":"https:\/\/nakanarach.pl\/index.php\/wp-json\/wp\/v2\/posts\/12949\/revisions"}],"predecessor-version":[{"id":12952,"href":"https:\/\/nakanarach.pl\/index.php\/wp-json\/wp\/v2\/posts\/12949\/revisions\/12952"}],"wp:featuredmedia":[{"embeddable":true,"href":"https:\/\/nakanarach.pl\/index.php\/wp-json\/wp\/v2\/media\/12950"}],"wp:attachment":[{"href":"https:\/\/nakanarach.pl\/index.php\/wp-json\/wp\/v2\/media?parent=12949"}],"wp:term":[{"taxonomy":"category","embeddable":true,"href":"https:\/\/nakanarach.pl\/index.php\/wp-json\/wp\/v2\/categories?post=12949"},{"taxonomy":"post_tag","embeddable":true,"href":"https:\/\/nakanarach.pl\/index.php\/wp-json\/wp\/v2\/tags?post=12949"}],"curies":[{"name":"wp","href":"https:\/\/api.w.org\/{rel}","templated":true}]}}