{"id":12964,"date":"2026-02-03T08:42:39","date_gmt":"2026-02-03T08:42:39","guid":{"rendered":"https:\/\/nakanarach.pl\/?p=12964"},"modified":"2026-02-03T13:07:10","modified_gmt":"2026-02-03T13:07:10","slug":"turysci-ryzykuja-zycie-nad-oceanem","status":"publish","type":"post","link":"https:\/\/nakanarach.pl\/index.php\/2026\/02\/03\/turysci-ryzykuja-zycie-nad-oceanem\/","title":{"rendered":"TURY\u015aCI RYZYKUJ\u0104 \u017bYCIE NAD OCEANEM"},"content":{"rendered":"\n<p><strong>WYSPY KANARYJSKIE: Wiele os\u00f3b wci\u0105\u017c nie zdaje sobie sprawy, jak niebezpieczny jest Ocean Atlantycki w pobli\u017cu rajskiego archipelagu. Pomimo ostrze\u017ce\u0144 nad brzegiem spaceruj\u0105 ryzykanci. Efekt zn\u00f3w okaza\u0142 si\u0119 tragiczny. Nie \u017cyj\u0105 3 osoby. <\/strong><\/p>\n\n\n\n<p>Na prze\u0142omie stycznia i lutego 2026 r. na Wyspach Kanaryjskich wprowadzono alert przed wysokimi falami, kt\u00f3re miejscami si\u0119ga\u0142y nawet od 3 od 5 metr\u00f3w wysoko\u015bci. <strong>ZOBACZ VIDEO: <\/strong><\/p>\n\n\n\n<figure class=\"wp-block-embed is-type-video is-provider-tiktok wp-block-embed-tiktok\"><div class=\"wp-block-embed__wrapper\">\n<blockquote class=\"tiktok-embed\" cite=\"https:\/\/www.tiktok.com\/@elhierrohoy\/video\/7600463288362683670\" data-video-id=\"7600463288362683670\" data-embed-from=\"oembed\" style=\"max-width:605px; min-width:325px;\"> <section> <a target=\"_blank\" title=\"@elhierrohoy\" href=\"https:\/\/www.tiktok.com\/@elhierrohoy?refer=embed\">@elhierrohoy<\/a> <p>A pesar de encontrarnos en alerta por fen\u00f3menos costeros en toda Canarias, todav\u00eda hay personas que se acercan en exceso a la orilla, poni\u00e9ndose en grave riesgo. <a title=\"elhierro\" target=\"_blank\" href=\"https:\/\/www.tiktok.com\/tag\/elhierro?refer=embed\">#elhierro<\/a> <a title=\"canarias\" target=\"_blank\" href=\"https:\/\/www.tiktok.com\/tag\/canarias?refer=embed\">#canarias<\/a> <a title=\"112canarias\" target=\"_blank\" href=\"https:\/\/www.tiktok.com\/tag\/112canarias?refer=embed\">#112canarias<\/a> <a title=\"imprudencia\" target=\"_blank\" href=\"https:\/\/www.tiktok.com\/tag\/imprudencia?refer=embed\">#imprudencia<\/a><\/p> <a target=\"_blank\" title=\"\u266c sonido original - El Hierro Hoy - El Hierro Hoy\" href=\"https:\/\/www.tiktok.com\/music\/sonido-original-El-Hierro-Hoy-7600463297615678230?refer=embed\">\u266c sonido original &#8211; El Hierro Hoy &#8211; El Hierro Hoy<\/a> <\/section> <\/blockquote> <script async src=\"https:\/\/www.tiktok.com\/embed.js\"><\/script>\n<\/div><\/figure>\n\n\n\n<p>Pomimo tego nad wybrze\u017cem pojawili si\u0119 spacerowicze i robili zdj\u0119cia, a niekt\u00f3rzy nawet k\u0105pali si\u0119 w oceanie, chocia\u017c na wielu pla\u017cach by\u0142y czerwone flagi. <strong>ZOBACZ VIDEO:<\/strong><\/p>\n\n\n\n<figure class=\"wp-block-embed is-type-video is-provider-tiktok wp-block-embed-tiktok\"><div class=\"wp-block-embed__wrapper\">\n<blockquote class=\"tiktok-embed\" cite=\"https:\/\/www.tiktok.com\/@rosabetanc\/video\/7601959338026159363\" data-video-id=\"7601959338026159363\" data-embed-from=\"oembed\" style=\"max-width:605px; min-width:325px;\"> <section> <a target=\"_blank\" title=\"@rosabetanc\" href=\"https:\/\/www.tiktok.com\/@rosabetanc?refer=embed\">@rosabetanc<\/a> <p><\/p> <a target=\"_blank\" title=\"\u266c sonido original - Elena Ruiz\" href=\"https:\/\/www.tiktok.com\/music\/sonido-original-7558969927739116308?refer=embed\">\u266c sonido original &#8211; Elena Ruiz<\/a> <\/section> <\/blockquote> <script async src=\"https:\/\/www.tiktok.com\/embed.js\"><\/script>\n<\/div><\/figure>\n\n\n\n<p>Na jednym z filmik\u00f3w na tiktoku wida\u0107, jak olbrzymia fala niemal porwa\u0142a chodz\u0105cego po promenadzie cz\u0142owieka. Tylko cud sprawi\u0142, \u017ce olbrzymia si\u0142a wody nie wci\u0105gn\u0119\u0142a go do Atlantyku. ZOBACZ VIDEO:<\/p>\n\n\n\n<figure class=\"wp-block-embed is-type-video is-provider-tiktok wp-block-embed-tiktok\"><div class=\"wp-block-embed__wrapper\">\n<blockquote class=\"tiktok-embed\" cite=\"https:\/\/www.tiktok.com\/@tenerifequejasvecinales1\/video\/7602072978045619478\" data-video-id=\"7602072978045619478\" data-embed-from=\"oembed\" style=\"max-width:605px; min-width:325px;\"> <section> <a target=\"_blank\" title=\"@tenerifequejasvecinales1\" href=\"https:\/\/www.tiktok.com\/@tenerifequejasvecinales1?refer=embed\">@tenerifequejasvecinales1<\/a> <p>\ud83d\udd34video\ud83c\udfa501\/02\/2026 GRAVE IMPRUDENCIA EN LA COSTA DE TACORONTE en Tenerife  ,un hombre corre el riego de ser arrastrado por las olas en la costa de Tenerife <a title=\"tenerifequejasvecinales\" target=\"_blank\" href=\"https:\/\/www.tiktok.com\/tag\/tenerifequejasvecinales?refer=embed\">#tenerifequejasvecinales<\/a> <a title=\"tacoronte\" target=\"_blank\" href=\"https:\/\/www.tiktok.com\/tag\/tacoronte?refer=embed\">#TACORONTE<\/a> <a title=\"olas\" target=\"_blank\" href=\"https:\/\/www.tiktok.com\/tag\/olas?refer=embed\">#olas<\/a> <a title=\"imprudencia\" target=\"_blank\" href=\"https:\/\/www.tiktok.com\/tag\/imprudencia?refer=embed\">#imprudencia<\/a> <a title=\"tenerife\" target=\"_blank\" href=\"https:\/\/www.tiktok.com\/tag\/tenerife?refer=embed\">#Tenerife<\/a> <\/p> <a target=\"_blank\" title=\"\u266c Dramatic Tension - Litne\" href=\"https:\/\/www.tiktok.com\/music\/Dramatic-Tension-7416082661871650817?refer=embed\">\u266c Dramatic Tension &#8211; Litne<\/a> <\/section> <\/blockquote> <script async src=\"https:\/\/www.tiktok.com\/embed.js\"><\/script>\n<\/div><\/figure>\n\n\n\n<p>Kolejny film udost\u0119pniony przez Canarias 1500 Km de Costa (w t\u0142um. Kanary 1500 km wybrze\u017ca) ponownie pokaza\u0142, jak niekt\u00f3rzy tury\u015bci lekcewa\u017c\u0105 podstawowe zasady bezpiecze\u0144stwa w pobli\u017cu oceanu.<\/p>\n\n\n\n<p>Zdj\u0119cia wykonane przez Paco Ortiza Santan\u0119 przedstawiaj\u0105 grup\u0119 turyst\u00f3w w pobli\u017cu latarni morskiej Faro de Sardina del Norte w G\u00e1ldar na p\u00f3\u0142nocy Gran Canarii, kt\u00f3rzy zignorowali ostrze\u017cenia i przeszli przez ogrodzenie ochronne, kt\u00f3re chroni ludzi przed niebezpiecznymi klifami, kt\u00f3re w tym miejscu wynosz\u0105 ponad 20 metr\u00f3w wysoko\u015bci.<\/p>\n\n\n\n<p>Na nagraniu wida\u0107 grup\u0119 stoj\u0105c\u0105 na niebezpiecznej skalnej p\u00f3\u0142ce, gdy nagle pot\u0119\u017cna fala rozbija si\u0119 o \u015bcian\u0119 klifu, wyrzucaj\u0105c fal\u0119 wody i wywo\u0142uj\u0105c widoczn\u0105 panik\u0119 w\u015br\u00f3d grupy. <strong>ZOBACZ VIDEO: <\/strong><\/p>\n\n\n\n<p><a href=\"https:\/\/www.facebook.com\/reel\/882769034540525\">https:\/\/www.facebook.com\/reel\/882769034540525<\/a><\/p>\n\n\n\n<p>Pod koniec stycznia 2026 r., 44-letnia kobieta zmar\u0142a, gdy wyci\u0105gni\u0119to j\u0105 z oceanu na pla\u017cy Playa del Valle na Fuerteventurze po tym, jak spad\u0142a z pobliskich ska\u0142 i mia\u0142a oznaki utoni\u0119cia &#8211; poinformowa\u0142 oficjalny serwis 1\u20111\u20112 Canarias. Kilka dni wcze\u015bniej niedaleko turystycznej miejscowo\u015bci Puerto de La Cruz zauwa\u017cono cia\u0142o p\u0142ywaj\u0105ce na powierzchni wody. \u015amierteln\u0105 ofiar\u0105 okaza\u0142 si\u0119 70-letni obcokrajowiec. 1 lutego w oceanie w pobli\u017cu Tacoronte na Teneryfie uton\u0119\u0142a 30-letnia kobieta. Z kolei w pobli\u017cu znanego kurortu Los Cristianos ratownik wyci\u0105gn\u0105\u0142 z wody 70-letni\u0105 kobiet\u0119, kt\u00f3ra zacz\u0119\u0142a ton\u0105\u0107 w oceanie. S\u0142u\u017cby ratunkowe zawioz\u0142y j\u0105 do szpitala.<\/p>\n\n\n\n<p>Na Oceanie Atlantyckim w pobli\u017cu Wysp Kanaryjskich synoptycy z Pa\u0144stwowej Agencji Meteorologicznej Aemet prognozuj\u0105 wiatry p\u00f3\u0142nocne o sile 4\u20135 w skali Beauforta, kt\u00f3re lokalnie wzrosn\u0105 do 6 w po\u0142udniowo-wschodniej i po\u0142udniowo-zachodniej cz\u0119\u015bci archipelagu. Fale b\u0119d\u0105 umiarkowane do silnych i nadal maj\u0105 wzrasta\u0107 do 3-5 metr\u00f3w, najintensywniej na p\u00f3\u0142nocnych wybrze\u017cach wysp. Alert obowi\u0105zuje do 4 lutego 2026 r.<\/p>\n\n\n\n<p>W wielu rejonach Wysp Kanaryjskich ma by\u0107 pochmurno. A na termometrach s\u0105 prognozowane temperatury 21-23 stopni Celsjusza. <\/p>\n\n\n\n<p>Foto: 112 Canarias<\/p>\n","protected":false},"excerpt":{"rendered":"<p>WYSPY KANARYJSKIE: Wiele os\u00f3b wci\u0105\u017c nie zdaje sobie sprawy, jak niebezpieczny jest Ocean Atlantycki w pobli\u017cu rajskiego archipelagu. Pomimo ostrze\u017ce\u0144 nad brzegiem spaceruj\u0105 ryzykanci. Efekt zn\u00f3w okaza\u0142 si\u0119 tragiczny. Nie \u017cyj\u0105 3 osoby. Na prze\u0142omie stycznia i lutego 2026 r. na Wyspach Kanaryjskich wprowadzono alert przed wysokimi falami, kt\u00f3re miejscami si\u0119ga\u0142y nawet od 3 od [&hellip;]<\/p>\n","protected":false},"author":4,"featured_media":12966,"comment_status":"closed","ping_status":"open","sticky":false,"template":"","format":"standard","meta":{"om_disable_all_campaigns":false,"_monsterinsights_skip_tracking":false,"_monsterinsights_sitenote_active":false,"_monsterinsights_sitenote_note":"","_monsterinsights_sitenote_category":0,"footnotes":""},"categories":[12],"tags":[],"class_list":["post-12964","post","type-post","status-publish","format-standard","has-post-thumbnail","hentry","category-aktualnosci"],"aioseo_notices":[],"blog_post_layout_featured_media_urls":{"thumbnail":["https:\/\/nakanarach.pl\/wp-content\/uploads\/2026\/02\/Utoniecie-Fuerteventura-112-Canarias-150x150.webp",150,150,true],"full":["https:\/\/nakanarach.pl\/wp-content\/uploads\/2026\/02\/Utoniecie-Fuerteventura-112-Canarias.webp",900,600,false]},"categories_names":{"12":{"name":"Aktualno\u015bci","link":"https:\/\/nakanarach.pl\/index.php\/category\/aktualnosci\/"}},"tags_names":[],"comments_number":"0","wpmagazine_modules_lite_featured_media_urls":{"thumbnail":["https:\/\/nakanarach.pl\/wp-content\/uploads\/2026\/02\/Utoniecie-Fuerteventura-112-Canarias-150x150.webp",150,150,true],"cvmm-medium":["https:\/\/nakanarach.pl\/wp-content\/uploads\/2026\/02\/Utoniecie-Fuerteventura-112-Canarias-300x300.webp",300,300,true],"cvmm-medium-plus":["https:\/\/nakanarach.pl\/wp-content\/uploads\/2026\/02\/Utoniecie-Fuerteventura-112-Canarias-305x207.webp",305,207,true],"cvmm-portrait":["https:\/\/nakanarach.pl\/wp-content\/uploads\/2026\/02\/Utoniecie-Fuerteventura-112-Canarias-400x600.webp",400,600,true],"cvmm-medium-square":["https:\/\/nakanarach.pl\/wp-content\/uploads\/2026\/02\/Utoniecie-Fuerteventura-112-Canarias-600x600.webp",600,600,true],"cvmm-large":["https:\/\/nakanarach.pl\/wp-content\/uploads\/2026\/02\/Utoniecie-Fuerteventura-112-Canarias.webp",900,600,false],"cvmm-small":["https:\/\/nakanarach.pl\/wp-content\/uploads\/2026\/02\/Utoniecie-Fuerteventura-112-Canarias-130x95.webp",130,95,true],"full":["https:\/\/nakanarach.pl\/wp-content\/uploads\/2026\/02\/Utoniecie-Fuerteventura-112-Canarias.webp",900,600,false]},"_links":{"self":[{"href":"https:\/\/nakanarach.pl\/index.php\/wp-json\/wp\/v2\/posts\/12964","targetHints":{"allow":["GET"]}}],"collection":[{"href":"https:\/\/nakanarach.pl\/index.php\/wp-json\/wp\/v2\/posts"}],"about":[{"href":"https:\/\/nakanarach.pl\/index.php\/wp-json\/wp\/v2\/types\/post"}],"author":[{"embeddable":true,"href":"https:\/\/nakanarach.pl\/index.php\/wp-json\/wp\/v2\/users\/4"}],"replies":[{"embeddable":true,"href":"https:\/\/nakanarach.pl\/index.php\/wp-json\/wp\/v2\/comments?post=12964"}],"version-history":[{"count":6,"href":"https:\/\/nakanarach.pl\/index.php\/wp-json\/wp\/v2\/posts\/12964\/revisions"}],"predecessor-version":[{"id":12981,"href":"https:\/\/nakanarach.pl\/index.php\/wp-json\/wp\/v2\/posts\/12964\/revisions\/12981"}],"wp:featuredmedia":[{"embeddable":true,"href":"https:\/\/nakanarach.pl\/index.php\/wp-json\/wp\/v2\/media\/12966"}],"wp:attachment":[{"href":"https:\/\/nakanarach.pl\/index.php\/wp-json\/wp\/v2\/media?parent=12964"}],"wp:term":[{"taxonomy":"category","embeddable":true,"href":"https:\/\/nakanarach.pl\/index.php\/wp-json\/wp\/v2\/categories?post=12964"},{"taxonomy":"post_tag","embeddable":true,"href":"https:\/\/nakanarach.pl\/index.php\/wp-json\/wp\/v2\/tags?post=12964"}],"curies":[{"name":"wp","href":"https:\/\/api.w.org\/{rel}","templated":true}]}}