{"id":12993,"date":"2026-02-05T15:58:21","date_gmt":"2026-02-05T15:58:21","guid":{"rendered":"https:\/\/nakanarach.pl\/?p=12993"},"modified":"2026-02-06T19:11:31","modified_gmt":"2026-02-06T19:11:31","slug":"turysci-utkneli-na-kanarch","status":"publish","type":"post","link":"https:\/\/nakanarach.pl\/index.php\/2026\/02\/05\/turysci-utkneli-na-kanarch\/","title":{"rendered":"TURY\u015aCI UTKN\u0118LI NA KANARCH (AKTUALIZACJA)"},"content":{"rendered":"\n<p><strong>BERLIN\/WYSPY KANARYJSKIE: Wszystkie odloty z lotniska Berlin-Brandenburg (BER) zosta\u0142y wstrzymane rano 5 lutego ze wzgl\u0119du na trudne warunki pogodowe &#8211; poinformowa\u0142 niemiecki port lotniczy, dodaj\u0105c, \u017ce pasa\u017cerowie musz\u0105 przygotowa\u0107 si\u0119 na odwo\u0142ywanie lot\u00f3w i du\u017ce op\u00f3\u017anienia.<\/strong> <strong>6 lutego ponownie lotnisko odwo\u0142uje wiele lot\u00f3w. Cz\u0119\u015b\u0107 os\u00f3b nie polecia\u0142a na wymarzone wakacje, inni zostali na nich nieco d\u0142u\u017cej. Teraz wiele z nich zastanawia si\u0119, czy w tej sytuacji mog\u0105 dosta\u0107 odszkodowanie nawet do 600 euro (ok. 2500 z\u0142). <\/strong><\/p>\n\n\n\n<p>Lotnisko Berlin Brandenburg zawiesi\u0142o wiele odlot\u00f3w, poniewa\u017c marzn\u0105cy deszcz uniemo\u017cliwi\u0142 odladzanie samolot\u00f3w. Takie informacje przekaza\u0142a rzeczniczka lotniska w rozmowie z Deutsche Welle.<\/p>\n\n\n\n<p>Zak\u0142\u00f3cenia mocno wp\u0142yn\u0119\u0142y na ruch lotniczy w stolicy Niemiec, poniewa\u017c krajowa s\u0142u\u017cba meteorologiczna ostrzega\u0142a przed niebezpiecznymi warunkami oblodzenia, chocia\u017c pocz\u0105tkowo nie mia\u0142o to wp\u0142ywu na l\u0105dowania. <\/p>\n\n\n\n<figure class=\"wp-block-image size-large\"><img fetchpriority=\"high\" decoding=\"async\" width=\"1024\" height=\"577\" src=\"https:\/\/nakanarach.pl\/wp-content\/uploads\/2026\/02\/Lotnisko-Berlin_11zon-1024x577.jpg\" alt=\"\" class=\"wp-image-13014\" srcset=\"https:\/\/nakanarach.pl\/wp-content\/uploads\/2026\/02\/Lotnisko-Berlin_11zon-1024x577.jpg 1024w, https:\/\/nakanarach.pl\/wp-content\/uploads\/2026\/02\/Lotnisko-Berlin_11zon-300x169.jpg 300w, https:\/\/nakanarach.pl\/wp-content\/uploads\/2026\/02\/Lotnisko-Berlin_11zon-768x432.jpg 768w, https:\/\/nakanarach.pl\/wp-content\/uploads\/2026\/02\/Lotnisko-Berlin_11zon-1536x865.jpg 1536w, https:\/\/nakanarach.pl\/wp-content\/uploads\/2026\/02\/Lotnisko-Berlin_11zon-2048x1153.jpg 2048w\" sizes=\"(max-width: 1024px) 100vw, 1024px\" \/><\/figure>\n\n\n\n<p>Problemy zacz\u0119\u0142y si\u0119 5 lutego, kr\u00f3tko po godzinie 6 rano, kiedy zacz\u0119to przesuwa\u0107 godziny odlotu lub odwo\u0142ywa\u0107 niekt\u00f3re loty &#8211; prawie sto samolot\u00f3w w ci\u0105gu jednego dnia zosta\u0142o na tym lotnisku uziemionych. Pierwszy samolot nie m\u00f3g\u0142 wystartowa\u0107 do Rovaniemi. Nast\u0119pnie odwo\u0142ano loty m.in. do Warszawy, Londynu, Frankfurtu, Kolonii, Beirutu, Amsterdamu, Pary\u017ca oraz do typowo turystycznych rejon\u00f3w: Hurghady w Egipcie, Istanbu\u0142u w Turcji, do w\u0142oskiego Rzymu, portugalskiej Lizbony, hiszpa\u0144skiej Malagi, Walencji, na Majorok\u0119, na Gran Canari\u0119 oraz Fuerteventur\u0119. Na Kanary wystartowa\u0142 z Berlina z trzygodzinnym op\u00f3\u017anieniem jedynie samolot na kanaryjsk\u0105 Teneryf\u0119.<\/p>\n\n\n\n<p>Wielu pasa\u017cer\u00f3w, w tym tak\u017ce Polak\u00f3w, kt\u00f3rzy podr\u00f3\u017cuj\u0105 z Berlina na Wyspy Kanaryjskie utkn\u0119\u0142o na lotniskach. Pocz\u0105tkowo linia Easyjet informowa\u0142a o przesuni\u0119ciu godzin wylotu z Gran Canarii do Berlina, najpierw o dwie godziny, p\u00f3\u017aniej prawie o 4, a nast\u0119pnie w godzinach popo\u0142udniowych lot ostatecznie odwo\u0142ano. <\/p>\n\n\n\n<p>Jak sprawdzi\u0142 portal NaKanarach.pl w firmach, kt\u00f3re pomagaj\u0105 uzyska\u0107 odszkodowania za odwo\u0142any lot, w tej sytuacji nie przys\u0142uguje \u017cadna dodatkowa rekompensata, gdy\u017c by\u0142o to spowodowane tzw. &#8222;si\u0142\u0105 wy\u017csz\u0105&#8221;, w tym przypadku trudnymi warunkami atmosferycznymi na lotnisku w Berlinie. Pasa\u017cerowie mog\u0105 jedynie liczy\u0107 na bezp\u0142atn\u0105 zmian\u0119 rezerwacji na inny termin lub wnioskowa\u0107 o zwrot pieni\u0119dzy albo voucher. Dodatkowo mo\u017cna z\u0142o\u017cy\u0107 te\u017c wniosek o zwrot koszt\u00f3w po wykupieniu lotu alternatywnego, w tej samej klasie i o podobnym standardzie. W tej sytuacji nale\u017cy przes\u0142a\u0107 do przewo\u017anika faktur\u0119 za nowy lot u innego przewo\u017anika. <\/p>\n\n\n\n<p>Niezale\u017cnie od dokonanego wyboru, pasa\u017cerom odwo\u0142anego lotu przys\u0142uguje&nbsp;te\u017c prawo do opieki&nbsp;(posi\u0142ki, napoje, hotel, transport na lotnisko). <\/p>\n\n\n\n<p class=\"has-white-color has-vivid-red-background-color has-text-color has-background has-link-color wp-elements-1fe81c473d1246957962f65d87d65a4b\"><strong>AKTUALIZACJA 6.02.2026 <\/strong><\/p>\n\n\n\n<p>Kolejny dzie\u0144 utrudnie\u0144 na lotnisku w Berlinie, z kt\u00f3rego korzysta te\u017c wielu Polak\u00f3w. Przez noc sytuacja jeszcze bardziej si\u0119 pogorszy\u0142a.\u00a0W godzinach porannych \u017caden samolot nie m\u00f3g\u0142 wystartowa\u0107.\u00a0S\u0142u\u017cby zimowe lotniska\u00a0posypywa\u0142y nawierzchni\u0119 \u015brodkami odladzaj\u0105cymi, jednak okaza\u0142o si\u0119 to bezskuteczne &#8211; p\u0142yty wci\u0105\u017c pozostaj\u0105 bardzo \u015bliskie.<\/p>\n\n\n\n<ul class=\"wp-block-list\">\n<li>6 lutego samoloty r\u00f3wnie\u017c nie lataj\u0105. Mia\u0142em wczoraj zaplanowany lot z Berlina na Teneryf\u0119. Najpierw zosta\u0142 on przesuni\u0119ty na 19:30, a nast\u0119pnie ponownie na dzisiaj na godzin\u0119 5:45. Niestety, ten lot r\u00f3wnie\u017c si\u0119 nie odby\u0142. Lotnisko jest obecnie zamkni\u0119te do odwo\u0142ania &#8211; poinformowa\u0142 czytelnik Marek na Facebook&#8217;u NaKanarach.pl.<\/li>\n<\/ul>\n\n\n\n<p>Jak sprawdzi\u0142 portal NaKanarach.pl 6 lutego odwo\u0142ano wyloty z Berlina do wielu turystycznych miast m.in.: do hiszpa\u0144skiej Barcelony, Andaluzji, Malagi, Walencji, Sewilli, portugalskiej Lizbony, do w\u0142oskiego Rzymu, Milanu, Bolonii, Katanii oraz Pizy, do Istanbu\u0142u i Antalyi w Turcji, do Aten i Salonik w Grecji, Tel Aviwu w Izraelu oraz do wielu du\u017cych miast. <\/p>\n\n\n\n<p>Oba loty na Teneryf\u0119 &#8211; zaplanowane o godz. 5:25 i 5:45, tu\u017c po godz. 11 mia\u0142y status w pierwszym przypadku &#8211; zamkni\u0119tej odprawy nadawania baga\u017cu rejestrowanego, a w drugim pojawi\u0142 si\u0119 komunikat boarding, czyli etap wpuszczania pasa\u017cer\u00f3w do samolotu. Z kolei z godz. 7:15 na 12:00 przesuni\u0119to kolejny wylot na najwi\u0119ksz\u0105 kanaryjsk\u0105 wysp\u0119. O godz. 7:00 mia\u0142 te\u017c wylecie\u0107 samolot na Gran Canari\u0119, ale na tablicy wci\u0105\u017c jest informacja jedynie o zako\u0144czeniu odprawy baga\u017cowej. <\/p>\n\n\n\n<p>Gazeta &#8222;Tagesspiegel&#8221; poinformowa\u0142a, \u017ce marzn\u0105cy deszcz powoduje tak\u017ce k\u0142opoty w kursowaniu metra w Berlinie.\u00a0Z powodu oblodzenia ju\u017c od 5 lutego trudno\u015bci pojawi\u0142y si\u0119 na liniach U2 i U3. Ta pierwsza do odwo\u0142ania kursowa\u0107 b\u0119dzie z cz\u0119stotliwo\u015bci\u0105 15 minut. Aby pozby\u0107 si\u0119 lodu z tor\u00f3w i sieci metra i tramwajowej, w nocy wyjecha\u0142y specjalne wagony odladzaj\u0105ce. Go\u0142oled\u017a przyczynia si\u0119 r\u00f3wnie\u017c do du\u017cych op\u00f3\u017anie\u0144, a tak\u017ce anulowa\u0144 kurs\u00f3w poci\u0105g\u00f3w.\u00a0Utrudnienia s\u0105 g\u0142\u00f3wnie na trasie pomi\u0119dzy Senftenbergiem a Berlinem-Gesundbrunnen.<\/p>\n\n\n\n<p>Foto: Zdj\u0119cia ilustracyjne \/ Archiwum NaKanarach.pl<\/p>\n","protected":false},"excerpt":{"rendered":"<p>BERLIN\/WYSPY KANARYJSKIE: Wszystkie odloty z lotniska Berlin-Brandenburg (BER) zosta\u0142y wstrzymane rano 5 lutego ze wzgl\u0119du na trudne warunki pogodowe &#8211; poinformowa\u0142 niemiecki port lotniczy, dodaj\u0105c, \u017ce pasa\u017cerowie musz\u0105 przygotowa\u0107 si\u0119 na odwo\u0142ywanie lot\u00f3w i du\u017ce op\u00f3\u017anienia. 6 lutego ponownie lotnisko odwo\u0142uje wiele lot\u00f3w. Cz\u0119\u015b\u0107 os\u00f3b nie polecia\u0142a na wymarzone wakacje, inni zostali na nich nieco [&hellip;]<\/p>\n","protected":false},"author":4,"featured_media":6875,"comment_status":"closed","ping_status":"open","sticky":false,"template":"","format":"standard","meta":{"om_disable_all_campaigns":false,"_monsterinsights_skip_tracking":false,"_monsterinsights_sitenote_active":false,"_monsterinsights_sitenote_note":"","_monsterinsights_sitenote_category":0,"footnotes":""},"categories":[12],"tags":[],"class_list":["post-12993","post","type-post","status-publish","format-standard","has-post-thumbnail","hentry","category-aktualnosci"],"aioseo_notices":[],"blog_post_layout_featured_media_urls":{"thumbnail":["https:\/\/nakanarach.pl\/wp-content\/uploads\/2023\/07\/Samolot-Easyjet-Lotnisko-Gran-Canaria-150x150.jpg",150,150,true],"full":["https:\/\/nakanarach.pl\/wp-content\/uploads\/2023\/07\/Samolot-Easyjet-Lotnisko-Gran-Canaria.jpg",1777,1939,false]},"categories_names":{"12":{"name":"Aktualno\u015bci","link":"https:\/\/nakanarach.pl\/index.php\/category\/aktualnosci\/"}},"tags_names":[],"comments_number":"0","wpmagazine_modules_lite_featured_media_urls":{"thumbnail":["https:\/\/nakanarach.pl\/wp-content\/uploads\/2023\/07\/Samolot-Easyjet-Lotnisko-Gran-Canaria-150x150.jpg",150,150,true],"cvmm-medium":["https:\/\/nakanarach.pl\/wp-content\/uploads\/2023\/07\/Samolot-Easyjet-Lotnisko-Gran-Canaria-300x300.jpg",300,300,true],"cvmm-medium-plus":["https:\/\/nakanarach.pl\/wp-content\/uploads\/2023\/07\/Samolot-Easyjet-Lotnisko-Gran-Canaria-305x207.jpg",305,207,true],"cvmm-portrait":["https:\/\/nakanarach.pl\/wp-content\/uploads\/2023\/07\/Samolot-Easyjet-Lotnisko-Gran-Canaria-400x600.jpg",400,600,true],"cvmm-medium-square":["https:\/\/nakanarach.pl\/wp-content\/uploads\/2023\/07\/Samolot-Easyjet-Lotnisko-Gran-Canaria-600x600.jpg",600,600,true],"cvmm-large":["https:\/\/nakanarach.pl\/wp-content\/uploads\/2023\/07\/Samolot-Easyjet-Lotnisko-Gran-Canaria-1024x1024.jpg",1024,1024,true],"cvmm-small":["https:\/\/nakanarach.pl\/wp-content\/uploads\/2023\/07\/Samolot-Easyjet-Lotnisko-Gran-Canaria-130x95.jpg",130,95,true],"full":["https:\/\/nakanarach.pl\/wp-content\/uploads\/2023\/07\/Samolot-Easyjet-Lotnisko-Gran-Canaria.jpg",1777,1939,false]},"_links":{"self":[{"href":"https:\/\/nakanarach.pl\/index.php\/wp-json\/wp\/v2\/posts\/12993","targetHints":{"allow":["GET"]}}],"collection":[{"href":"https:\/\/nakanarach.pl\/index.php\/wp-json\/wp\/v2\/posts"}],"about":[{"href":"https:\/\/nakanarach.pl\/index.php\/wp-json\/wp\/v2\/types\/post"}],"author":[{"embeddable":true,"href":"https:\/\/nakanarach.pl\/index.php\/wp-json\/wp\/v2\/users\/4"}],"replies":[{"embeddable":true,"href":"https:\/\/nakanarach.pl\/index.php\/wp-json\/wp\/v2\/comments?post=12993"}],"version-history":[{"count":19,"href":"https:\/\/nakanarach.pl\/index.php\/wp-json\/wp\/v2\/posts\/12993\/revisions"}],"predecessor-version":[{"id":13042,"href":"https:\/\/nakanarach.pl\/index.php\/wp-json\/wp\/v2\/posts\/12993\/revisions\/13042"}],"wp:featuredmedia":[{"embeddable":true,"href":"https:\/\/nakanarach.pl\/index.php\/wp-json\/wp\/v2\/media\/6875"}],"wp:attachment":[{"href":"https:\/\/nakanarach.pl\/index.php\/wp-json\/wp\/v2\/media?parent=12993"}],"wp:term":[{"taxonomy":"category","embeddable":true,"href":"https:\/\/nakanarach.pl\/index.php\/wp-json\/wp\/v2\/categories?post=12993"},{"taxonomy":"post_tag","embeddable":true,"href":"https:\/\/nakanarach.pl\/index.php\/wp-json\/wp\/v2\/tags?post=12993"}],"curies":[{"name":"wp","href":"https:\/\/api.w.org\/{rel}","templated":true}]}}