{"id":13023,"date":"2026-02-06T09:05:12","date_gmt":"2026-02-06T09:05:12","guid":{"rendered":"https:\/\/nakanarach.pl\/?p=13023"},"modified":"2026-02-18T07:33:07","modified_gmt":"2026-02-18T07:33:07","slug":"okradali-turystow-na-kanarach","status":"publish","type":"post","link":"https:\/\/nakanarach.pl\/index.php\/2026\/02\/06\/okradali-turystow-na-kanarach\/","title":{"rendered":"OKRADALI TURYST\u00d3W NA KANARACH"},"content":{"rendered":"\n<p><strong>WYSPY KANARYJSKIE: Agenci Gwardii Cywilnej zatrzymali dwie osoby, kt\u00f3re okrada\u0142y turyst\u00f3w na tym archipelagu. Kolejnym podejrzanym jest policjant, kt\u00f3ry polowa\u0142 na turyst\u00f3w i wypisywa\u0142 im mandaty za wykroczenia drogowe. A got\u00f3wk\u0119 bra\u0142 dla siebie. <\/strong><\/p>\n\n\n\n<p>W znanym turystycznym kurorcie Playa de las Am\u00e9ricas na po\u0142udniu Teneryfy aresztowano kobiet\u0119 po tym, jak funkcjonariusze rozpoznali j\u0105 na viralowym nagraniu, kt\u00f3re kr\u0105\u017cy\u0142o w mediach spo\u0142eczno\u015bciowych. Na filmiku wida\u0107, jak z\u0142odziejka, pr\u00f3buje ukra\u015b\u0107 przedmioty z torebki turysty. <\/p>\n\n\n\n<p>\u015aledztwo przeprowadzono przy wsparciu jednostki wywiadowczej Comandancia de la Guardia Civil de Santa Cruz de Tenerife w ramach&nbsp;<em>Operaci\u00f3n Miradores<\/em>, maj\u0105cej na celu zapobieganie przest\u0119pczo\u015bci i zwi\u0119kszenie nadzoru w zat\u0142oczonych miejscach publicznych w celu ochrony zar\u00f3wno mieszka\u0144c\u00f3w, jak i turyst\u00f3w.<\/p>\n\n\n\n<p>Kiedy funkcjonariusze zidentyfikowali podejrzan\u0105, odkryli, \u017ce posiada\u0142a ju\u017c nakaz aresztowania wydany na ni\u0105 za podobne przest\u0119pstwa. Funkcjonariusze odnale\u017ali j\u0105 w schronisku w turystycznej gminie Granadilla de Abona.<\/p>\n\n\n\n<p>Podczas aresztowania funkcjonariusze stwierdzili r\u00f3wnie\u017c, \u017ce hostel nie wywi\u0105za\u0142 si\u0119 z prawnego obowi\u0105zku rejestracji danych go\u015bci w centralnym systemie Sekretariatu Bezpiecze\u0144stwa Pa\u0144stwowego. Przeprowadzono kontrol\u0119 obiektu, sporz\u0105dzono stosowne raporty i na\u0142o\u017cono sankcje.<\/p>\n\n\n\n<p>Zatrzymana zosta\u0142a przekazana w\u0142a\u015bciwemu organowi s\u0105dowemu w celu przeprowadzenia post\u0119powania.<\/p>\n\n\n\n<p>Tymczasem na s\u0105siedniej Fuerteventurze aresztowano z\u0142odzieja, kt\u00f3ry okrad\u0142 turystk\u0119 w wynajmowanym apartamencie. Ofiara 18 stycznia 2026 roku zg\u0142osi\u0142a, \u017ce \u200b\u200bjej torebka i dwa pier\u015bcionki o \u0142\u0105cznej warto\u015bci oko\u0142o 6800 euro&nbsp;(prawie 30 tys. z\u0142) zosta\u0142y skradzione podczas snu w domu. Wed\u0142ug \u015bledczych, podejrzany prawdopodobnie wszed\u0142 do \u015brodka bez wywa\u017cania drzwi ani okien.<\/p>\n\n\n\n<p>Urlopowiczka zda\u0142a sobie spraw\u0119 z tego, co si\u0119 sta\u0142o, dopiero gdy jej bank zacz\u0105\u0142 otrzymywa\u0107 powiadomienia o kilku podejrzanych op\u0142atach dokonanych przy u\u017cyciu skradzionych kart.<\/p>\n\n\n\n<p>Po analizie nagra\u0144 z monitoringu w sklepach, w kt\u00f3rych dokonano nieautoryzowanych p\u0142atno\u015bci w stolicy wyspy &#8211; Puerto del Rosario uda\u0142o si\u0119 zidentyfikowa\u0107 podejrzanego z\u0142odzieja.<\/p>\n\n\n\n<p>Hiszpa\u0144ska Gwardia Cywilna przy wsp\u00f3\u0142pracy z policj\u0105 krajow\u0105 ustali\u0142a, \u017ce podejrzany jest znanym recydywist\u0105. Po potwierdzeniu jego to\u017csamo\u015bci na podstawie zezna\u0144 i zdj\u0119\u0107, funkcjonariusze stwierdzili, \u017ce ubranie, kt\u00f3re mia\u0142 na sobie podczas u\u017cywania skradzionych kart, zgadza\u0142o si\u0119 z tym, co wida\u0107 na monitoringu w pobli\u017cu domu wakacyjnego. Charakterystyczna czapka okaza\u0142a si\u0119 kluczowa dla powi\u0105zania go z kradzie\u017c\u0105. Podczas przeszukania odzyskano jeden ze skradzionych pier\u015bcionk\u00f3w &#8211; z\u0142oty, wysadzany kamieniami szlachetnymi i kilkoma rubinami, kt\u00f3ry ofiara natychmiast rozpozna\u0142a jako sw\u00f3j. <\/p>\n\n\n\n<figure class=\"wp-block-image size-full\"><img fetchpriority=\"high\" decoding=\"async\" width=\"900\" height=\"600\" src=\"https:\/\/nakanarach.pl\/wp-content\/uploads\/2026\/02\/Kradziez-pierscionka-Guardia-Civil.webp\" alt=\"\" class=\"wp-image-13025\" srcset=\"https:\/\/nakanarach.pl\/wp-content\/uploads\/2026\/02\/Kradziez-pierscionka-Guardia-Civil.webp 900w, https:\/\/nakanarach.pl\/wp-content\/uploads\/2026\/02\/Kradziez-pierscionka-Guardia-Civil-300x200.webp 300w, https:\/\/nakanarach.pl\/wp-content\/uploads\/2026\/02\/Kradziez-pierscionka-Guardia-Civil-768x512.webp 768w\" sizes=\"(max-width: 900px) 100vw, 900px\" \/><\/figure>\n\n\n\n<p>Tymczasem w turystycznym kurorcie Mog\u00e1n na po\u0142udniu Gran Canarii w lutym br. zatrzymano policjanta podczas pe\u0142nienia s\u0142u\u017cby w miejscowo\u015bci Puerto Rico. Wed\u0142ug \u015bledczych przez ostatnie pi\u0119\u0107 lat mia\u0142 on dokonywa\u0107 przest\u0119pstw przekroczenia uprawnie\u0144 i sprzeniewierzenia \u015brodk\u00f3w publicznych.<\/p>\n\n\n\n<p>Funkcjonariusz Policji Lokalnej (odpowiednik polskiej stra\u017cy miejskiej) nak\u0142ada\u0142 mandaty na turyst\u00f3w pope\u0142niaj\u0105cych wykroczenia drogowe wynaj\u0119tymi samochodami, \u017c\u0105da\u0142 zap\u0142aty w got\u00f3wce i zatrzymywa\u0142 pieni\u0105dze dla siebie. W ten spos\u00f3b policjant mia\u0142 przyw\u0142aszczy\u0107 prawie 135 tys. euro (ponad p\u00f3\u0142 miliona z\u0142). Dochodzenie rozpocz\u0119\u0142o si\u0119 po tym, jak Urz\u0105d Miasta w Mog\u00e1n wykry\u0142 podejrzane dzia\u0142anie podczas przegl\u0105du elektronicznych notatnik\u00f3w (PDA). Chodzi\u0142o o liczne uniewa\u017cnione post\u0119powania mandatowe.<\/p>\n\n\n\n<p>Podczas \u015bledztwa prowadzonego przez Gwardi\u0119 Cywiln\u0105 ustalono, \u017ce ten policjant anulowa\u0142 mandaty drogowe, kt\u00f3re nak\u0142ada\u0142 g\u0142\u00f3wnie na turyst\u00f3w, po pobraniu od nich got\u00f3wki i nie zwraca\u0142 tych pieni\u0119dzy do miejskiej kasy. W ci\u0105gu ostatnich pi\u0119ciu lat mia\u0142 wystawi\u0107 ok. tysi\u0105ca mandat\u00f3w.<\/p>\n\n\n\n<p><strong>CZYTAJ nasz artyku\u0142 tak\u017ce na najwi\u0119kszym polskim portalu Wirtualna Polska:<\/strong><\/p>\n\n\n\n<p><a href=\"https:\/\/turystyka.wp.pl\/s\/nakanarach-pl\/okradali-turystow-na-potege-jeden-ze-zlodziei-wpadl-przez-czapeczke-7252495158782336a\">https:\/\/turystyka.wp.pl\/s\/nakanarach-pl\/okradali-turystow-na-potege-jeden-ze-zlodziei-wpadl-przez-czapeczke-7252495158782336a<\/a><\/p>\n\n\n\n<p>Foto: Gwardia Cywilna<\/p>\n","protected":false},"excerpt":{"rendered":"<p>WYSPY KANARYJSKIE: Agenci Gwardii Cywilnej zatrzymali dwie osoby, kt\u00f3re okrada\u0142y turyst\u00f3w na tym archipelagu. Kolejnym podejrzanym jest policjant, kt\u00f3ry polowa\u0142 na turyst\u00f3w i wypisywa\u0142 im mandaty za wykroczenia drogowe. A got\u00f3wk\u0119 bra\u0142 dla siebie. W znanym turystycznym kurorcie Playa de las Am\u00e9ricas na po\u0142udniu Teneryfy aresztowano kobiet\u0119 po tym, jak funkcjonariusze rozpoznali j\u0105 na viralowym [&hellip;]<\/p>\n","protected":false},"author":4,"featured_media":13024,"comment_status":"closed","ping_status":"open","sticky":false,"template":"","format":"standard","meta":{"om_disable_all_campaigns":false,"_monsterinsights_skip_tracking":false,"_monsterinsights_sitenote_active":false,"_monsterinsights_sitenote_note":"","_monsterinsights_sitenote_category":0,"footnotes":""},"categories":[12],"tags":[],"class_list":["post-13023","post","type-post","status-publish","format-standard","has-post-thumbnail","hentry","category-aktualnosci"],"aioseo_notices":[],"blog_post_layout_featured_media_urls":{"thumbnail":["https:\/\/nakanarach.pl\/wp-content\/uploads\/2026\/02\/Kieszonkowiec-Canarian-Weekly-150x150.webp",150,150,true],"full":["https:\/\/nakanarach.pl\/wp-content\/uploads\/2026\/02\/Kieszonkowiec-Canarian-Weekly.webp",900,600,false]},"categories_names":{"12":{"name":"Aktualno\u015bci","link":"https:\/\/nakanarach.pl\/index.php\/category\/aktualnosci\/"}},"tags_names":[],"comments_number":"0","wpmagazine_modules_lite_featured_media_urls":{"thumbnail":["https:\/\/nakanarach.pl\/wp-content\/uploads\/2026\/02\/Kieszonkowiec-Canarian-Weekly-150x150.webp",150,150,true],"cvmm-medium":["https:\/\/nakanarach.pl\/wp-content\/uploads\/2026\/02\/Kieszonkowiec-Canarian-Weekly-300x300.webp",300,300,true],"cvmm-medium-plus":["https:\/\/nakanarach.pl\/wp-content\/uploads\/2026\/02\/Kieszonkowiec-Canarian-Weekly-305x207.webp",305,207,true],"cvmm-portrait":["https:\/\/nakanarach.pl\/wp-content\/uploads\/2026\/02\/Kieszonkowiec-Canarian-Weekly-400x600.webp",400,600,true],"cvmm-medium-square":["https:\/\/nakanarach.pl\/wp-content\/uploads\/2026\/02\/Kieszonkowiec-Canarian-Weekly-600x600.webp",600,600,true],"cvmm-large":["https:\/\/nakanarach.pl\/wp-content\/uploads\/2026\/02\/Kieszonkowiec-Canarian-Weekly.webp",900,600,false],"cvmm-small":["https:\/\/nakanarach.pl\/wp-content\/uploads\/2026\/02\/Kieszonkowiec-Canarian-Weekly-130x95.webp",130,95,true],"full":["https:\/\/nakanarach.pl\/wp-content\/uploads\/2026\/02\/Kieszonkowiec-Canarian-Weekly.webp",900,600,false]},"_links":{"self":[{"href":"https:\/\/nakanarach.pl\/index.php\/wp-json\/wp\/v2\/posts\/13023","targetHints":{"allow":["GET"]}}],"collection":[{"href":"https:\/\/nakanarach.pl\/index.php\/wp-json\/wp\/v2\/posts"}],"about":[{"href":"https:\/\/nakanarach.pl\/index.php\/wp-json\/wp\/v2\/types\/post"}],"author":[{"embeddable":true,"href":"https:\/\/nakanarach.pl\/index.php\/wp-json\/wp\/v2\/users\/4"}],"replies":[{"embeddable":true,"href":"https:\/\/nakanarach.pl\/index.php\/wp-json\/wp\/v2\/comments?post=13023"}],"version-history":[{"count":4,"href":"https:\/\/nakanarach.pl\/index.php\/wp-json\/wp\/v2\/posts\/13023\/revisions"}],"predecessor-version":[{"id":13178,"href":"https:\/\/nakanarach.pl\/index.php\/wp-json\/wp\/v2\/posts\/13023\/revisions\/13178"}],"wp:featuredmedia":[{"embeddable":true,"href":"https:\/\/nakanarach.pl\/index.php\/wp-json\/wp\/v2\/media\/13024"}],"wp:attachment":[{"href":"https:\/\/nakanarach.pl\/index.php\/wp-json\/wp\/v2\/media?parent=13023"}],"wp:term":[{"taxonomy":"category","embeddable":true,"href":"https:\/\/nakanarach.pl\/index.php\/wp-json\/wp\/v2\/categories?post=13023"},{"taxonomy":"post_tag","embeddable":true,"href":"https:\/\/nakanarach.pl\/index.php\/wp-json\/wp\/v2\/tags?post=13023"}],"curies":[{"name":"wp","href":"https:\/\/api.w.org\/{rel}","templated":true}]}}