{"id":13058,"date":"2026-02-10T09:05:26","date_gmt":"2026-02-10T09:05:26","guid":{"rendered":"http:\/\/nakanarach.pl\/?p=13058"},"modified":"2026-02-18T07:39:44","modified_gmt":"2026-02-18T07:39:44","slug":"protest-przeciw-turystom","status":"publish","type":"post","link":"https:\/\/nakanarach.pl\/index.php\/2026\/02\/10\/protest-przeciw-turystom\/","title":{"rendered":"PROTEST PRZECIW TURYSTOM"},"content":{"rendered":"\n<p><strong>TENERYFA\/FUERTEVENTURA: Mieszka\u0144cy Wysp Kanaryjskich coraz mniej przychylnym okiem patrz\u0105 na t\u0142umy turyst\u00f3w. Wcze\u015bniej protestowali m.in. z powodu ich nadmiaru, obwiniaj\u0105c ich o niedobory mieszka\u0144 na wynajem d\u0142ugoterminowy i du\u017cy wzrost czynszu, przeciwko niszczeniu chronionych obszar\u00f3w przez wycieczki na pojazdach typu buggy, a teraz protestuj\u0105 z powodu dzikiego parkingu dla kamper\u00f3w. Z takimi pojazdami walcz\u0105 te\u017c w\u0142adze s\u0105siedniej Fuerteventury.<\/strong><\/p>\n\n\n\n<p>Na rajskim archipelagu s\u0105 setki kamper\u00f3w, bo dla wielu wczasowicz\u00f3w z ca\u0142ego \u015bwiata to spos\u00f3b na zwiedzanie wysp i stosunkowo tani nocleg, bo w hotelach ceny z ka\u017cdym rokiem s\u0105 coraz wy\u017csze. Wyspy Kanaryjskie to jedno z ulubionych miejsc na wypoczynek w kamperze, czemu sprzyja tak\u017ce s\u0142oneczna pogoda niemal przez ca\u0142y rok. <\/p>\n\n\n\n<p>Jak pisze gazeta El Diario grupa mieszka\u0144c\u00f3w nadmorskiej strefy Amarilla Golf w gminie San Miguel de Abona na po\u0142udniu Teneryfy narzeka na nielegalne parkowanie kamper\u00f3w na jednej z dzia\u0142ek nale\u017c\u0105cych do samorz\u0105du. Teren jest formalnie przeznaczony na parking, ale w&nbsp; rzeczywisto\u015bci jest zajmowany prawie w ca\u0142o\u015bci przez kampery, mimo \u017ce nie ma tam podstawowej infrastruktury dla tego typu pojazd\u00f3w np. dost\u0119pu do wody pitnej, przy\u0142\u0105czy elektrycznych ani ubikacji.<\/p>\n\n\n\n<p>Mieszka\u0144cy pot\u0119piaj\u0105 brak dzia\u0142a\u0144 ze strony lokalnego rz\u0105du (Koalicji Kanaryjskiej) i zwracaj\u0105 uwag\u0119, \u017ce problem ten wyst\u0119puje w strefie mieszkaniowej i turystycznej, gdzie znajduj\u0105 si\u0119 nawet pi\u0119ciogwiazdkowe hotele. Zdaniem protestuj\u0105cych problem pojawia si\u0119 g\u0142\u00f3wnie w weekendy, \u015bwi\u0119ta i okresy wakacyjne, co z kolei negatywnie wp\u0142ywa na warunki sanitarne, ha\u0142as i wsp\u00f3\u0142\u017cycie spo\u0142eczne. U\u017cytkownicy kamper\u00f3w stoj\u0105 na parkingu przez wiele dni, wystawiaj\u0105 ogrodowe meble na zewn\u0105trz, puszczaj\u0105 muzyk\u0119 i prowadz\u0105 codzienne \u017cycie w przestrzeni do tego nieprzystosowanej. Do tego dochodzi obecno\u015b\u0107 zwierz\u0105t, kt\u00f3re ha\u0142asuj\u0105 i zanieczyszczaj\u0105 teren.<\/p>\n\n\n\n<p>Mieszka\u0144cy Teneryfy uwa\u017caj\u0105, \u017ce w efekcie obraz, kt\u00f3ry widz\u0105 tury\u015bci zakwaterowani w s\u0105siedztwie w wysokiej klasy hotelach i apartamentach, jest ca\u0142kowicie sprzeczny z wizerunkiem, jaki gmina turystyczna chcia\u0142aby promowa\u0107. Jak twierdz\u0105 mieszka\u0144cy, klasyfikacja urbanistyczna tej dzia\u0142ki r\u00f3wnie\u017c nie jest zgodna z jej obecnym u\u017cyciem. Okaza\u0142o si\u0119, \u017ce parking ma status wyposa\u017cenia komunalnego, przeznaczony na us\u0142ugi publiczne lub og\u00f3lnego interesu, ale nie na pobyt os\u00f3b w kamperach pozbawionych infrastruktury.<\/p>\n\n\n\n<p>Mieszka\u0144cy zauwa\u017caj\u0105, \u017ce obecne funkcjonowanie parkingu w praktyce przypomina u\u017cycie rekreacyjne lub tymczasowe mieszkalne, charakterystyczne dla obszar\u00f3w dla kamper\u00f3w lub kemping\u00f3w. Takie zastosowania wymagaj\u0105 jednak specjalnego zagospodarowania, projektu technicznego i minimalnych warunk\u00f3w sanitarnych, kt\u00f3rych w tym miejscu brakuje. Protestuj\u0105cy podkre\u015blaj\u0105, \u017ce ich skargi sk\u0142adane w lokalnym samorz\u0105dzie i za po\u015brednictwem medi\u00f3w spo\u0142eczno\u015bciowych od 2022 roku nie przynios\u0142y \u017cadnych dzia\u0142a\u0144 naprawczych ze strony w\u0142adz.<\/p>\n\n\n\n<p>Nie rozumiej\u0105 r\u00f3wnie\u017c, dlaczego nie wykorzystuje si\u0119 innych, bardziej odpowiednich przestrzeni miejskich, oddalonych od apartament\u00f3w i stref mieszkalnych.<\/p>\n\n\n\n<p>Rz\u0105dz\u0105cy w San Miguel de Abona wyja\u015bniaj\u0105 w rozmowie z portalem \u201eCanarias Ahora\u201d, \u017ce dzia\u0142ka zosta\u0142a tymczasowo u\u017cyczona Stowarzyszeniu Caravaning Teneryfy (Asociaci\u00f3n de Caravanas de Tenerife) i \u017ce posiadaj\u0105 oni zezwolenia tylko na okre\u015blone okresy, takie jak Wielkanoc, lato czy Bo\u017ce Narodzenie. W\u0142adze zaznaczaj\u0105 r\u00f3wnie\u017c, \u017ce wielu mieszka\u0144c\u00f3w okolicy popiera obecno\u015b\u0107 kamper\u00f3w ze wzgl\u0119du na wp\u0142yw ekonomiczny, jaki u\u017cytkownicy tych pojazd\u00f3w wywieraj\u0105 na lokalny handel, robi\u0105c zakupy w okolicznych sklepach. <\/p>\n\n\n\n<p>Takie obozowiska nie podobaj\u0105 si\u0119 te\u017c hotelarzom. W oficjalnym pi\u015bmie skierowanym do Kanaryjskiej Federacji Gmin (Fecam), przedstawiciele Stowarzyszenia Hotelarzy Ashotel zaapelowali o wprowadzenie ogranicze\u0144 w parkowaniu i d\u0142ugotrwa\u0142ym postoju kamper\u00f3w na g\u0142\u00f3wnych drogach publicznych oraz kluczowych ci\u0105gach komunikacyjnych miast. &nbsp;Podkre\u015blaj\u0105 oni konieczno\u015b\u0107 jasnego rozr\u00f3\u017cnienia mi\u0119dzy zwyk\u0142ym postojem a dzia\u0142aniami, kt\u00f3re oznaczaj\u0105 faktyczne obozowanie, d\u0142ugotrwa\u0142e noclegi czy intensywne zajmowanie przestrzeni publicznej.<\/p>\n\n\n\n<p>Ale jest te\u017c druga strona medalu. Ju\u017c w lutym 2025 r. protestuj\u0105cy posiadacze takich takich pojazd\u00f3w turystycznych domagali si\u0119 usuni\u0119cia dyskryminuj\u0105cych znak\u00f3w drogowych, stworzenia odpowiednich miejsc parkingowych i zmiany restrykcyjnych lub abstrakcyjnych przepis\u00f3w, kt\u00f3re utrudniaj\u0105 w\u0142a\u015bcicielom kamper\u00f3w legalne parkowanie.<\/p>\n\n\n\n<figure class=\"wp-block-image size-large\"><img fetchpriority=\"high\" decoding=\"async\" width=\"1024\" height=\"768\" src=\"http:\/\/nakanarach.pl\/wp-content\/uploads\/2025\/02\/Protest-kamperow-Fb-Acat-1024x768.jpg\" alt=\"\" class=\"wp-image-9553\" srcset=\"https:\/\/nakanarach.pl\/wp-content\/uploads\/2025\/02\/Protest-kamperow-Fb-Acat-1024x768.jpg 1024w, https:\/\/nakanarach.pl\/wp-content\/uploads\/2025\/02\/Protest-kamperow-Fb-Acat-300x225.jpg 300w, https:\/\/nakanarach.pl\/wp-content\/uploads\/2025\/02\/Protest-kamperow-Fb-Acat-768x576.jpg 768w, https:\/\/nakanarach.pl\/wp-content\/uploads\/2025\/02\/Protest-kamperow-Fb-Acat-1536x1152.jpg 1536w, https:\/\/nakanarach.pl\/wp-content\/uploads\/2025\/02\/Protest-kamperow-Fb-Acat-136x102.jpg 136w, https:\/\/nakanarach.pl\/wp-content\/uploads\/2025\/02\/Protest-kamperow-Fb-Acat.jpg 2048w\" sizes=\"(max-width: 1024px) 100vw, 1024px\" \/><figcaption class=\"wp-element-caption\"><strong><em>Foto: Stowarzyszenie Kamper\u00f3w Wysp Kanaryjskich (ACAT)<\/em><\/strong><\/figcaption><\/figure>\n\n\n\n<p>Protest na Teneryfie i Gran Canarii przeprowadzi\u0142o Stowarzyszenie Kamper\u00f3w Wysp Kanaryjskich (ACAT), kt\u00f3rego prezes Juan Mart\u00edn Beltr\u00e1n zauwa\u017cy\u0142, \u017ce wiele istniej\u0105cych ogranicze\u0144 jest nierealistycznych i niesprawiedliwych, na przyk\u0142ad:<\/p>\n\n\n\n<ul class=\"wp-block-list\">\n<li>Liczba miejsc parkingowych ograniczona jest do pi\u0119ciu metr\u00f3w, mimo \u017ce najmniejszy kamper ma 6 metr\u00f3w.<\/li>\n\n\n\n<li>Bariery wysoko\u015bci wynosz\u0105 2 lub 2,2 metra, podczas gdy \u015brednia wysoko\u015b\u0107 wi\u0119kszo\u015bci kamper\u00f3w wynosi 3,1 metra.<\/li>\n<\/ul>\n\n\n\n<p>Protestuj\u0105cy zg\u0142aszali te\u017c problem z brakiem odpowiednich obiekt\u00f3w do usuwania odpad\u00f3w, dlatego pojawi\u0142y si\u0119 g\u0142osy domagaj\u0105ce si\u0119 utworzenia sieci punkt\u00f3w us\u0142ugowych, w kt\u00f3rych w\u0142a\u015bciciele przyczep kempingowych mogliby legalnie i odpowiedzialnie pozbywa\u0107 si\u0119 \u015bmieci.<\/p>\n\n\n\n<p>Tymczasem na s\u0105siedniej Fuerteventurze Rz\u0105d Wysp Kanaryjskich, Rada Wyspy oraz wszystkie 6 lokalnych rad gminnych zorganizowa\u0142y wsp\u00f3lne spotkanie w celu zaostrzenia kontroli nad szybkim rozprzestrzenianiem si\u0119 nielegalnych budynk\u00f3w i instalacji na chronionych terenach wiejskich.<\/p>\n\n\n\n<p>Decyzja ta zosta\u0142a podj\u0119ta w zwi\u0105zku z rosn\u0105cymi obawami, \u017ce przyczepy kempingowe, kontenery transportowe, domy prefabrykowane i inne prowizoryczne konstrukcje naruszaj\u0105 przepisy dotycz\u0105ce planowania przestrzennego, niszcz\u0105 naturalne krajobrazy Fuerteventury i zagra\u017caj\u0105 lokalnej bior\u00f3\u017cnorodno\u015bci.<\/p>\n\n\n\n<figure class=\"wp-block-image size-full\"><img decoding=\"async\" width=\"900\" height=\"601\" src=\"http:\/\/nakanarach.pl\/wp-content\/uploads\/2026\/02\/Protest-przeciw-turysto2.webp\" alt=\"\" class=\"wp-image-13060\" srcset=\"https:\/\/nakanarach.pl\/wp-content\/uploads\/2026\/02\/Protest-przeciw-turysto2.webp 900w, https:\/\/nakanarach.pl\/wp-content\/uploads\/2026\/02\/Protest-przeciw-turysto2-300x200.webp 300w, https:\/\/nakanarach.pl\/wp-content\/uploads\/2026\/02\/Protest-przeciw-turysto2-768x513.webp 768w\" sizes=\"(max-width: 900px) 100vw, 900px\" \/><figcaption class=\"wp-element-caption\"><strong><em>Foto: Guardia Civil<\/em><\/strong><\/figcaption><\/figure>\n\n\n\n<p>Rada Wyspy Fuerteventura przypomina, \u017ce nielegalna zabudowa teren\u00f3w wiejskich mo\u017ce skutkowa\u0107 karami w wysoko\u015bci do 150 tys. euro (ok. 640 tys. z\u0142) zgodnie z przepisami dotycz\u0105cymi grunt\u00f3w i obszar\u00f3w chronionych na Wyspach Kanaryjskich. Niekt\u00f3re przypadki mog\u0105 r\u00f3wnie\u017c podlega\u0107 hiszpa\u0144skiemu kodeksowi karnemu, co oznacza, \u017ce sprawcy mog\u0105 zosta\u0107 poci\u0105gni\u0119ci do odpowiedzialno\u015bci karnej i ponie\u015b\u0107 znacznie surowsze kary.<\/p>\n\n\n\n<p>W\u0142adze zach\u0119caj\u0105 w\u0142a\u015bcicieli grunt\u00f3w do dobrowolnego usuni\u0119cia nielegalnych budowli. Je\u015bli odm\u00f3wi\u0105, zostan\u0105 z\u0142o\u017cone formalne skargi i podj\u0119te dzia\u0142ania prawne.<\/p>\n\n\n\n<p><strong>CZYTAJ nasz artyku\u0142 tak\u017ce na najwi\u0119kszym polskim portalu Wirtualna Polska:<\/strong><\/p>\n\n\n\n<p><a href=\"https:\/\/turystyka.wp.pl\/s\/nakanarach-pl\/kolejne-protesty-na-kanarach-zdaniem-mieszkancow-turysci-robia-co-chca-7253220548364608a\">https:\/\/turystyka.wp.pl\/s\/nakanarach-pl\/kolejne-protesty-na-kanarach-zdaniem-mieszkancow-turysci-robia-co-chca-7253220548364608a<\/a><\/p>\n\n\n\n<p>Foto: eldiario.es, Stowarzyszenie Kamper\u00f3w Wysp Kanaryjskich (ACAT), Guardia Civil<\/p>\n","protected":false},"excerpt":{"rendered":"<p>TENERYFA\/FUERTEVENTURA: Mieszka\u0144cy Wysp Kanaryjskich coraz mniej przychylnym okiem patrz\u0105 na t\u0142umy turyst\u00f3w. Wcze\u015bniej protestowali m.in. z powodu ich nadmiaru, obwiniaj\u0105c ich o niedobory mieszka\u0144 na wynajem d\u0142ugoterminowy i du\u017cy wzrost czynszu, przeciwko niszczeniu chronionych obszar\u00f3w przez wycieczki na pojazdach typu buggy, a teraz protestuj\u0105 z powodu dzikiego parkingu dla kamper\u00f3w. Z takimi pojazdami walcz\u0105 te\u017c [&hellip;]<\/p>\n","protected":false},"author":4,"featured_media":13059,"comment_status":"closed","ping_status":"open","sticky":false,"template":"","format":"standard","meta":{"om_disable_all_campaigns":false,"_monsterinsights_skip_tracking":false,"_monsterinsights_sitenote_active":false,"_monsterinsights_sitenote_note":"","_monsterinsights_sitenote_category":0,"footnotes":""},"categories":[12],"tags":[],"class_list":["post-13058","post","type-post","status-publish","format-standard","has-post-thumbnail","hentry","category-aktualnosci"],"aioseo_notices":[],"blog_post_layout_featured_media_urls":{"thumbnail":["https:\/\/nakanarach.pl\/wp-content\/uploads\/2026\/02\/Protest-przeciw-turystom-150x150.webp",150,150,true],"full":["https:\/\/nakanarach.pl\/wp-content\/uploads\/2026\/02\/Protest-przeciw-turystom.webp",1200,675,false]},"categories_names":{"12":{"name":"Aktualno\u015bci","link":"https:\/\/nakanarach.pl\/index.php\/category\/aktualnosci\/"}},"tags_names":[],"comments_number":"0","wpmagazine_modules_lite_featured_media_urls":{"thumbnail":["https:\/\/nakanarach.pl\/wp-content\/uploads\/2026\/02\/Protest-przeciw-turystom-150x150.webp",150,150,true],"cvmm-medium":["https:\/\/nakanarach.pl\/wp-content\/uploads\/2026\/02\/Protest-przeciw-turystom-300x300.webp",300,300,true],"cvmm-medium-plus":["https:\/\/nakanarach.pl\/wp-content\/uploads\/2026\/02\/Protest-przeciw-turystom-305x207.webp",305,207,true],"cvmm-portrait":["https:\/\/nakanarach.pl\/wp-content\/uploads\/2026\/02\/Protest-przeciw-turystom-400x600.webp",400,600,true],"cvmm-medium-square":["https:\/\/nakanarach.pl\/wp-content\/uploads\/2026\/02\/Protest-przeciw-turystom-600x600.webp",600,600,true],"cvmm-large":["https:\/\/nakanarach.pl\/wp-content\/uploads\/2026\/02\/Protest-przeciw-turystom-1024x675.webp",1024,675,true],"cvmm-small":["https:\/\/nakanarach.pl\/wp-content\/uploads\/2026\/02\/Protest-przeciw-turystom-130x95.webp",130,95,true],"full":["https:\/\/nakanarach.pl\/wp-content\/uploads\/2026\/02\/Protest-przeciw-turystom.webp",1200,675,false]},"_links":{"self":[{"href":"https:\/\/nakanarach.pl\/index.php\/wp-json\/wp\/v2\/posts\/13058","targetHints":{"allow":["GET"]}}],"collection":[{"href":"https:\/\/nakanarach.pl\/index.php\/wp-json\/wp\/v2\/posts"}],"about":[{"href":"https:\/\/nakanarach.pl\/index.php\/wp-json\/wp\/v2\/types\/post"}],"author":[{"embeddable":true,"href":"https:\/\/nakanarach.pl\/index.php\/wp-json\/wp\/v2\/users\/4"}],"replies":[{"embeddable":true,"href":"https:\/\/nakanarach.pl\/index.php\/wp-json\/wp\/v2\/comments?post=13058"}],"version-history":[{"count":5,"href":"https:\/\/nakanarach.pl\/index.php\/wp-json\/wp\/v2\/posts\/13058\/revisions"}],"predecessor-version":[{"id":13183,"href":"https:\/\/nakanarach.pl\/index.php\/wp-json\/wp\/v2\/posts\/13058\/revisions\/13183"}],"wp:featuredmedia":[{"embeddable":true,"href":"https:\/\/nakanarach.pl\/index.php\/wp-json\/wp\/v2\/media\/13059"}],"wp:attachment":[{"href":"https:\/\/nakanarach.pl\/index.php\/wp-json\/wp\/v2\/media?parent=13058"}],"wp:term":[{"taxonomy":"category","embeddable":true,"href":"https:\/\/nakanarach.pl\/index.php\/wp-json\/wp\/v2\/categories?post=13058"},{"taxonomy":"post_tag","embeddable":true,"href":"https:\/\/nakanarach.pl\/index.php\/wp-json\/wp\/v2\/tags?post=13058"}],"curies":[{"name":"wp","href":"https:\/\/api.w.org\/{rel}","templated":true}]}}