{"id":13068,"date":"2026-02-11T09:18:10","date_gmt":"2026-02-11T09:18:10","guid":{"rendered":"https:\/\/nakanarach.pl\/?p=13068"},"modified":"2026-02-11T09:58:59","modified_gmt":"2026-02-11T09:58:59","slug":"kolejne-auto-wjechalo-w-bar","status":"publish","type":"post","link":"https:\/\/nakanarach.pl\/index.php\/2026\/02\/11\/kolejne-auto-wjechalo-w-bar\/","title":{"rendered":"KOLEJNE AUTO WJECHA\u0141O W BAR"},"content":{"rendered":"\n<p><strong>TENERYFA: To ju\u017c czarna seria na Wyspach Kanaryjskich z powodu 6 podobnego wypadku w ostatnich kilku latach. Siedem os\u00f3b zosta\u0142o rannych, gdy samoch\u00f3d bez kierowcy w \u015brodku wjecha\u0142 na taras baru w stolicy najwi\u0119kszej kanaryjskiej wyspy Santa Cruz de Tenerife &#8211; wynika z ustale\u0144 lokalnej policji i centrum koordynacji s\u0142u\u017cb ratunkowych (CECOES).<\/strong><\/p>\n\n\n\n<p>Do zdarzenia dosz\u0142o 10 lutego na Calle Mencey Bencomo, gdy zaparkowany samoch\u00f3d stoczy\u0142 si\u0119 ze wzg\u00f3rza i z du\u017c\u0105 si\u0142\u0105 uderzy\u0142 w taras baru, w kt\u00f3rym mieszka\u0144cy i tury\u015bci delektowali si\u0119 porann\u0105 kaw\u0105.<\/p>\n\n\n\n<p>Wed\u0142ug wst\u0119pnych ustale\u0144 policji kierowca m\u00f3g\u0142 zapomnie\u0107 o zaci\u0105gni\u0119ciu hamulca r\u0119cznego po zaparkowaniu pojazdu na pochy\u0142ej ulicy.<\/p>\n\n\n\n<p>Wydzia\u0142 ruchu drogowego lokalnej policji ustala dok\u0142adn\u0105 przyczyn\u0119 wypadku.<\/p>\n\n\n\n<p>Na miejsce zdarzenia przyby\u0142y ekipy ratunkowe z Policji Krajowej, stra\u017cy po\u017carnej i SUC (pogotowie ratunkowe). Ratownicy medyczni udzielili na miejscu pomocy siedmiu rannym, z kt\u00f3rych \u017caden nie odni\u00f3s\u0142 powa\u017cnych obra\u017ce\u0144.<\/p>\n\n\n\n<p>W\u0142adze nie poinformowa\u0142y o \u017cadnych uszkodzeniach konstrukcyjnych pobliskich budynk\u00f3w, a teren zosta\u0142 zabezpieczony wkr\u00f3tce po zderzeniu.<\/p>\n\n\n\n<figure class=\"wp-block-image size-full\"><img fetchpriority=\"high\" decoding=\"async\" width=\"940\" height=\"788\" src=\"https:\/\/nakanarach.pl\/wp-content\/uploads\/2026\/02\/Auto-wjechalo-w-bar.jpg\" alt=\"\" class=\"wp-image-13069\" srcset=\"https:\/\/nakanarach.pl\/wp-content\/uploads\/2026\/02\/Auto-wjechalo-w-bar.jpg 940w, https:\/\/nakanarach.pl\/wp-content\/uploads\/2026\/02\/Auto-wjechalo-w-bar-300x251.jpg 300w, https:\/\/nakanarach.pl\/wp-content\/uploads\/2026\/02\/Auto-wjechalo-w-bar-768x644.jpg 768w\" sizes=\"(max-width: 940px) 100vw, 940px\" \/><\/figure>\n\n\n\n<p>Jak sprawdzi\u0142 portal NaKanarach.pl w 2025 r. samoch\u00f3d prowadzony przez seniork\u0119 wjecha\u0142 w taras baru w San Fernando w turystycznym kurorcie Maspalomas na po\u0142udniu Gran Canarii. W\u00f3wczas kilka os\u00f3b zosta\u0142o rannych. <\/p>\n\n\n\n<figure class=\"wp-block-image size-large\"><img decoding=\"async\" width=\"712\" height=\"1024\" src=\"http:\/\/nakanarach.pl\/wp-content\/uploads\/2025\/11\/Wjechal-w-kawiarnie-San-Fernando-712x1024.jpg\" alt=\"\" class=\"wp-image-12179\" srcset=\"https:\/\/nakanarach.pl\/wp-content\/uploads\/2025\/11\/Wjechal-w-kawiarnie-San-Fernando-712x1024.jpg 712w, https:\/\/nakanarach.pl\/wp-content\/uploads\/2025\/11\/Wjechal-w-kawiarnie-San-Fernando-208x300.jpg 208w, https:\/\/nakanarach.pl\/wp-content\/uploads\/2025\/11\/Wjechal-w-kawiarnie-San-Fernando-768x1105.jpg 768w, https:\/\/nakanarach.pl\/wp-content\/uploads\/2025\/11\/Wjechal-w-kawiarnie-San-Fernando-1067x1536.jpg 1067w, https:\/\/nakanarach.pl\/wp-content\/uploads\/2025\/11\/Wjechal-w-kawiarnie-San-Fernando.jpg 1080w\" sizes=\"(max-width: 712px) 100vw, 712px\" \/><\/figure>\n\n\n\n<p>Tak\u017ce w 2025 r. roku pojazd zatrzyma\u0142 si\u0119 na s\u0142upkach tu\u017c przed oknem restauracji w kt\u00f3rej siedzieli ludzie w stolicy Gran Canarii &#8211; Las Palmas.\u00a0<\/p>\n\n\n\n<p>Z kolei w 2024 r. do podobnych dramatycznych scen dosz\u0142o w jednej z restauracji w turystycznej miejscowo\u015bci San Isidro\u00a0na po\u0142udniu Teneryfy. Tutaj kobieta nagle straci\u0142a panowanie nad samochodem i wjecha\u0142a na taras baru El Tankito<strong>.<\/strong>\u00a0Siedz\u0105ce w \u015brodku osoby mia\u0142y sporo\u00a0 szcz\u0119\u015bcia. Na nagraniu wida\u0107, jak klient spokojnie delektuj\u0105cy si\u0119 drinkiem, w ostatnim momencie zd\u0105\u017cy\u0142 odskoczy\u0107.<strong>\u00a0<\/strong>Wed\u0142ug relacji \u015bwiadk\u00f3w pozostali klienci baru tak\u017ce w po\u015bpiechu pr\u00f3bowali\u00a0 schroni\u0107 si\u0119 w bezpiecznym miejscu.\u00a0To cud, \u017ce nikt nie zosta\u0142 ranny.\u00a0<strong>ZOBACZ VIDEO: <\/strong><\/p>\n\n\n\n<p><a href=\"https:\/\/www.canarianweekly.com\/posts\/VIDEO-Lucky-escape-as-car-crashes-into-a-bar-in-the-South-of-Tenerife\">https:\/\/www.canarianweekly.com\/posts\/VIDEO-Lucky-escape-as-car-crashes-into-a-bar-in-the-South-of-Tenerife<\/a><\/p>\n\n\n\n<p>Natomiast w listopadzie 2023 roku samoch\u00f3d osobowy wjecha\u0142 w bar na Teneryfie w Los Realejos. Ranna zosta\u0142a 45-letnia kobieta, kt\u00f3ra w tym czasie siedzia\u0142a przy stoliku na zewn\u0105trz lokalu. Wed\u0142ug informacji przekazanych przez lokaln\u0105 policj\u0119, starszy kierowca samochodu z nieznanych przyczyn straci\u0142 panowanie nad pojazdem podczas pokonywania ronda i spowodowa\u0142 wypadek.<\/p>\n\n\n\n<figure class=\"wp-block-image size-full\"><img decoding=\"async\" width=\"800\" height=\"453\" src=\"http:\/\/nakanarach.pl\/wp-content\/uploads\/2023\/11\/Wjechal-w-bar-Teneryfa-2023.jpg\" alt=\"\" class=\"wp-image-7624\" srcset=\"https:\/\/nakanarach.pl\/wp-content\/uploads\/2023\/11\/Wjechal-w-bar-Teneryfa-2023.jpg 800w, https:\/\/nakanarach.pl\/wp-content\/uploads\/2023\/11\/Wjechal-w-bar-Teneryfa-2023-300x170.jpg 300w, https:\/\/nakanarach.pl\/wp-content\/uploads\/2023\/11\/Wjechal-w-bar-Teneryfa-2023-768x435.jpg 768w\" sizes=\"(max-width: 800px) 100vw, 800px\" \/><\/figure>\n\n\n\n<p>Do podobnego wypadku dosz\u0142o 31 sierpnia 2023 r. W\u00f3wczas 8 os\u00f3b zosta\u0142o rannych, w tym najci\u0119\u017cej 4-miesi\u0119czne dziecko, gdy angielski turysta prowadz\u0105c wynaj\u0119ty pojazd straci\u0142 panowanie nad samochodem i wjecha\u0142 w pe\u0142en ludzi taras kawiarni w turystycznym kurorcie Corralejo na kanaryjskiej Fuerteventurze.\u00a0\u00a0<\/p>\n\n\n\n<figure class=\"wp-block-image size-full\"><img loading=\"lazy\" decoding=\"async\" width=\"720\" height=\"505\" src=\"http:\/\/nakanarach.pl\/wp-content\/uploads\/2023\/09\/Wjechal-w-taras-Fuerteventura-Policia-Local-La-Oliva.png\" alt=\"\" class=\"wp-image-7153\" srcset=\"https:\/\/nakanarach.pl\/wp-content\/uploads\/2023\/09\/Wjechal-w-taras-Fuerteventura-Policia-Local-La-Oliva.png 720w, https:\/\/nakanarach.pl\/wp-content\/uploads\/2023\/09\/Wjechal-w-taras-Fuerteventura-Policia-Local-La-Oliva-300x210.png 300w\" sizes=\"(max-width: 720px) 100vw, 720px\" \/><\/figure>\n\n\n\n<p>Foto: Policia Local, Bomberos de Tenberife, Archiwum<\/p>\n","protected":false},"excerpt":{"rendered":"<p>TENERYFA: To ju\u017c czarna seria na Wyspach Kanaryjskich z powodu 6 podobnego wypadku w ostatnich kilku latach. Siedem os\u00f3b zosta\u0142o rannych, gdy samoch\u00f3d bez kierowcy w \u015brodku wjecha\u0142 na taras baru w stolicy najwi\u0119kszej kanaryjskiej wyspy Santa Cruz de Tenerife &#8211; wynika z ustale\u0144 lokalnej policji i centrum koordynacji s\u0142u\u017cb ratunkowych (CECOES). Do zdarzenia dosz\u0142o [&hellip;]<\/p>\n","protected":false},"author":4,"featured_media":13070,"comment_status":"closed","ping_status":"open","sticky":false,"template":"","format":"standard","meta":{"om_disable_all_campaigns":false,"_monsterinsights_skip_tracking":false,"_monsterinsights_sitenote_active":false,"_monsterinsights_sitenote_note":"","_monsterinsights_sitenote_category":0,"footnotes":""},"categories":[12],"tags":[],"class_list":["post-13068","post","type-post","status-publish","format-standard","has-post-thumbnail","hentry","category-aktualnosci"],"aioseo_notices":[],"blog_post_layout_featured_media_urls":{"thumbnail":["https:\/\/nakanarach.pl\/wp-content\/uploads\/2026\/02\/Auto-wjechalo-w-bar0-150x150.webp",150,150,true],"full":["https:\/\/nakanarach.pl\/wp-content\/uploads\/2026\/02\/Auto-wjechalo-w-bar0.webp",900,600,false]},"categories_names":{"12":{"name":"Aktualno\u015bci","link":"https:\/\/nakanarach.pl\/index.php\/category\/aktualnosci\/"}},"tags_names":[],"comments_number":"0","wpmagazine_modules_lite_featured_media_urls":{"thumbnail":["https:\/\/nakanarach.pl\/wp-content\/uploads\/2026\/02\/Auto-wjechalo-w-bar0-150x150.webp",150,150,true],"cvmm-medium":["https:\/\/nakanarach.pl\/wp-content\/uploads\/2026\/02\/Auto-wjechalo-w-bar0-300x300.webp",300,300,true],"cvmm-medium-plus":["https:\/\/nakanarach.pl\/wp-content\/uploads\/2026\/02\/Auto-wjechalo-w-bar0-305x207.webp",305,207,true],"cvmm-portrait":["https:\/\/nakanarach.pl\/wp-content\/uploads\/2026\/02\/Auto-wjechalo-w-bar0-400x600.webp",400,600,true],"cvmm-medium-square":["https:\/\/nakanarach.pl\/wp-content\/uploads\/2026\/02\/Auto-wjechalo-w-bar0-600x600.webp",600,600,true],"cvmm-large":["https:\/\/nakanarach.pl\/wp-content\/uploads\/2026\/02\/Auto-wjechalo-w-bar0.webp",900,600,false],"cvmm-small":["https:\/\/nakanarach.pl\/wp-content\/uploads\/2026\/02\/Auto-wjechalo-w-bar0-130x95.webp",130,95,true],"full":["https:\/\/nakanarach.pl\/wp-content\/uploads\/2026\/02\/Auto-wjechalo-w-bar0.webp",900,600,false]},"_links":{"self":[{"href":"https:\/\/nakanarach.pl\/index.php\/wp-json\/wp\/v2\/posts\/13068","targetHints":{"allow":["GET"]}}],"collection":[{"href":"https:\/\/nakanarach.pl\/index.php\/wp-json\/wp\/v2\/posts"}],"about":[{"href":"https:\/\/nakanarach.pl\/index.php\/wp-json\/wp\/v2\/types\/post"}],"author":[{"embeddable":true,"href":"https:\/\/nakanarach.pl\/index.php\/wp-json\/wp\/v2\/users\/4"}],"replies":[{"embeddable":true,"href":"https:\/\/nakanarach.pl\/index.php\/wp-json\/wp\/v2\/comments?post=13068"}],"version-history":[{"count":6,"href":"https:\/\/nakanarach.pl\/index.php\/wp-json\/wp\/v2\/posts\/13068\/revisions"}],"predecessor-version":[{"id":13080,"href":"https:\/\/nakanarach.pl\/index.php\/wp-json\/wp\/v2\/posts\/13068\/revisions\/13080"}],"wp:featuredmedia":[{"embeddable":true,"href":"https:\/\/nakanarach.pl\/index.php\/wp-json\/wp\/v2\/media\/13070"}],"wp:attachment":[{"href":"https:\/\/nakanarach.pl\/index.php\/wp-json\/wp\/v2\/media?parent=13068"}],"wp:term":[{"taxonomy":"category","embeddable":true,"href":"https:\/\/nakanarach.pl\/index.php\/wp-json\/wp\/v2\/categories?post=13068"},{"taxonomy":"post_tag","embeddable":true,"href":"https:\/\/nakanarach.pl\/index.php\/wp-json\/wp\/v2\/tags?post=13068"}],"curies":[{"name":"wp","href":"https:\/\/api.w.org\/{rel}","templated":true}]}}