{"id":13265,"date":"2026-02-25T08:17:15","date_gmt":"2026-02-25T08:17:15","guid":{"rendered":"https:\/\/nakanarach.pl\/?p=13265"},"modified":"2026-02-25T08:41:31","modified_gmt":"2026-02-25T08:41:31","slug":"olbrzymi-pozar-na-wyspie-video","status":"publish","type":"post","link":"https:\/\/nakanarach.pl\/index.php\/2026\/02\/25\/olbrzymi-pozar-na-wyspie-video\/","title":{"rendered":"OLBRZYMI PO\u017bAR NA WYSPIE (VIDEO)"},"content":{"rendered":"\n<p><strong>LANZAROTE: Po dw\u00f3ch dniach akcji ratowniczej stra\u017cakom uda\u0142o si\u0119 ugasi\u0107 du\u017cy po\u017car na terenie zajezdni autobusowej na popularnej w\u015br\u00f3d wczasowicz\u00f3w wyspie na Kanarach. Olbrzymi s\u0142up dymu by\u0142o wida\u0107 z wielu kilometr\u00f3w, co zaniepokoi\u0142o mieszka\u0144c\u00f3w i wypoczywaj\u0105cych tam turyst\u00f3w. <\/strong><\/p>\n\n\n\n<p>Wed\u0142ug stra\u017cak\u00f3w to by\u0142a bardzo trudna akcja ga\u015bnicza, w kt\u00f3rej zu\u017cyto ponad 100 tys. litr\u00f3w wody. Co najmniej 9 autobus\u00f3w i dwie furgonetki zosta\u0142o zniszczonych w wyniku po\u017caru w zajezdni autobusowej w stolicy Lanzarote &#8211; Arrecife, kt\u00f3ry wybuch\u0142 w godzinach popo\u0142udniowych, 23 lutego na terenie firmy Lanzarote Bus, kt\u00f3ra obs\u0142uguje mi\u0119dzymiastowe po\u0142\u0105czenia autobusowe na ca\u0142ej wyspie. Minionej nocy stra\u017cacy, chc\u0105c skuteczniej dosta\u0107 si\u0119 do wn\u0119trza budynku u\u017cyli ci\u0119\u017ckiego sprz\u0119tu, aby przebi\u0107 si\u0119 przez jedn\u0105 ze \u015bcian budynku i sch\u0142odzi\u0107 pian\u0105 i wod\u0105 zagro\u017cony obszar, \u017ceby zapobiec ponownemu wybuchowi po\u017caru. <strong>ZOBACZ VIDEO: <\/strong><\/p>\n\n\n\n<p><a href=\"https:\/\/www.instagram.com\/reel\/DVHFcn8gmKI\">https:\/\/www.instagram.com\/reel\/DVHFcn8gmKI<\/a><\/p>\n\n\n\n<p>Wed\u0142ug s\u0142u\u017cb ratunkowych po\u017car spowodowa\u0142 olbrzymie straty materialne, ale nikt nie zosta\u0142 ranny. Pracownicy zajezdni zdo\u0142ali ewakuowa\u0107 si\u0119 tu\u017c po wybuchu po\u017caru. Wst\u0119pne doniesienia sugeruj\u0105, \u017ce przyczyn\u0105 po\u017caru mog\u0142o by\u0107 zapalenie si\u0119 jednego z autobus\u00f3w, cho\u0107 wci\u0105\u017c trwa dochodzenie.<\/p>\n\n\n\n<p>Ze wzgl\u0119d\u00f3w bezpiecze\u0144stwa ewakuowano poblisk\u0105 restauracj\u0119 oraz stacj\u0119 benzynow\u0105 z powodu g\u0119stego s\u0142upa czarnego dymu, kt\u00f3ry unosi\u0142 si\u0119 nad miejscem zdarzenia i by\u0142 widoczny niemal w ka\u017cdym zak\u0105tku tej znanej turystycznej wyspy. Zajezdnia znajduje si\u0119 na ulicy Velacho w pobli\u017cu portu i licznie odwiedzanej przez wczasowicz\u00f3w mariny oraz urokliwej latarni morskiej. <strong>ZOBACZ VIDEO: <\/strong><\/p>\n\n\n\n<p><a href=\"https:\/\/www.facebook.com\/reel\/1575009210260121\">https:\/\/www.facebook.com\/reel\/1575009210260121<\/a><\/p>\n\n\n\n<p>Stra\u017cacy podj\u0119li dzia\u0142ania ratunkowe maj\u0105ce na celu opanowanie po\u017caru, byli wspierani przez zespo\u0142y ochrony cywilnej oraz funkcjonariuszy lokalnych i krajowych si\u0142 policyjnych.<\/p>\n\n\n\n<p>Wed\u0142ug ustale\u0144 medialnych w zajezdni znajdowa\u0142o si\u0119 w\u00f3wczas ponad 20 autobus\u00f3w. S\u0142u\u017cby ratunkowe podj\u0119\u0142y r\u00f3wnie\u017c pr\u00f3b\u0119 usuni\u0119cia z zajezdni pozosta\u0142ych pojazd\u00f3w, w tym kilku nowo pozyskanych, aby zapobiec dalszym stratom.<\/p>\n\n\n\n<p>Pe\u0142na skala zniszcze\u0144 jest wci\u0105\u017c szacowana i nadal nie wiadomo, czy incydent wp\u0142ynie na ruch autobusowy w kilku najbli\u017cszych dniach na tej wyspie. Jak pisze gazeta Canarias7 budynek uleg\u0142 znacznym zniszczeniom do tego stopnia, \u017ce konieczne b\u0119d\u0105 powa\u017cne prace remontowe, aby zajezdnia mog\u0142a ponownie funkcjonowa\u0107, w zwi\u0105zku z czym firma zosta\u0142a zmuszona do poszukiwania alternatywnego rozwi\u0105zania. Na szcz\u0119\u015bcie posiada ona w pobli\u017cu rozleg\u0142\u0105 dzia\u0142k\u0119 w Agramar. Teren ten b\u0119dzie s\u0142u\u017cy\u0142 przez pewien czas jako miejsce postoju autobus\u00f3w. Ze zniszczonych pojazd\u00f3w pozosta\u0142y jedynie szkielety.<\/p>\n\n\n\n<p><a href=\"https:\/\/www.canarias7.es\/canarias\/lanzarote\/lanzarote-bus-valdra-parcela-agramar-cochera-alternativa-20260225132612-nt_amp.html\">https:\/\/www.canarias7.es\/canarias\/lanzarote\/lanzarote-bus-valdra-parcela-agramar-cochera-alternativa-20260225132612-nt_amp.html<\/a><\/p>\n\n\n\n<p>Wst\u0119pna wycena szk\u00f3d w gara\u017cu, w kt\u00f3rym sp\u0142on\u0119\u0142y te\u017c biura oraz utraconych pojazd\u00f3w oszacowano na co najmniej 3-6 mln euro (12-25 mln z\u0142). Ka\u017cdy z autobus\u00f3w ma na rynku cen\u0119 oko\u0142o 380 tys. euro (ok. 1,6 mln z\u0142).<\/p>\n\n\n\n<p>To nie pierwszy raz, kiedy o incydencie w tej zajezdni pisa\u0142y niemal wszystkie lokalne media. W po\u0142owie lutego 2026 r. rozp\u0119dzony autobus przebi\u0142 \u015bcian\u0119 magazynu, co spowodowa\u0142o kolejn\u0105 ewakuacj\u0119 pracownik\u00f3w.<\/p>\n\n\n\n<figure class=\"wp-block-image size-full\"><img fetchpriority=\"high\" decoding=\"async\" width=\"590\" height=\"272\" src=\"https:\/\/nakanarach.pl\/wp-content\/uploads\/2026\/02\/Autobus-w-scianie-notiicias-de-lanzarote.jpg\" alt=\"\" class=\"wp-image-13267\" srcset=\"https:\/\/nakanarach.pl\/wp-content\/uploads\/2026\/02\/Autobus-w-scianie-notiicias-de-lanzarote.jpg 590w, https:\/\/nakanarach.pl\/wp-content\/uploads\/2026\/02\/Autobus-w-scianie-notiicias-de-lanzarote-300x138.jpg 300w\" sizes=\"(max-width: 590px) 100vw, 590px\" \/><\/figure>\n\n\n\n<p>Foto: Facebook\/Isla Sin Corrupci\u00f3n, Noticias de Lanzarote<\/p>\n","protected":false},"excerpt":{"rendered":"<p>LANZAROTE: Po dw\u00f3ch dniach akcji ratowniczej stra\u017cakom uda\u0142o si\u0119 ugasi\u0107 du\u017cy po\u017car na terenie zajezdni autobusowej na popularnej w\u015br\u00f3d wczasowicz\u00f3w wyspie na Kanarach. Olbrzymi s\u0142up dymu by\u0142o wida\u0107 z wielu kilometr\u00f3w, co zaniepokoi\u0142o mieszka\u0144c\u00f3w i wypoczywaj\u0105cych tam turyst\u00f3w. Wed\u0142ug stra\u017cak\u00f3w to by\u0142a bardzo trudna akcja ga\u015bnicza, w kt\u00f3rej zu\u017cyto ponad 100 tys. litr\u00f3w wody. Co [&hellip;]<\/p>\n","protected":false},"author":4,"featured_media":13266,"comment_status":"closed","ping_status":"open","sticky":false,"template":"","format":"standard","meta":{"om_disable_all_campaigns":false,"_monsterinsights_skip_tracking":false,"_monsterinsights_sitenote_active":false,"_monsterinsights_sitenote_note":"","_monsterinsights_sitenote_category":0,"footnotes":""},"categories":[12],"tags":[],"class_list":["post-13265","post","type-post","status-publish","format-standard","has-post-thumbnail","hentry","category-aktualnosci"],"aioseo_notices":[],"blog_post_layout_featured_media_urls":{"thumbnail":["https:\/\/nakanarach.pl\/wp-content\/uploads\/2026\/02\/Pozar-w-zajezdni-FB-Isla-Sin-Corrupcion-150x150.jpg",150,150,true],"full":["https:\/\/nakanarach.pl\/wp-content\/uploads\/2026\/02\/Pozar-w-zajezdni-FB-Isla-Sin-Corrupcion.jpg",1536,1458,false]},"categories_names":{"12":{"name":"Aktualno\u015bci","link":"https:\/\/nakanarach.pl\/index.php\/category\/aktualnosci\/"}},"tags_names":[],"comments_number":"0","wpmagazine_modules_lite_featured_media_urls":{"thumbnail":["https:\/\/nakanarach.pl\/wp-content\/uploads\/2026\/02\/Pozar-w-zajezdni-FB-Isla-Sin-Corrupcion-150x150.jpg",150,150,true],"cvmm-medium":["https:\/\/nakanarach.pl\/wp-content\/uploads\/2026\/02\/Pozar-w-zajezdni-FB-Isla-Sin-Corrupcion-300x300.jpg",300,300,true],"cvmm-medium-plus":["https:\/\/nakanarach.pl\/wp-content\/uploads\/2026\/02\/Pozar-w-zajezdni-FB-Isla-Sin-Corrupcion-305x207.jpg",305,207,true],"cvmm-portrait":["https:\/\/nakanarach.pl\/wp-content\/uploads\/2026\/02\/Pozar-w-zajezdni-FB-Isla-Sin-Corrupcion-400x600.jpg",400,600,true],"cvmm-medium-square":["https:\/\/nakanarach.pl\/wp-content\/uploads\/2026\/02\/Pozar-w-zajezdni-FB-Isla-Sin-Corrupcion-600x600.jpg",600,600,true],"cvmm-large":["https:\/\/nakanarach.pl\/wp-content\/uploads\/2026\/02\/Pozar-w-zajezdni-FB-Isla-Sin-Corrupcion-1024x1024.jpg",1024,1024,true],"cvmm-small":["https:\/\/nakanarach.pl\/wp-content\/uploads\/2026\/02\/Pozar-w-zajezdni-FB-Isla-Sin-Corrupcion-130x95.jpg",130,95,true],"full":["https:\/\/nakanarach.pl\/wp-content\/uploads\/2026\/02\/Pozar-w-zajezdni-FB-Isla-Sin-Corrupcion.jpg",1536,1458,false]},"_links":{"self":[{"href":"https:\/\/nakanarach.pl\/index.php\/wp-json\/wp\/v2\/posts\/13265","targetHints":{"allow":["GET"]}}],"collection":[{"href":"https:\/\/nakanarach.pl\/index.php\/wp-json\/wp\/v2\/posts"}],"about":[{"href":"https:\/\/nakanarach.pl\/index.php\/wp-json\/wp\/v2\/types\/post"}],"author":[{"embeddable":true,"href":"https:\/\/nakanarach.pl\/index.php\/wp-json\/wp\/v2\/users\/4"}],"replies":[{"embeddable":true,"href":"https:\/\/nakanarach.pl\/index.php\/wp-json\/wp\/v2\/comments?post=13265"}],"version-history":[{"count":5,"href":"https:\/\/nakanarach.pl\/index.php\/wp-json\/wp\/v2\/posts\/13265\/revisions"}],"predecessor-version":[{"id":13277,"href":"https:\/\/nakanarach.pl\/index.php\/wp-json\/wp\/v2\/posts\/13265\/revisions\/13277"}],"wp:featuredmedia":[{"embeddable":true,"href":"https:\/\/nakanarach.pl\/index.php\/wp-json\/wp\/v2\/media\/13266"}],"wp:attachment":[{"href":"https:\/\/nakanarach.pl\/index.php\/wp-json\/wp\/v2\/media?parent=13265"}],"wp:term":[{"taxonomy":"category","embeddable":true,"href":"https:\/\/nakanarach.pl\/index.php\/wp-json\/wp\/v2\/categories?post=13265"},{"taxonomy":"post_tag","embeddable":true,"href":"https:\/\/nakanarach.pl\/index.php\/wp-json\/wp\/v2\/tags?post=13265"}],"curies":[{"name":"wp","href":"https:\/\/api.w.org\/{rel}","templated":true}]}}