{"id":13331,"date":"2026-03-11T08:11:28","date_gmt":"2026-03-11T08:11:28","guid":{"rendered":"http:\/\/nakanarach.pl\/?p=13331"},"modified":"2026-03-11T09:10:15","modified_gmt":"2026-03-11T09:10:15","slug":"zatrzymani-na-lotniskach-za-przemyt","status":"publish","type":"post","link":"https:\/\/nakanarach.pl\/index.php\/2026\/03\/11\/zatrzymani-na-lotniskach-za-przemyt\/","title":{"rendered":"ZATRZYMANI NA LOTNISKACH ZA PRZEMYT"},"content":{"rendered":"\n<p><strong>TENERYFA: Hiszpa\u0144ska Policja Narodowa i Gwardia Cywilna rozbi\u0142y 13-osobowy gang kieszonkowc\u00f3w oraz zatrzymali trzech przemytnik\u00f3w, w kt\u00f3rych baga\u017cach na lotnisku znaleziono wiele podrobionych zegark\u00f3w, a tak\u017ce telefon\u00f3w kom\u00f3rkowych, skradzionych m.in. podczas odbywaj\u0105cych si\u0119 na tej najwi\u0119kszej kanaryjskiej wyspie imprez karnawa\u0142owych. <\/strong><\/p>\n\n\n\n<p>W kilku gminach pomi\u0119dzy styczniem a marcem odbywaj\u0105 si\u0119 w r\u00f3\u017cnych terminach imprezy karnawa\u0142owe. W\u015br\u00f3d nich jet najwi\u0119ksza w Europie (druga na \u015bwiecie po Brazylii) &#8211; w stolicy Santa Cruz, kt\u00f3ra zgromadzi\u0142a w 2026 r. ponad 1 mln os\u00f3b w ci\u0105gu 5 tygodni wydarze\u0144. Ale czas beztroskiej zabawy zak\u0142\u00f3cili z\u0142odzieje, kt\u00f3rzy okradali w tym czasie turyst\u00f3w.   <\/p>\n\n\n\n<p>Na lotnisku Teneryfa P\u00f3\u0142noc funkcjonariusze Gwardii Cywilnej aresztowali 28-letniego m\u0119\u017cczyzn\u0119 po tym, gdy w jego baga\u017cu rejestrowanym odkryli a\u017c 47 skradzionych telefon\u00f3w kom\u00f3rkowych bez prawa w\u0142asno\u015bci, paragon\u00f3w ani wyja\u015bnienia ich pochodzenia. Kilka urz\u0105dze\u0144 zosta\u0142o szybko ustalonych w policyjnych bazach danych jako kradzione. <\/p>\n\n\n\n<p>Podejrzanego zatrzymano pod zarzutem paserstwa, a hiszpa\u0144ska Gwardia Cywilna wsp\u00f3\u0142pracuje obecnie z innymi jednostkami policji w ca\u0142ym kraju w celu ustalenia to\u017csamo\u015bci prawowitych w\u0142a\u015bcicieli telefon\u00f3w.<\/p>\n\n\n\n<p>To odkrycie wzbudzi\u0142o tak\u017ce podejrzenie o udziale m\u0119\u017cczyzny w zorganizowanej grupie kieszonkowc\u00f3w, kt\u00f3rzy w 2026 r. za cel wybierali g\u0142\u00f3wnie uczestnik\u00f3w karnawa\u0142u, festiwali i zat\u0142oczone miejsca turystyczne na ca\u0142ej wyspie. Ju\u017c pod koniec lutego policja narodowa zatrzyma\u0142a 13 os\u00f3b, kt\u00f3re okrada\u0142y wczasowicz\u00f3w na Teneryfie, Gran Canarii, Fuerteventurze i Lanzarote. <strong>ZOBACZ VIDEO: <\/strong><\/p>\n\n\n\n<figure class=\"wp-block-embed is-type-video is-provider-tiktok wp-block-embed-tiktok\"><div class=\"wp-block-embed__wrapper\">\n<blockquote class=\"tiktok-embed\" cite=\"https:\/\/www.tiktok.com\/@ac2ality\/video\/7601224414419504398\" data-video-id=\"7601224414419504398\" data-embed-from=\"oembed\" style=\"max-width:605px; min-width:325px;\"> <section> <a target=\"_blank\" title=\"@ac2ality\" href=\"https:\/\/www.tiktok.com\/@ac2ality?refer=embed\">@ac2ality<\/a> <p><\/p> <a target=\"_blank\" title=\"\u266c sonido original - ac2ality\" href=\"https:\/\/www.tiktok.com\/music\/sonido-original-7601224378689211191?refer=embed\">\u266c sonido original &#8211; ac2ality<\/a> <\/section> <\/blockquote> <script async src=\"https:\/\/www.tiktok.com\/embed.js\"><\/script>\n<\/div><\/figure>\n\n\n\n<p>To ju\u017c drugi przypadek przemytu telefon\u00f3w wykryty na tym samym lotnisku. W styczniu 2026 r. zatrzymano kolejnego m\u0119\u017cczyzn\u0119 na pr\u00f3bie wywiezienia 24 skradzionych telefon\u00f3w z wyspy, co pot\u0119guje obawy, \u017ce z\u0142odzieje wykorzystuj\u0105 t\u0142umy i strefy turystyczne do prowadzenia dzia\u0142alno\u015bci przest\u0119pczej..<\/p>\n\n\n\n<p>Tak\u017ce na tym samym lotnisku w ramach rutynowej kontroli granicznej i celnej na Teneryfie Gwardia Cywilna skonfiskowa\u0142a 241 podrobionych zegark\u00f3w z baga\u017cu pasa\u017cera przybywaj\u0105cego samolotem na wysp\u0119. Funkcjonariusze nabrali podejrze\u0144, zauwa\u017caj\u0105c nerwowe zachowanie podr\u00f3\u017cnego. Po przeprowadzeniu rozmowy agenci postanowili sprawdzi\u0107 jego baga\u017c, w kt\u00f3rym znale\u017ali du\u017c\u0105 ilo\u015b\u0107 podrobionych zegark\u00f3w imituj\u0105cych produkty znanych producent\u00f3w. By\u0142y one starannie u\u0142o\u017cone w walizce wed\u0142ug marek. Wst\u0119pna inwentaryzacja potwierdzi\u0142a, \u017ce podrobione produkty dotyczy\u0142y trzech znanych producent\u00f3w zegark\u00f3w.<\/p>\n\n\n\n<p>M\u0119\u017cczyzna zosta\u0142 obj\u0119ty dochodzeniem pod zarzutem pope\u0142nienia przest\u0119pstwa przeciwko prawom w\u0142asno\u015bci przemys\u0142owej.<\/p>\n\n\n\n<p>Towar prawdopodobnie mia\u0142 trafi\u0107 do okolicznych sklep\u00f3w, na lokalne bazary i do ulicznych sprzedawc\u00f3w, kt\u00f3rzy cz\u0119sto oferuj\u0105 takie zegarki, zapewniaj\u0105c kupuj\u0105cych, \u017ce s\u0105 oryginalne, a cena jest wyj\u0105tkowo atrakcyjna.  <\/p>\n\n\n\n<figure class=\"wp-block-image size-full\"><img fetchpriority=\"high\" decoding=\"async\" width=\"900\" height=\"600\" src=\"http:\/\/nakanarach.pl\/wp-content\/uploads\/2026\/03\/Przemyt-Zegarki.webp\" alt=\"\" class=\"wp-image-13334\" srcset=\"https:\/\/nakanarach.pl\/wp-content\/uploads\/2026\/03\/Przemyt-Zegarki.webp 900w, https:\/\/nakanarach.pl\/wp-content\/uploads\/2026\/03\/Przemyt-Zegarki-300x200.webp 300w, https:\/\/nakanarach.pl\/wp-content\/uploads\/2026\/03\/Przemyt-Zegarki-768x512.webp 768w\" sizes=\"(max-width: 900px) 100vw, 900px\" \/><\/figure>\n\n\n\n<p>Foto: Guardia Civil, Canarian Weekly<\/p>\n","protected":false},"excerpt":{"rendered":"<p>TENERYFA: Hiszpa\u0144ska Policja Narodowa i Gwardia Cywilna rozbi\u0142y 13-osobowy gang kieszonkowc\u00f3w oraz zatrzymali trzech przemytnik\u00f3w, w kt\u00f3rych baga\u017cach na lotnisku znaleziono wiele podrobionych zegark\u00f3w, a tak\u017ce telefon\u00f3w kom\u00f3rkowych, skradzionych m.in. podczas odbywaj\u0105cych si\u0119 na tej najwi\u0119kszej kanaryjskiej wyspie imprez karnawa\u0142owych. W kilku gminach pomi\u0119dzy styczniem a marcem odbywaj\u0105 si\u0119 w r\u00f3\u017cnych terminach imprezy karnawa\u0142owe. W\u015br\u00f3d [&hellip;]<\/p>\n","protected":false},"author":4,"featured_media":13333,"comment_status":"closed","ping_status":"open","sticky":false,"template":"","format":"standard","meta":{"om_disable_all_campaigns":false,"_monsterinsights_skip_tracking":false,"_monsterinsights_sitenote_active":false,"_monsterinsights_sitenote_note":"","_monsterinsights_sitenote_category":0,"footnotes":""},"categories":[12],"tags":[],"class_list":["post-13331","post","type-post","status-publish","format-standard","has-post-thumbnail","hentry","category-aktualnosci"],"aioseo_notices":[],"blog_post_layout_featured_media_urls":{"thumbnail":["https:\/\/nakanarach.pl\/wp-content\/uploads\/2026\/03\/Przemyt-telefony-150x150.webp",150,150,true],"full":["https:\/\/nakanarach.pl\/wp-content\/uploads\/2026\/03\/Przemyt-telefony.webp",900,600,false]},"categories_names":{"12":{"name":"Aktualno\u015bci","link":"https:\/\/nakanarach.pl\/index.php\/category\/aktualnosci\/"}},"tags_names":[],"comments_number":"0","wpmagazine_modules_lite_featured_media_urls":{"thumbnail":["https:\/\/nakanarach.pl\/wp-content\/uploads\/2026\/03\/Przemyt-telefony-150x150.webp",150,150,true],"cvmm-medium":["https:\/\/nakanarach.pl\/wp-content\/uploads\/2026\/03\/Przemyt-telefony-300x300.webp",300,300,true],"cvmm-medium-plus":["https:\/\/nakanarach.pl\/wp-content\/uploads\/2026\/03\/Przemyt-telefony-305x207.webp",305,207,true],"cvmm-portrait":["https:\/\/nakanarach.pl\/wp-content\/uploads\/2026\/03\/Przemyt-telefony-400x600.webp",400,600,true],"cvmm-medium-square":["https:\/\/nakanarach.pl\/wp-content\/uploads\/2026\/03\/Przemyt-telefony-600x600.webp",600,600,true],"cvmm-large":["https:\/\/nakanarach.pl\/wp-content\/uploads\/2026\/03\/Przemyt-telefony.webp",900,600,false],"cvmm-small":["https:\/\/nakanarach.pl\/wp-content\/uploads\/2026\/03\/Przemyt-telefony-130x95.webp",130,95,true],"full":["https:\/\/nakanarach.pl\/wp-content\/uploads\/2026\/03\/Przemyt-telefony.webp",900,600,false]},"_links":{"self":[{"href":"https:\/\/nakanarach.pl\/index.php\/wp-json\/wp\/v2\/posts\/13331","targetHints":{"allow":["GET"]}}],"collection":[{"href":"https:\/\/nakanarach.pl\/index.php\/wp-json\/wp\/v2\/posts"}],"about":[{"href":"https:\/\/nakanarach.pl\/index.php\/wp-json\/wp\/v2\/types\/post"}],"author":[{"embeddable":true,"href":"https:\/\/nakanarach.pl\/index.php\/wp-json\/wp\/v2\/users\/4"}],"replies":[{"embeddable":true,"href":"https:\/\/nakanarach.pl\/index.php\/wp-json\/wp\/v2\/comments?post=13331"}],"version-history":[{"count":6,"href":"https:\/\/nakanarach.pl\/index.php\/wp-json\/wp\/v2\/posts\/13331\/revisions"}],"predecessor-version":[{"id":13404,"href":"https:\/\/nakanarach.pl\/index.php\/wp-json\/wp\/v2\/posts\/13331\/revisions\/13404"}],"wp:featuredmedia":[{"embeddable":true,"href":"https:\/\/nakanarach.pl\/index.php\/wp-json\/wp\/v2\/media\/13333"}],"wp:attachment":[{"href":"https:\/\/nakanarach.pl\/index.php\/wp-json\/wp\/v2\/media?parent=13331"}],"wp:term":[{"taxonomy":"category","embeddable":true,"href":"https:\/\/nakanarach.pl\/index.php\/wp-json\/wp\/v2\/categories?post=13331"},{"taxonomy":"post_tag","embeddable":true,"href":"https:\/\/nakanarach.pl\/index.php\/wp-json\/wp\/v2\/tags?post=13331"}],"curies":[{"name":"wp","href":"https:\/\/api.w.org\/{rel}","templated":true}]}}