{"id":13343,"date":"2026-03-05T08:20:04","date_gmt":"2026-03-05T08:20:04","guid":{"rendered":"https:\/\/nakanarach.pl\/?p=13343"},"modified":"2026-03-05T10:40:18","modified_gmt":"2026-03-05T10:40:18","slug":"zaklocenia-lotnicze-na-kanarach","status":"publish","type":"post","link":"https:\/\/nakanarach.pl\/index.php\/2026\/03\/05\/zaklocenia-lotnicze-na-kanarach\/","title":{"rendered":"ZAK\u0141\u00d3CENIA LOTNICZE NA KANARACH"},"content":{"rendered":"\n<p><strong>TENERYFA: Tury\u015bci udaj\u0105cy si\u0119 na rajski archipelag powinni spodziewa\u0107 si\u0119 utrudnie\u0144 w ruchu lotniczym. Wed\u0142ug sp\u00f3\u0142ki zarz\u0105dzaj\u0105cej hiszpa\u0144skimi portami AENA trudne warunki pogodowe spowodowane burz\u0105 wp\u0142yn\u0119\u0142y na prac\u0119 lotniska na Teneryfie. Dodatkowo utrudnienia spowodowa\u0142y dwa drony, kt\u00f3re pojawi\u0142y si\u0119 w pobli\u017cu pasa startowego. <\/strong><\/p>\n\n\n\n<p>4 marca samolot z Asturii z powodu silnego wiatru nie m\u00f3g\u0142 wyl\u0105dowa\u0107 na Teneryfie i musia\u0142 zmieni\u0107 tras\u0119, aby zako\u0144czy\u0107 podr\u00f3\u017c na Gran Canarii, natomiast inny lot z Barcelony zosta\u0142 przekierowany na&nbsp;lotnisko Tenerifa Po\u0142udnie.<\/p>\n\n\n\n<p>Mimo utrudnie\u0144 w\u0142adze lotniska nadal uwa\u017cnie monitoruj\u0105 sytuacj\u0119, poniewa\u017c pogoda i nag\u0142a zmiana kierunk\u00f3w wiatru, zwi\u0105zana z burz\u0105 nadal wp\u0142ywa na niekt\u00f3re cz\u0119\u015bci archipelagu. Jednocze\u015bnie informuj\u0105, \u017ce r\u00f3wnie\u017c 5 marca mo\u017cliwe s\u0105 dalsze utrudnienia w ruchu lotniczym, poniewa\u017c warunki sztormowe nadal si\u0119 utrzymuj\u0105 na Wyspach Kanaryjskich. <\/p>\n\n\n\n<p>Ale pomimo trudnej sytuacji pogodowej dodatkowym problem okaza\u0142o si\u0119 zachowanie dw\u00f3ch turyst\u00f3w, kt\u00f3rzy wypu\u015bcili w powietrze swoje drony w pobli\u017cu jednego z najbardziej ruchliwych lotnisk na Wyspach Kanaryjskich. W tym czasie niekt\u00f3re samoloty musia\u0142y kr\u0105\u017cy\u0107 nad Teneryf\u0105. Agenci Guardii Cywilnej, wsp\u00f3\u0142pracuj\u0105cy z jednostk\u0105 ochrony powietrznej Pegaso, zg\u0142osili obecno\u015b\u0107 dw\u00f3ch m\u0119\u017cczyzn, jednego z Wielkiej Brytanii, a drugiego z Barcelony, kt\u00f3rzy zostali przy\u0142apani na operowaniu dronami w pobli\u017cu Zatoki El M\u00e9dano na po\u0142udniu Teneryfy. Obszar ten znajduje si\u0119 w \u015bci\u015ble ograniczonej przestrzeni powietrznej ze wzgl\u0119du na blisko\u015b\u0107 lotniska, a \u017caden z pilot\u00f3w nie posiada\u0142 wymaganych zezwole\u0144, rejestracji ani \u0142\u0105czno\u015bci z kontrol\u0105 ruchu lotniczego.<\/p>\n\n\n\n<p>Funkcjonariusze twierdz\u0105, \u017ce m\u0119\u017cczy\u017ani nie byli zarejestrowani w Hiszpa\u0144skiej Agencji Bezpiecze\u0144stwa Lotniczego (AESA) i nie ubiegali si\u0119 o zezwolenie na loty w strefie, w kt\u00f3rej dzia\u0142alno\u015b\u0107 dron\u00f3w jest \u015bci\u015ble regulowana. Drony lata\u0142y r\u00f3wnie\u017c bez obowi\u0105zkowych numer\u00f3w identyfikacyjnych operatora, a piloci rzekomo zignorowali szereg wymog\u00f3w operacyjnych okre\u015blonych w unijnych i hiszpa\u0144skich przepisach dotycz\u0105cych bezpiecze\u0144stwa lotniczego.<\/p>\n\n\n\n<p>W\u0142adze doda\u0142y r\u00f3wnie\u017c, \u017ce drony lata\u0142y nad chronionym Specjalnym Rezerwatem Przyrody Monta\u00f1a Roja, gdzie aktywno\u015b\u0107 powietrzna wymaga specjalnej zgody \u015brodowiskowej.<\/p>\n\n\n\n<p>Ka\u017cde z narusze\u0144 wi\u0105\u017ce si\u0119 z potencjaln\u0105 kar\u0105 pieni\u0119\u017cn\u0105 w wysoko\u015bci od 60 (ok. 260 z\u0142) do 225 tys. euro (prawie 1 mln z\u0142), w zale\u017cno\u015bci od stopnia naruszenia.<\/p>\n\n\n\n<p>Tymczasem Rz\u0105d Wysp Kanaryjskich zni\u00f3s\u0142 ostrze\u017cenia przed przymrozkami i opadami \u015bniegu w g\u00f3rach, kt\u00f3ry pojawi\u0142 si\u0119 na szczytach Teneryfy i Gran Canarii. W\u0142adze regionalne poinformowa\u0142y, \u017ce burza spowodowa\u0142a co najmniej 40 drobnych incydent\u00f3w, g\u0142\u00f3wnie zwi\u0105zanych z silnym wiatrem na wyspach. <\/p>\n\n\n\n<figure class=\"wp-block-gallery has-nested-images columns-default is-cropped wp-block-gallery-1 is-layout-flex wp-block-gallery-is-layout-flex\">\n<figure class=\"wp-block-image size-large\"><img fetchpriority=\"high\" decoding=\"async\" width=\"768\" height=\"1024\" data-id=\"13344\" src=\"https:\/\/nakanarach.pl\/wp-content\/uploads\/2026\/03\/Burza-2-Bomberos-de-Tenerife-768x1024.jpg\" alt=\"\" class=\"wp-image-13344\" srcset=\"https:\/\/nakanarach.pl\/wp-content\/uploads\/2026\/03\/Burza-2-Bomberos-de-Tenerife-768x1024.jpg 768w, https:\/\/nakanarach.pl\/wp-content\/uploads\/2026\/03\/Burza-2-Bomberos-de-Tenerife-225x300.jpg 225w, https:\/\/nakanarach.pl\/wp-content\/uploads\/2026\/03\/Burza-2-Bomberos-de-Tenerife-1152x1536.jpg 1152w, https:\/\/nakanarach.pl\/wp-content\/uploads\/2026\/03\/Burza-2-Bomberos-de-Tenerife.jpg 1440w\" sizes=\"(max-width: 768px) 100vw, 768px\" \/><\/figure>\n\n\n\n<figure class=\"wp-block-image size-large\"><img decoding=\"async\" width=\"832\" height=\"1024\" data-id=\"13345\" src=\"https:\/\/nakanarach.pl\/wp-content\/uploads\/2026\/03\/Burza-Bomberos-de-Tenerife-832x1024.jpg\" alt=\"\" class=\"wp-image-13345\" srcset=\"https:\/\/nakanarach.pl\/wp-content\/uploads\/2026\/03\/Burza-Bomberos-de-Tenerife-832x1024.jpg 832w, https:\/\/nakanarach.pl\/wp-content\/uploads\/2026\/03\/Burza-Bomberos-de-Tenerife-244x300.jpg 244w, https:\/\/nakanarach.pl\/wp-content\/uploads\/2026\/03\/Burza-Bomberos-de-Tenerife-768x945.jpg 768w, https:\/\/nakanarach.pl\/wp-content\/uploads\/2026\/03\/Burza-Bomberos-de-Tenerife-1248x1536.jpg 1248w, https:\/\/nakanarach.pl\/wp-content\/uploads\/2026\/03\/Burza-Bomberos-de-Tenerife.jpg 1440w\" sizes=\"(max-width: 832px) 100vw, 832px\" \/><\/figure>\n<\/figure>\n\n\n\n<p>W nocy z 4 na 5 marca 2026 r. przewr\u00f3ci\u0142o si\u0119 historyczne smocze drzewo (Drago de San Francisco) w Los Realejos na Teneryfie, licz\u0105ce ponad 210-270 lat. Znajdowa\u0142o si\u0119 ono w okolicy cmentarza w Realejo Bajo, a jego upadek by\u0142 spowodowany prawdopodobnie wiekiem i chorob\u0105 oraz silnym podmuchem wiatru, uszkadzaj\u0105c przy okazji okoliczne samochody. Wed\u0142ug s\u0142u\u017cb ratunkowych nikt nie zosta\u0142 ranny. <strong>ZOBACZ VIDEO: <\/strong><\/p>\n\n\n\n<figure class=\"wp-block-embed is-type-video is-provider-tiktok wp-block-embed-tiktok\"><div class=\"wp-block-embed__wrapper\">\n<blockquote class=\"tiktok-embed\" cite=\"https:\/\/www.tiktok.com\/@veronica_ypd\/video\/7613530742739488022\" data-video-id=\"7613530742739488022\" data-embed-from=\"oembed\" style=\"max-width:605px; min-width:325px;\"> <section> <a target=\"_blank\" title=\"@veronica_ypd\" href=\"https:\/\/www.tiktok.com\/@veronica_ypd?refer=embed\">@veronica_ypd<\/a> <p>TENERIFE: Cae el hist\u00f3rico Drago de San Francisco en Los Realejos, con m\u00e1s de 210 a\u00f1os de antig\u00fcedad  Son varios d\u00edas de fuertes lluvias y viento por la borrasca Regina, el emblem\u00e1tico <a title=\"drago\" target=\"_blank\" href=\"https:\/\/www.tiktok.com\/tag\/drago?refer=embed\">#drago<\/a> drago se desplom\u00f3 provocando da\u00f1os en infraestructuras cercanas y en varios veh\u00edculos estacionados.. <a title=\"canarias\ud83c\uddee\ud83c\udde8\" target=\"_blank\" href=\"https:\/\/www.tiktok.com\/tag\/canarias%F0%9F%87%AE%F0%9F%87%A8?refer=embed\">#canarias\ud83c\uddee\ud83c\udde8<\/a> <a title=\"precaucion\" target=\"_blank\" href=\"https:\/\/www.tiktok.com\/tag\/precaucion?refer=embed\">#precaucion<\/a> <a title=\"112\" target=\"_blank\" href=\"https:\/\/www.tiktok.com\/tag\/112?refer=embed\">#112<\/a> <a title=\"borrasca\" target=\"_blank\" href=\"https:\/\/www.tiktok.com\/tag\/borrasca?refer=embed\">#borrasca<\/a> <\/p> <a target=\"_blank\" title=\"\u266c Not\u00edcia Urgente! - TheTrend\" href=\"https:\/\/www.tiktok.com\/music\/Not\u00edcia-Urgente-7516564057253627921?refer=embed\">\u266c Not\u00edcia Urgente! &#8211; TheTrend<\/a> <\/section> <\/blockquote> <script async src=\"https:\/\/www.tiktok.com\/embed.js\"><\/script>\n<\/div><\/figure>\n\n\n\n<p>Wed\u0142ug prognoz na Lanzarote i Fuerteventurze niebo b\u0119dzie cz\u0119\u015bciowo zachmurzone, z niewielkim prawdopodobie\u0144stwem przelotnych, lekkich opad\u00f3w deszczu i mg\u0142y spowodowanej kalim\u0105 (drobny py\u0142 z afryka\u0144skiej Sahary)<\/p>\n\n\n\n<p>W p\u00f3\u0142nocnej cz\u0119\u015bci Teneryfy, Gran Canarii i zachodnich wysp niebo b\u0119dzie przewa\u017cnie zachmurzone z przelotnymi lekkimi opadami deszczu, kt\u00f3re wieczorem mog\u0105 lokalnie sta\u0107 si\u0119 umiarkowane.<\/p>\n\n\n\n<p>W pozosta\u0142ych rejonach, szczeg\u00f3lnie na po\u0142udniu w turystycznych kurortach wysp, warunki pogodowe pozostan\u0105 przewa\u017cnie suche, z okazjonalnymi zachmurzeniami i niewielkim prawdopodobie\u0144stwem wyst\u0105pienia przelotnych opad\u00f3w deszczu.<\/p>\n\n\n\n<p>Foto: Guardia Civil, Bomberos de Tenerife<\/p>\n","protected":false},"excerpt":{"rendered":"<p>TENERYFA: Tury\u015bci udaj\u0105cy si\u0119 na rajski archipelag powinni spodziewa\u0107 si\u0119 utrudnie\u0144 w ruchu lotniczym. Wed\u0142ug sp\u00f3\u0142ki zarz\u0105dzaj\u0105cej hiszpa\u0144skimi portami AENA trudne warunki pogodowe spowodowane burz\u0105 wp\u0142yn\u0119\u0142y na prac\u0119 lotniska na Teneryfie. Dodatkowo utrudnienia spowodowa\u0142y dwa drony, kt\u00f3re pojawi\u0142y si\u0119 w pobli\u017cu pasa startowego. 4 marca samolot z Asturii z powodu silnego wiatru nie m\u00f3g\u0142 wyl\u0105dowa\u0107 [&hellip;]<\/p>\n","protected":false},"author":4,"featured_media":13346,"comment_status":"closed","ping_status":"open","sticky":false,"template":"","format":"standard","meta":{"om_disable_all_campaigns":false,"_monsterinsights_skip_tracking":false,"_monsterinsights_sitenote_active":false,"_monsterinsights_sitenote_note":"","_monsterinsights_sitenote_category":0,"footnotes":""},"categories":[12,78],"tags":[],"class_list":["post-13343","post","type-post","status-publish","format-standard","has-post-thumbnail","hentry","category-aktualnosci","category-interwencje"],"aioseo_notices":[],"blog_post_layout_featured_media_urls":{"thumbnail":["https:\/\/nakanarach.pl\/wp-content\/uploads\/2026\/03\/Dron-Guardia-Civil-150x150.webp",150,150,true],"full":["https:\/\/nakanarach.pl\/wp-content\/uploads\/2026\/03\/Dron-Guardia-Civil.webp",900,600,false]},"categories_names":{"12":{"name":"Aktualno\u015bci","link":"https:\/\/nakanarach.pl\/index.php\/category\/aktualnosci\/"},"78":{"name":"Interwencje","link":"https:\/\/nakanarach.pl\/index.php\/category\/interwencje\/"}},"tags_names":[],"comments_number":"0","wpmagazine_modules_lite_featured_media_urls":{"thumbnail":["https:\/\/nakanarach.pl\/wp-content\/uploads\/2026\/03\/Dron-Guardia-Civil-150x150.webp",150,150,true],"cvmm-medium":["https:\/\/nakanarach.pl\/wp-content\/uploads\/2026\/03\/Dron-Guardia-Civil-300x300.webp",300,300,true],"cvmm-medium-plus":["https:\/\/nakanarach.pl\/wp-content\/uploads\/2026\/03\/Dron-Guardia-Civil-305x207.webp",305,207,true],"cvmm-portrait":["https:\/\/nakanarach.pl\/wp-content\/uploads\/2026\/03\/Dron-Guardia-Civil-400x600.webp",400,600,true],"cvmm-medium-square":["https:\/\/nakanarach.pl\/wp-content\/uploads\/2026\/03\/Dron-Guardia-Civil-600x600.webp",600,600,true],"cvmm-large":["https:\/\/nakanarach.pl\/wp-content\/uploads\/2026\/03\/Dron-Guardia-Civil.webp",900,600,false],"cvmm-small":["https:\/\/nakanarach.pl\/wp-content\/uploads\/2026\/03\/Dron-Guardia-Civil-130x95.webp",130,95,true],"full":["https:\/\/nakanarach.pl\/wp-content\/uploads\/2026\/03\/Dron-Guardia-Civil.webp",900,600,false]},"_links":{"self":[{"href":"https:\/\/nakanarach.pl\/index.php\/wp-json\/wp\/v2\/posts\/13343","targetHints":{"allow":["GET"]}}],"collection":[{"href":"https:\/\/nakanarach.pl\/index.php\/wp-json\/wp\/v2\/posts"}],"about":[{"href":"https:\/\/nakanarach.pl\/index.php\/wp-json\/wp\/v2\/types\/post"}],"author":[{"embeddable":true,"href":"https:\/\/nakanarach.pl\/index.php\/wp-json\/wp\/v2\/users\/4"}],"replies":[{"embeddable":true,"href":"https:\/\/nakanarach.pl\/index.php\/wp-json\/wp\/v2\/comments?post=13343"}],"version-history":[{"count":2,"href":"https:\/\/nakanarach.pl\/index.php\/wp-json\/wp\/v2\/posts\/13343\/revisions"}],"predecessor-version":[{"id":13352,"href":"https:\/\/nakanarach.pl\/index.php\/wp-json\/wp\/v2\/posts\/13343\/revisions\/13352"}],"wp:featuredmedia":[{"embeddable":true,"href":"https:\/\/nakanarach.pl\/index.php\/wp-json\/wp\/v2\/media\/13346"}],"wp:attachment":[{"href":"https:\/\/nakanarach.pl\/index.php\/wp-json\/wp\/v2\/media?parent=13343"}],"wp:term":[{"taxonomy":"category","embeddable":true,"href":"https:\/\/nakanarach.pl\/index.php\/wp-json\/wp\/v2\/categories?post=13343"},{"taxonomy":"post_tag","embeddable":true,"href":"https:\/\/nakanarach.pl\/index.php\/wp-json\/wp\/v2\/tags?post=13343"}],"curies":[{"name":"wp","href":"https:\/\/api.w.org\/{rel}","templated":true}]}}