{"id":13359,"date":"2026-03-06T08:11:59","date_gmt":"2026-03-06T08:11:59","guid":{"rendered":"https:\/\/nakanarach.pl\/?p=13359"},"modified":"2026-03-06T08:50:05","modified_gmt":"2026-03-06T08:50:05","slug":"awantura-samolocie","status":"publish","type":"post","link":"https:\/\/nakanarach.pl\/index.php\/2026\/03\/06\/awantura-samolocie\/","title":{"rendered":"AWANTURA SAMOLOCIE"},"content":{"rendered":"\n<p><strong>TENERYFA\/LANZAROTE: Samolot lec\u0105cy z kontynentalnej Hiszpanii na kanaryjsk\u0105 Teneryf\u0119<\/strong> <strong>musia\u0142 zmieni\u0107 tras\u0119 i wyl\u0105dowa\u0107 na s\u0105siedniej wyspie po tym, jak w\u015br\u00f3d kilku pasa\u017cer\u00f3w wybuch\u0142a ostra k\u0142\u00f3tnia na pok\u0142adzie.<\/strong><\/p>\n\n\n\n<p>5 marca najwi\u0119ksza hiszpa\u0144ska linia lotnicza Vueling o numerze VY3276 obs\u0142ugiwa\u0142a lot z Malagi do Teneryfy P\u00f3\u0142nocnej. Jednak za\u0142oga b\u0119d\u0105c ju\u017c w pobli\u017cu Wysp Kanaryjskich poprosi\u0142a kontroler\u00f3w ruchu lotniczego o awaryjne pilne przekierowanie na najbli\u017csze lotnisko Lanzarote po tym, jak 6 pasa\u017cer\u00f3w zak\u0142\u00f3ca\u0142o spok\u00f3j podczas lotu. Obs\u0142uga nie mog\u0142a ich uspokoi\u0107, nie reagowali te\u017c na jakiekolwiek polecenia, a sytuacja stawa\u0142a si\u0119 z ka\u017cd\u0105 chwil\u0105 coraz bardziej niebezpieczna, tak\u017ce dla pozosta\u0142ych os\u00f3b na pok\u0142adzie. <\/p>\n\n\n\n<p>Wed\u0142ug hiszpa\u0144skiej agencji \u017ceglugi powietrznej ENAIRE, pilot poprosi\u0142 o obecno\u015b\u0107 policji na pasie startowym po l\u0105dowaniu ze wzgl\u0119du na agresywne zachowanie os\u00f3b bior\u0105cych udzia\u0142 w tym zdarzeniu. <\/p>\n\n\n\n<p>Samolot bezpiecznie wyl\u0105dowa\u0142 na Lanzarote bez dalszych incydent\u00f3w, a w\u0142adze lotniska we wsp\u00f3\u0142pracy z policj\u0105 przyj\u0119\u0142y samolot po przylocie. Awanturnicy zostali wyprowadzeni przez funkcjonariuszy i zatrzymani do wyja\u015bnienia. <\/p>\n\n\n\n<p>Dopiero po uspokojeniu sytuacji na pok\u0142adzie samolot z turystami m\u00f3g\u0142 polecie\u0107 do miejsca docelowego &#8211; na najwi\u0119ksz\u0105 wysp\u0119 archipelagu kanaryjskiego, czyli na Teneryf\u0119.<\/p>\n\n\n\n<p>Foto: Zdj\u0119cie ilustracyjne NaKanarach.pl<\/p>\n","protected":false},"excerpt":{"rendered":"<p>TENERYFA\/LANZAROTE: Samolot lec\u0105cy z kontynentalnej Hiszpanii na kanaryjsk\u0105 Teneryf\u0119 musia\u0142 zmieni\u0107 tras\u0119 i wyl\u0105dowa\u0107 na s\u0105siedniej wyspie po tym, jak w\u015br\u00f3d kilku pasa\u017cer\u00f3w wybuch\u0142a ostra k\u0142\u00f3tnia na pok\u0142adzie. 5 marca najwi\u0119ksza hiszpa\u0144ska linia lotnicza Vueling o numerze VY3276 obs\u0142ugiwa\u0142a lot z Malagi do Teneryfy P\u00f3\u0142nocnej. Jednak za\u0142oga b\u0119d\u0105c ju\u017c w pobli\u017cu Wysp Kanaryjskich poprosi\u0142a kontroler\u00f3w [&hellip;]<\/p>\n","protected":false},"author":4,"featured_media":2606,"comment_status":"closed","ping_status":"open","sticky":false,"template":"","format":"standard","meta":{"om_disable_all_campaigns":false,"_monsterinsights_skip_tracking":false,"_monsterinsights_sitenote_active":false,"_monsterinsights_sitenote_note":"","_monsterinsights_sitenote_category":0,"footnotes":""},"categories":[12,77],"tags":[],"class_list":["post-13359","post","type-post","status-publish","format-standard","has-post-thumbnail","hentry","category-aktualnosci","category-samoloty"],"aioseo_notices":[],"blog_post_layout_featured_media_urls":{"thumbnail":["https:\/\/nakanarach.pl\/wp-content\/uploads\/2021\/09\/Lotnisko-Teneryfa-150x150.jpg",150,150,true],"full":["https:\/\/nakanarach.pl\/wp-content\/uploads\/2021\/09\/Lotnisko-Teneryfa.jpg",1728,972,false]},"categories_names":{"12":{"name":"Aktualno\u015bci","link":"https:\/\/nakanarach.pl\/index.php\/category\/aktualnosci\/"},"77":{"name":"Samoloty","link":"https:\/\/nakanarach.pl\/index.php\/category\/samoloty\/"}},"tags_names":[],"comments_number":"0","wpmagazine_modules_lite_featured_media_urls":{"thumbnail":["https:\/\/nakanarach.pl\/wp-content\/uploads\/2021\/09\/Lotnisko-Teneryfa-150x150.jpg",150,150,true],"cvmm-medium":["https:\/\/nakanarach.pl\/wp-content\/uploads\/2021\/09\/Lotnisko-Teneryfa-300x300.jpg",300,300,true],"cvmm-medium-plus":["https:\/\/nakanarach.pl\/wp-content\/uploads\/2021\/09\/Lotnisko-Teneryfa-305x207.jpg",305,207,true],"cvmm-portrait":["https:\/\/nakanarach.pl\/wp-content\/uploads\/2021\/09\/Lotnisko-Teneryfa-400x600.jpg",400,600,true],"cvmm-medium-square":["https:\/\/nakanarach.pl\/wp-content\/uploads\/2021\/09\/Lotnisko-Teneryfa-600x600.jpg",600,600,true],"cvmm-large":["https:\/\/nakanarach.pl\/wp-content\/uploads\/2021\/09\/Lotnisko-Teneryfa-1024x972.jpg",1024,972,true],"cvmm-small":["https:\/\/nakanarach.pl\/wp-content\/uploads\/2021\/09\/Lotnisko-Teneryfa-130x95.jpg",130,95,true],"full":["https:\/\/nakanarach.pl\/wp-content\/uploads\/2021\/09\/Lotnisko-Teneryfa.jpg",1728,972,false]},"_links":{"self":[{"href":"https:\/\/nakanarach.pl\/index.php\/wp-json\/wp\/v2\/posts\/13359","targetHints":{"allow":["GET"]}}],"collection":[{"href":"https:\/\/nakanarach.pl\/index.php\/wp-json\/wp\/v2\/posts"}],"about":[{"href":"https:\/\/nakanarach.pl\/index.php\/wp-json\/wp\/v2\/types\/post"}],"author":[{"embeddable":true,"href":"https:\/\/nakanarach.pl\/index.php\/wp-json\/wp\/v2\/users\/4"}],"replies":[{"embeddable":true,"href":"https:\/\/nakanarach.pl\/index.php\/wp-json\/wp\/v2\/comments?post=13359"}],"version-history":[{"count":1,"href":"https:\/\/nakanarach.pl\/index.php\/wp-json\/wp\/v2\/posts\/13359\/revisions"}],"predecessor-version":[{"id":13360,"href":"https:\/\/nakanarach.pl\/index.php\/wp-json\/wp\/v2\/posts\/13359\/revisions\/13360"}],"wp:featuredmedia":[{"embeddable":true,"href":"https:\/\/nakanarach.pl\/index.php\/wp-json\/wp\/v2\/media\/2606"}],"wp:attachment":[{"href":"https:\/\/nakanarach.pl\/index.php\/wp-json\/wp\/v2\/media?parent=13359"}],"wp:term":[{"taxonomy":"category","embeddable":true,"href":"https:\/\/nakanarach.pl\/index.php\/wp-json\/wp\/v2\/categories?post=13359"},{"taxonomy":"post_tag","embeddable":true,"href":"https:\/\/nakanarach.pl\/index.php\/wp-json\/wp\/v2\/tags?post=13359"}],"curies":[{"name":"wp","href":"https:\/\/api.w.org\/{rel}","templated":true}]}}