{"id":13362,"date":"2026-03-09T06:34:05","date_gmt":"2026-03-09T06:34:05","guid":{"rendered":"https:\/\/nakanarach.pl\/?p=13362"},"modified":"2026-03-09T12:53:18","modified_gmt":"2026-03-09T12:53:18","slug":"niebezpieczne-fale-i-tragedie-w-oceanie","status":"publish","type":"post","link":"https:\/\/nakanarach.pl\/index.php\/2026\/03\/09\/niebezpieczne-fale-i-tragedie-w-oceanie\/","title":{"rendered":"NIEBEZPIECZNE FALE I TRAGEDIE W OCEANIE"},"content":{"rendered":"\n<p><strong>FUERTEVENTURA\/TENERYFA: Od kilku dni na Oceanie Atlantyckim s\u0105 niebezpieczne warunki morskie. Wiele os\u00f3b lekcewa\u017cy jednak ostrze\u017cenia. Nie \u017cyj\u0105 kolejne dwie osoby, a po kilku dniach od zagini\u0119cia uratowano grup\u0119 60 imigrant\u00f3w, kt\u00f3rzy na pontonach <strong>pomimo wysokich fal<\/strong><\/strong> <strong>wybrali si\u0119 w ryzykown\u0105 podr\u00f3\u017c. <\/strong><\/p>\n\n\n\n<p>7 marca w Puerto de Santiago, na po\u0142udniu Teneryfy, po kilku godzinach poszukiwa\u0144 znaleziono cia\u0142o m\u0119\u017cczyzny podczas pilnej akcji przeprowadzonej wzd\u0142u\u017c wybrze\u017ca, zar\u00f3wno na l\u0105dzie, jak i na morzu. <\/p>\n\n\n\n<p>S\u0142u\u017cby oficjalnie nie potwierdzi\u0142y to\u017csamo\u015bci zmar\u0142ego. Jednak doniesienia wskazuj\u0105, \u017ce mo\u017ce to by\u0107 43-letni mieszkaniec okolicy, kt\u00f3ry wcze\u015bniej zosta\u0142 zg\u0142oszony jako zaginiony. Cia\u0142o pozostaje pod nadzorem policji na czas przeprowadzania niezb\u0119dnych bada\u0144 kryminalistycznych i sekcji zw\u0142ok.<\/p>\n\n\n\n<p>6 marca &#8211; jak wynika z doniesie\u0144 Centrum Koordynacji Dzia\u0142a\u0144 Kryzysowych i Bezpiecze\u0144stwa Wysp Kanaryjskich (CECOES) &#8211; kolejny m\u0119\u017cczyzna zgin\u0105\u0142 po upadku ze ska\u0142y do wody w nadmorskiej miejscowo\u015bci Ajuy, w gminie P\u00e1jara na wyspie Fuerteventura. <\/p>\n\n\n\n<p>7 marca odnaleziono te\u017c 60 migrant\u00f3w, kt\u00f3rzy pomimo niebezpiecznych warunk\u00f3w na oceanie p\u0142yn\u0119li na kilku pontonach z Afryki na Wyspy Kanaryjskie. Przez kilka dni nie by\u0142o z nimi kontaktu i zg\u0142oszono ich zagini\u0119cie. <\/p>\n\n\n\n<p>Wed\u0142ug informacji Czerwonego Krzy\u017ca, grupa sk\u0142ada\u0142a si\u0119 z 56 m\u0119\u017cczyzn, dw\u00f3ch kobiet i dw\u00f3ch nieletnich. Ponton zosta\u0142 wykryty przez samolot rozpoznawczy Sasemar 103, kt\u00f3ry zlokalizowa\u0142 go oko\u0142o 56 kilometr\u00f3w na po\u0142udniowy wsch\u00f3d od portu Gran Tarajal na Fuerteventurze.<\/p>\n\n\n\n<p>Za\u0142oga pobliskiego statku handlowego zosta\u0142a poproszona o pozostanie w pobli\u017cu ma\u0142ej \u0142odzi z imigrantami do czasu przybycia pomocy, ze wzgl\u0119du na z\u0142e warunki morskie i ograniczon\u0105 widoczno\u015b\u0107 w tym rejonie. Akcja ratunkowa odbywa\u0142a si\u0119 w trudnych warunkach, przy wietrze osi\u0105gaj\u0105cym pr\u0119dko\u015b\u0107 39 w\u0119z\u0142\u00f3w (ok. 72 km\/h) i falach dochodz\u0105cych do 6 metr\u00f3w wysoko\u015bci.<\/p>\n\n\n\n<p>Pa\u0144stwowa Agencja Meteorologiczna Aemet wyda\u0142a \u017c\u00f3\u0142te ostrze\u017cenie pogodowe dotycz\u0105ce warunk\u00f3w przybrze\u017cnych w niekt\u00f3rych cz\u0119\u015bciach Wysp Kanaryjskich, a w\u0142adze regionalne utrzymuj\u0105 wst\u0119pne ostrze\u017cenie przed silnymi falami na ca\u0142ym archipelagu. Ostrze\u017cenie obowi\u0105zuje na Teneryfie i Gran Canarii tak\u017ce 9 marca, w godz. od 12:00 do 23:59, z powodu pogarszaj\u0105cych si\u0119 warunk\u00f3w na oceanie.<\/p>\n\n\n\n<p>Wed\u0142ug AEMET ostrze\u017cenie dotyczy w szczeg\u00f3lno\u015bci wschodnich, po\u0142udniowych i zachodnich wybrze\u017cy obu wysp, gdzie spodziewane s\u0105 wiatry p\u00f3\u0142nocno-wschodnie o pr\u0119dko\u015bci od 50 do 61 km\/h (w skali Beauforta 7), zw\u0142aszcza na po\u0142udniowym wschodzie Teneryfy i na zachodzie Gran Canarii.<\/p>\n\n\n\n<p>Od pocz\u0105tku 2026 r. na Wyspach Kanaryjskich uton\u0119\u0142o 15 os\u00f3b.  <\/p>\n\n\n\n<p>W\u0142adze apeluj\u0105 do mieszka\u0144c\u00f3w i turyst\u00f3w o zachowanie ostro\u017cno\u015bci w rejonach przybrze\u017cnych, unikanie spacer\u00f3w po falochronach i przy brzegu. <\/p>\n\n\n\n<p>Foto: Zdj\u0119cie ilustracyjne\/Salvamento Mar\u00edtimo<\/p>\n","protected":false},"excerpt":{"rendered":"<p>FUERTEVENTURA\/TENERYFA: Od kilku dni na Oceanie Atlantyckim s\u0105 niebezpieczne warunki morskie. Wiele os\u00f3b lekcewa\u017cy jednak ostrze\u017cenia. Nie \u017cyj\u0105 kolejne dwie osoby, a po kilku dniach od zagini\u0119cia uratowano grup\u0119 60 imigrant\u00f3w, kt\u00f3rzy na pontonach pomimo wysokich fal wybrali si\u0119 w ryzykown\u0105 podr\u00f3\u017c. 7 marca w Puerto de Santiago, na po\u0142udniu Teneryfy, po kilku godzinach poszukiwa\u0144 [&hellip;]<\/p>\n","protected":false},"author":4,"featured_media":8800,"comment_status":"closed","ping_status":"open","sticky":false,"template":"","format":"standard","meta":{"om_disable_all_campaigns":false,"_monsterinsights_skip_tracking":false,"_monsterinsights_sitenote_active":false,"_monsterinsights_sitenote_note":"","_monsterinsights_sitenote_category":0,"footnotes":""},"categories":[12],"tags":[],"class_list":["post-13362","post","type-post","status-publish","format-standard","has-post-thumbnail","hentry","category-aktualnosci"],"aioseo_notices":[],"blog_post_layout_featured_media_urls":{"thumbnail":["https:\/\/nakanarach.pl\/wp-content\/uploads\/2024\/10\/Imigranci-X-Salvamento-Maritimo-150x150.jpg",150,150,true],"full":["https:\/\/nakanarach.pl\/wp-content\/uploads\/2024\/10\/Imigranci-X-Salvamento-Maritimo.jpg",675,1200,false]},"categories_names":{"12":{"name":"Aktualno\u015bci","link":"https:\/\/nakanarach.pl\/index.php\/category\/aktualnosci\/"}},"tags_names":[],"comments_number":"0","wpmagazine_modules_lite_featured_media_urls":{"thumbnail":["https:\/\/nakanarach.pl\/wp-content\/uploads\/2024\/10\/Imigranci-X-Salvamento-Maritimo-150x150.jpg",150,150,true],"cvmm-medium":["https:\/\/nakanarach.pl\/wp-content\/uploads\/2024\/10\/Imigranci-X-Salvamento-Maritimo-300x300.jpg",300,300,true],"cvmm-medium-plus":["https:\/\/nakanarach.pl\/wp-content\/uploads\/2024\/10\/Imigranci-X-Salvamento-Maritimo-305x207.jpg",305,207,true],"cvmm-portrait":["https:\/\/nakanarach.pl\/wp-content\/uploads\/2024\/10\/Imigranci-X-Salvamento-Maritimo-400x600.jpg",400,600,true],"cvmm-medium-square":["https:\/\/nakanarach.pl\/wp-content\/uploads\/2024\/10\/Imigranci-X-Salvamento-Maritimo-600x600.jpg",600,600,true],"cvmm-large":["https:\/\/nakanarach.pl\/wp-content\/uploads\/2024\/10\/Imigranci-X-Salvamento-Maritimo-675x1024.jpg",675,1024,true],"cvmm-small":["https:\/\/nakanarach.pl\/wp-content\/uploads\/2024\/10\/Imigranci-X-Salvamento-Maritimo-130x95.jpg",130,95,true],"full":["https:\/\/nakanarach.pl\/wp-content\/uploads\/2024\/10\/Imigranci-X-Salvamento-Maritimo.jpg",675,1200,false]},"_links":{"self":[{"href":"https:\/\/nakanarach.pl\/index.php\/wp-json\/wp\/v2\/posts\/13362","targetHints":{"allow":["GET"]}}],"collection":[{"href":"https:\/\/nakanarach.pl\/index.php\/wp-json\/wp\/v2\/posts"}],"about":[{"href":"https:\/\/nakanarach.pl\/index.php\/wp-json\/wp\/v2\/types\/post"}],"author":[{"embeddable":true,"href":"https:\/\/nakanarach.pl\/index.php\/wp-json\/wp\/v2\/users\/4"}],"replies":[{"embeddable":true,"href":"https:\/\/nakanarach.pl\/index.php\/wp-json\/wp\/v2\/comments?post=13362"}],"version-history":[{"count":8,"href":"https:\/\/nakanarach.pl\/index.php\/wp-json\/wp\/v2\/posts\/13362\/revisions"}],"predecessor-version":[{"id":13378,"href":"https:\/\/nakanarach.pl\/index.php\/wp-json\/wp\/v2\/posts\/13362\/revisions\/13378"}],"wp:featuredmedia":[{"embeddable":true,"href":"https:\/\/nakanarach.pl\/index.php\/wp-json\/wp\/v2\/media\/8800"}],"wp:attachment":[{"href":"https:\/\/nakanarach.pl\/index.php\/wp-json\/wp\/v2\/media?parent=13362"}],"wp:term":[{"taxonomy":"category","embeddable":true,"href":"https:\/\/nakanarach.pl\/index.php\/wp-json\/wp\/v2\/categories?post=13362"},{"taxonomy":"post_tag","embeddable":true,"href":"https:\/\/nakanarach.pl\/index.php\/wp-json\/wp\/v2\/tags?post=13362"}],"curies":[{"name":"wp","href":"https:\/\/api.w.org\/{rel}","templated":true}]}}