{"id":13390,"date":"2026-03-03T08:31:39","date_gmt":"2026-03-03T08:31:39","guid":{"rendered":"https:\/\/nakanarach.pl\/?p=13390"},"modified":"2026-03-10T08:54:32","modified_gmt":"2026-03-10T08:54:32","slug":"znana-prezenterka-swietowala-urodziny-na-kanarach","status":"publish","type":"post","link":"https:\/\/nakanarach.pl\/index.php\/2026\/03\/03\/znana-prezenterka-swietowala-urodziny-na-kanarach\/","title":{"rendered":"ZNANA PREZENTERKA \u015aWI\u0118TOWA\u0141A URODZINY NA KANARACH"},"content":{"rendered":"\n<p><br><strong>GRAN CANARIA: Znana i lubiana prezenterka telewizyjna Dorota Wellman \u015bwi\u0119towa\u0142a swoje 65. urodziny w Maspalomas na Gran Canarii.<\/strong><br>Z tej okazji jej redakcyjny kolega Krzysztof Sk\u00f3rzy\u0144ski wybra\u0142 si\u0119 wraz z ekip\u0105 tv  na Wyspy Kanaryjskie, aby 3 marca &#8211; w dniu urodzin &#8211; zrobi\u0107 jej niespodziank\u0119. Ubra\u0142 si\u0119 w hiszpa\u0144ski str\u00f3j i tu\u017c przy latarni Faro przywita\u0142 j\u0105 bukietem kwiat\u00f3w, przygrywaj\u0105c przy tym na gitarze. <br>Foto. Kadr\u00a0<a href=\"https:\/\/www.facebook.com\/DzienDobryTVN?__tn__=-]K*F\">Dzie\u0144 Dobry TVN<\/a><\/p>\n","protected":false},"excerpt":{"rendered":"<p>GRAN CANARIA: Znana i lubiana prezenterka telewizyjna Dorota Wellman \u015bwi\u0119towa\u0142a swoje 65. urodziny w Maspalomas na Gran Canarii.Z tej okazji jej redakcyjny kolega Krzysztof Sk\u00f3rzy\u0144ski wybra\u0142 si\u0119 wraz z ekip\u0105 tv na Wyspy Kanaryjskie, aby 3 marca &#8211; w dniu urodzin &#8211; zrobi\u0107 jej niespodziank\u0119. Ubra\u0142 si\u0119 w hiszpa\u0144ski str\u00f3j i tu\u017c przy latarni Faro [&hellip;]<\/p>\n","protected":false},"author":4,"featured_media":13391,"comment_status":"closed","ping_status":"open","sticky":false,"template":"","format":"standard","meta":{"om_disable_all_campaigns":false,"_monsterinsights_skip_tracking":false,"_monsterinsights_sitenote_active":false,"_monsterinsights_sitenote_note":"","_monsterinsights_sitenote_category":0,"footnotes":""},"categories":[56],"tags":[],"class_list":["post-13390","post","type-post","status-publish","format-standard","has-post-thumbnail","hentry","category-celebryci-na-kanarach"],"aioseo_notices":[],"blog_post_layout_featured_media_urls":{"thumbnail":["https:\/\/nakanarach.pl\/wp-content\/uploads\/2026\/03\/Dorota-Wellman_11zon-150x150.jpg",150,150,true],"full":["https:\/\/nakanarach.pl\/wp-content\/uploads\/2026\/03\/Dorota-Wellman_11zon-scaled.jpg",2560,1484,false]},"categories_names":{"56":{"name":"Celebryci na Kanarach","link":"https:\/\/nakanarach.pl\/index.php\/category\/kultura\/celebryci-na-kanarach\/"}},"tags_names":[],"comments_number":"0","wpmagazine_modules_lite_featured_media_urls":{"thumbnail":["https:\/\/nakanarach.pl\/wp-content\/uploads\/2026\/03\/Dorota-Wellman_11zon-150x150.jpg",150,150,true],"cvmm-medium":["https:\/\/nakanarach.pl\/wp-content\/uploads\/2026\/03\/Dorota-Wellman_11zon-300x300.jpg",300,300,true],"cvmm-medium-plus":["https:\/\/nakanarach.pl\/wp-content\/uploads\/2026\/03\/Dorota-Wellman_11zon-305x207.jpg",305,207,true],"cvmm-portrait":["https:\/\/nakanarach.pl\/wp-content\/uploads\/2026\/03\/Dorota-Wellman_11zon-400x600.jpg",400,600,true],"cvmm-medium-square":["https:\/\/nakanarach.pl\/wp-content\/uploads\/2026\/03\/Dorota-Wellman_11zon-600x600.jpg",600,600,true],"cvmm-large":["https:\/\/nakanarach.pl\/wp-content\/uploads\/2026\/03\/Dorota-Wellman_11zon-1024x1024.jpg",1024,1024,true],"cvmm-small":["https:\/\/nakanarach.pl\/wp-content\/uploads\/2026\/03\/Dorota-Wellman_11zon-130x95.jpg",130,95,true],"full":["https:\/\/nakanarach.pl\/wp-content\/uploads\/2026\/03\/Dorota-Wellman_11zon-scaled.jpg",2560,1484,false]},"_links":{"self":[{"href":"https:\/\/nakanarach.pl\/index.php\/wp-json\/wp\/v2\/posts\/13390","targetHints":{"allow":["GET"]}}],"collection":[{"href":"https:\/\/nakanarach.pl\/index.php\/wp-json\/wp\/v2\/posts"}],"about":[{"href":"https:\/\/nakanarach.pl\/index.php\/wp-json\/wp\/v2\/types\/post"}],"author":[{"embeddable":true,"href":"https:\/\/nakanarach.pl\/index.php\/wp-json\/wp\/v2\/users\/4"}],"replies":[{"embeddable":true,"href":"https:\/\/nakanarach.pl\/index.php\/wp-json\/wp\/v2\/comments?post=13390"}],"version-history":[{"count":2,"href":"https:\/\/nakanarach.pl\/index.php\/wp-json\/wp\/v2\/posts\/13390\/revisions"}],"predecessor-version":[{"id":13394,"href":"https:\/\/nakanarach.pl\/index.php\/wp-json\/wp\/v2\/posts\/13390\/revisions\/13394"}],"wp:featuredmedia":[{"embeddable":true,"href":"https:\/\/nakanarach.pl\/index.php\/wp-json\/wp\/v2\/media\/13391"}],"wp:attachment":[{"href":"https:\/\/nakanarach.pl\/index.php\/wp-json\/wp\/v2\/media?parent=13390"}],"wp:term":[{"taxonomy":"category","embeddable":true,"href":"https:\/\/nakanarach.pl\/index.php\/wp-json\/wp\/v2\/categories?post=13390"},{"taxonomy":"post_tag","embeddable":true,"href":"https:\/\/nakanarach.pl\/index.php\/wp-json\/wp\/v2\/tags?post=13390"}],"curies":[{"name":"wp","href":"https:\/\/api.w.org\/{rel}","templated":true}]}}