{"id":13410,"date":"2026-03-12T07:47:05","date_gmt":"2026-03-12T07:47:05","guid":{"rendered":"https:\/\/nakanarach.pl\/?p=13410"},"modified":"2026-03-13T09:43:40","modified_gmt":"2026-03-13T09:43:40","slug":"przygotowuja-sie-na-wypadek-erupcji-wulkanu","status":"publish","type":"post","link":"https:\/\/nakanarach.pl\/index.php\/2026\/03\/12\/przygotowuja-sie-na-wypadek-erupcji-wulkanu\/","title":{"rendered":"PRZYGOTOWUJ\u0104 SI\u0118 NA WYPADEK ERUPCJI WULKANU"},"content":{"rendered":"\n<p><strong>TENERYFA: Naukowcy coraz cz\u0119\u015bciej wskazuj\u0105, \u017ce obecne procesy wulkaniczne na najwi\u0119kszej kanaryjskiej wyspie \u201enie s\u0105 czym\u015b normalnym\u201d. W marcu zanotowano kolejne wstrz\u0105sy. Rada Miasta Santa Cruz de Tenerife przygotowuje plan ewakuacyjny i mo\u017cliwo\u015bci zapewnienia zakwaterowania mieszka\u0144com z innych gmin w przypadku wybuchu wulkanu Teide. <\/strong><\/p>\n\n\n\n<p>W lutym 2026 r. na odwiedzanej przez ok. 8 mln turyst\u00f3w rocznie Teneryfie zanotowano prawie 7 tys. mikrotrz\u0119sie\u0144 ziemi. Jak poda\u0142 Narodowy Instytut Geograficzny (IGN), 26 lutego wyst\u0105pi\u0142o najsilniejsze od kilku lat trz\u0119sienie &#8211; 4,1 w skali Richtera. Jego epicentrum pojawi\u0142o si\u0119 na g\u0142\u0119boko\u015bci 10 kilometr\u00f3w w Volc\u00e1n de Enmedio \u2013 podwodnym wulkanie na Oceanie Atlantyckim, po\u0142o\u017conym w strefie uskoku mi\u0119dzy obiema wyspami.<\/p>\n\n\n\n<p>Wstrz\u0105sy zarejestrowano w ponad stu miejscach Teneryfy i Gran Canarii. Mieszka\u0144cy zg\u0142aszali, \u017ce odczuwali lekkie ko\u0142ysanie i poruszanie si\u0119 przedmiot\u00f3w oraz umiarkowane wstrz\u0105sy wewn\u0105trz budynk\u00f3w, zw\u0142aszcza na wy\u017cszych pi\u0119trach. Na najwi\u0119kszej kanaryjskiej wyspie Teneryfie trz\u0119sienia zg\u0142aszano tak\u017ce w popularnych turystycznych miejscowo\u015bciach zar\u00f3wno na p\u00f3\u0142nocy, jak i po\u0142udniu: La Orotava, Los Realejos, Santa Cruz, G\u00fc\u00edmar, Arafo, Arico, Santa \u00darsula. W kilkudziesi\u0119ciu innych lokalizacjach na Teneryfie odnotowano \u0142agodne wstrz\u0105sy, w tym w znanych kurortach: Arona (Buzanada, Palm-Mar, Cho, Guaza i Los Cristianos), Granadilla (Cruz de Tea, San Isidro), San Miguel (Guargacho), Granadilla (El M\u00e9dano, Chimiche, El Salto), Gu\u00eda de Isora (Ch\u00edo) i Santiago del Teide (Puerto de Santiago). Z kolei na s\u0105siedniej Gran Canarii wstrz\u0105sy pojawi\u0142y si\u0119: Las Palmas, G\u00e1ldar, Agaete, Valsequillo i San Mateo, a tak\u017ce w najpopularniejszych miejscach odwiedzanych co roku przez miliony turyst\u00f3w na po\u0142udniu wyspy: Maspalomas i Mog\u00e1n.<\/p>\n\n\n\n<p>Z kolei jak poda\u0142 Narodowy Instytut Geograficzny (IGN) najsilniejsze trz\u0119sienie w ostatnich dniach (o magnitudzie 2,8 w skali Richtera), zarejestrowano 9 marca w Atlantyku mi\u0119dzy Teneryf\u0105 a Gran Canari\u0105. Natomiast 5 i 6 marca 2026 r. odnotowano 65 niewielkich wstrz\u0105s\u00f3w o magnitudzie poni\u017cej 1,6, a 7 marca w pobli\u017cu La Orotava na p\u00f3\u0142nocy Teneryfy zarejestrowano o sile 2,3 w skali Richtera, 11 marca o magnitudzie 1,5 w rejonie Vilaflor de Chasna na g\u0142\u0119boko\u015bci 14 kilometr\u00f3w. 10 marca podobne &#8211; cho\u0107 o ma\u0142ej intensywno\u015bci &#8211; zdarzenie by\u0142o w rejonie Frontery na s\u0105siedniej niewielkiej wyspie El Hierro oraz na oceanie, pomi\u0119dzy Teneryf\u0105 a Gran Canari\u0105. Nie by\u0142o jednak zg\u0142osze\u0144 od mieszka\u0144c\u00f3w, aby to odczuwali. <\/p>\n\n\n\n<p>Pomimo tego ta sytuacja coraz bardziej niepokoi naukowc\u00f3w i w\u0142adze lokalne stolicy Teneryfy &#8211; Santa Cruz, kt\u00f3re staraj\u0105 si\u0119 zwi\u0119kszy\u0107 swoje mo\u017cliwo\u015bci i przygotowa\u0107 si\u0119 na wypadek sytuacji kryzysowej.<\/p>\n\n\n\n<p>Burmistrz Santa Cruz, Jos\u00e9 Manuel Berm\u00fadez, og\u0142osi\u0142 utworzenie specjalistycznego&nbsp;wydzia\u0142u technicznego, kt\u00f3rego zadaniem b\u0119dzie opracowanie planu dzia\u0142ania na wypadek potencjalnej erupcji wulkanu. Podkre\u015bli\u0142 on, \u017ce ryzyko bezpo\u015bredniego oddzia\u0142ywania wybuchu wulkanu Teide na stolic\u0119 jest niewielkie, jednak miasto przygotowuje si\u0119 na ewentualno\u015b\u0107 wsparcia innych obszar\u00f3w Teneryfy.<\/p>\n\n\n\n<p>Wed\u0142ug Berm\u00fadeza to w\u0142asnie stolica wyspy mo\u017ce odegra\u0107 kluczow\u0105 rol\u0119 w udzielaniu pomocy pobliskim gminom poprzez przyjmowanie ewakuowanych i zapewnienie ci\u0105g\u0142o\u015bci podstawowych us\u0142ug, takich jak dostawy wody.<\/p>\n\n\n\n<p>Nowo utworzony wydzia\u0142 b\u0119dzie doradza\u0142 burmistrzowi poprzez analiz\u0119 mo\u017cliwych scenariuszy, proponowanie \u015brodk\u00f3w zapobiegawczych i koordynowanie dzia\u0142a\u0144 organizacyjnych i logistycznych na wypadek wyst\u0105pienia aktywno\u015bci wulkanicznej.<\/p>\n\n\n\n<p>Burmistrz wyja\u015bni\u0142, \u017ce zdolno\u015b\u0107 miasta do reagowania b\u0119dzie w du\u017cej mierze zale\u017ce\u0107 od skali ewentualnej erupcji. Uwa\u017ca, \u017ce \u200b\u200bw przypadku \u201enormalnej\u201d erupcji wulkanicznej stolica dysponuje wystarczaj\u0105c\u0105 infrastruktur\u0105, aby pomie\u015bci\u0107 ewakuowanych mieszka\u0144c\u00f3w. Jednak w przypadku znacznie wi\u0119kszej lub wyj\u0105tkowej erupcji, mo\u017cliwo\u015bci miasta s\u0105 mniej pewne.<\/p>\n\n\n\n<ul class=\"wp-block-list\">\n<li>Nie wiemy, jak to si\u0119 stanie, jak si\u0119 to rozwinie i kiedy mo\u017ce nast\u0105pi\u0107 &#8211; m\u00f3wi Berm\u00fadez, podkre\u015blaj\u0105c, \u017ce rada stosuje podej\u015bcie zapobiegawcze.<\/li>\n<\/ul>\n\n\n\n<p>Doda\u0142, \u017ce naukowcy wskazuj\u0105, \u017ce obecne procesy wulkaniczne na wyspie \u201enie s\u0105 czym\u015b normalnym\u201d, co sprawia, \u017ce \u200b\u200bkonieczne jest przygotowanie si\u0119 na wiele mo\u017cliwych scenariuszy, zar\u00f3wno pod wzgl\u0119dem czasu wyst\u0105pienia, jak i intensywno\u015bci.<\/p>\n\n\n\n<p>Wulkanolodzy uspokajaj\u0105, \u017ce niedawne roje sejsmiczne na Teneryfie nie oznaczaj\u0105 wi\u0119kszego prawdopodobie\u0144stwa erupcji w perspektywie kr\u00f3tko i \u015brednioterminowej. Ich zdaniem w najbli\u017cszych miesi\u0105cach czy latach prawdopodobnie nie dojdzie do wybuchu na najwy\u017cszym szczycie Hiszpanii &#8211; Teide, to jednak ta sytuacja mo\u017ce si\u0119 zmieni\u0107 i jest obecnie monitorowana przez 24 godziny na dob\u0119 poprzez 100 czujnik\u00f3w zainstalowanych na tej wyspie.<\/p>\n\n\n\n<p>CZYTAJ WI\u0118CEJ NA PORTALU WIRTUALNA POLSKA: <\/p>\n\n\n\n<p><a href=\"https:\/\/turystyka.wp.pl\/s\/nakanarach-pl\/przygotowuja-sie-na-najgorsze-sytuacje-monitoruje-100-czujnikow-przez-cala-dobe-7263515996514656a\">https:\/\/turystyka.wp.pl\/s\/nakanarach-pl\/przygotowuja-sie-na-najgorsze-sytuacje-monitoruje-100-czujnikow-przez-cala-dobe-7263515996514656a<\/a><\/p>\n\n\n\n<p>Foto: Archiwum NaKanarach.pl<\/p>\n","protected":false},"excerpt":{"rendered":"<p>TENERYFA: Naukowcy coraz cz\u0119\u015bciej wskazuj\u0105, \u017ce obecne procesy wulkaniczne na najwi\u0119kszej kanaryjskiej wyspie \u201enie s\u0105 czym\u015b normalnym\u201d. W marcu zanotowano kolejne wstrz\u0105sy. Rada Miasta Santa Cruz de Tenerife przygotowuje plan ewakuacyjny i mo\u017cliwo\u015bci zapewnienia zakwaterowania mieszka\u0144com z innych gmin w przypadku wybuchu wulkanu Teide. W lutym 2026 r. na odwiedzanej przez ok. 8 mln turyst\u00f3w [&hellip;]<\/p>\n","protected":false},"author":4,"featured_media":8880,"comment_status":"closed","ping_status":"open","sticky":false,"template":"","format":"standard","meta":{"om_disable_all_campaigns":false,"_monsterinsights_skip_tracking":false,"_monsterinsights_sitenote_active":false,"_monsterinsights_sitenote_note":"","_monsterinsights_sitenote_category":0,"footnotes":""},"categories":[12],"tags":[],"class_list":["post-13410","post","type-post","status-publish","format-standard","has-post-thumbnail","hentry","category-aktualnosci"],"aioseo_notices":[],"blog_post_layout_featured_media_urls":{"thumbnail":["https:\/\/nakanarach.pl\/wp-content\/uploads\/2024\/11\/Teneryfa-Snieg-Teide-150x150.jpg",150,150,true],"full":["https:\/\/nakanarach.pl\/wp-content\/uploads\/2024\/11\/Teneryfa-Snieg-Teide.jpg",2048,1542,false]},"categories_names":{"12":{"name":"Aktualno\u015bci","link":"https:\/\/nakanarach.pl\/index.php\/category\/aktualnosci\/"}},"tags_names":[],"comments_number":"0","wpmagazine_modules_lite_featured_media_urls":{"thumbnail":["https:\/\/nakanarach.pl\/wp-content\/uploads\/2024\/11\/Teneryfa-Snieg-Teide-150x150.jpg",150,150,true],"cvmm-medium":["https:\/\/nakanarach.pl\/wp-content\/uploads\/2024\/11\/Teneryfa-Snieg-Teide-300x300.jpg",300,300,true],"cvmm-medium-plus":["https:\/\/nakanarach.pl\/wp-content\/uploads\/2024\/11\/Teneryfa-Snieg-Teide-305x207.jpg",305,207,true],"cvmm-portrait":["https:\/\/nakanarach.pl\/wp-content\/uploads\/2024\/11\/Teneryfa-Snieg-Teide-400x600.jpg",400,600,true],"cvmm-medium-square":["https:\/\/nakanarach.pl\/wp-content\/uploads\/2024\/11\/Teneryfa-Snieg-Teide-600x600.jpg",600,600,true],"cvmm-large":["https:\/\/nakanarach.pl\/wp-content\/uploads\/2024\/11\/Teneryfa-Snieg-Teide-1024x1024.jpg",1024,1024,true],"cvmm-small":["https:\/\/nakanarach.pl\/wp-content\/uploads\/2024\/11\/Teneryfa-Snieg-Teide-130x95.jpg",130,95,true],"full":["https:\/\/nakanarach.pl\/wp-content\/uploads\/2024\/11\/Teneryfa-Snieg-Teide.jpg",2048,1542,false]},"_links":{"self":[{"href":"https:\/\/nakanarach.pl\/index.php\/wp-json\/wp\/v2\/posts\/13410","targetHints":{"allow":["GET"]}}],"collection":[{"href":"https:\/\/nakanarach.pl\/index.php\/wp-json\/wp\/v2\/posts"}],"about":[{"href":"https:\/\/nakanarach.pl\/index.php\/wp-json\/wp\/v2\/types\/post"}],"author":[{"embeddable":true,"href":"https:\/\/nakanarach.pl\/index.php\/wp-json\/wp\/v2\/users\/4"}],"replies":[{"embeddable":true,"href":"https:\/\/nakanarach.pl\/index.php\/wp-json\/wp\/v2\/comments?post=13410"}],"version-history":[{"count":5,"href":"https:\/\/nakanarach.pl\/index.php\/wp-json\/wp\/v2\/posts\/13410\/revisions"}],"predecessor-version":[{"id":13430,"href":"https:\/\/nakanarach.pl\/index.php\/wp-json\/wp\/v2\/posts\/13410\/revisions\/13430"}],"wp:featuredmedia":[{"embeddable":true,"href":"https:\/\/nakanarach.pl\/index.php\/wp-json\/wp\/v2\/media\/8880"}],"wp:attachment":[{"href":"https:\/\/nakanarach.pl\/index.php\/wp-json\/wp\/v2\/media?parent=13410"}],"wp:term":[{"taxonomy":"category","embeddable":true,"href":"https:\/\/nakanarach.pl\/index.php\/wp-json\/wp\/v2\/categories?post=13410"},{"taxonomy":"post_tag","embeddable":true,"href":"https:\/\/nakanarach.pl\/index.php\/wp-json\/wp\/v2\/tags?post=13410"}],"curies":[{"name":"wp","href":"https:\/\/api.w.org\/{rel}","templated":true}]}}