{"id":13418,"date":"2026-03-13T07:33:51","date_gmt":"2026-03-13T07:33:51","guid":{"rendered":"https:\/\/nakanarach.pl\/?p=13418"},"modified":"2026-03-13T08:07:54","modified_gmt":"2026-03-13T08:07:54","slug":"niebezpieczny-parzydelkowiec-na-plazach","status":"publish","type":"post","link":"https:\/\/nakanarach.pl\/index.php\/2026\/03\/13\/niebezpieczny-parzydelkowiec-na-plazach\/","title":{"rendered":"NIEBEZPIECZNY PARZYDE\u0141KOWIEC NA PLA\u017bACH"},"content":{"rendered":"\n<p><strong>FUERTEVENTURA\/LANZAROTE: Niebezpieczny<\/strong> <strong>\u017ceglarz portugalski zosta\u0142 ponownie zauwa\u017cony u p\u00f3\u0142nocnych wybrze\u017cy Wysp Kanaryjskich. W marcu zauwa\u017cono go w okolicach znanych i licznie odwiedzanych przez miliony turyst\u00f3w wysp Lanzarote i Fuerteventura.<\/strong><\/p>\n\n\n\n<p>Silne zimowe sztormy, pr\u0105dy morskie i fale dochodz\u0105ce na archipelagu do 5 &#8211; 7 metr\u00f3w wysoko\u015bci, kt\u00f3re w ci\u0105gu ostatnich kilku dni nawiedzi\u0142y Wyspy Kanaryjskie, przybli\u017cy\u0142y niebezpieczny organizm morski do brzegu. Warunki te cz\u0119sto spychaj\u0105 te stworzenia z otwartego oceanu w kierunku wybrze\u017ca. W przeciwie\u0144stwie do wielu stworze\u0144 morskich, \u017ceglarz portugalski nie  p\u0142ywa\u0107 ani kontrolowa\u0107 swoich ruch\u00f3w. Zazwyczaj \u017cyje daleko w morzu, unosz\u0105c si\u0119 na powierzchni i dryfuj\u0105c z pr\u0105dami oceanicznymi i wiatrami.<\/p>\n\n\n\n<p>Zamieszkuje g\u0142\u00f3wnie ciep\u0142e wody ocean\u00f3w (Atlantyk, Pacyfik, Ocean Indyjski), cho\u0107 w wyniku pr\u0105d\u00f3w czasami bywa wyrzucany na brzegi Europy, np. we Francji, Portugalii i Hiszpanii.<\/p>\n\n\n\n<p>W\u0142adze apeluj\u0105 o ostro\u017cno\u015b\u0107 podczas p\u0142ywania, poniewa\u017c kontakt z d\u0142ugimi mackami tego parzyde\u0142kowca mo\u017ce spowodowa\u0107 bardzo bolesne u\u017c\u0105dlenie. Macki mog\u0105 si\u0119ga\u0107 kilku metr\u00f3w pod powierzchni\u0105 wody i trudno je dostrzec.<\/p>\n\n\n\n<p>Niebieskawy \u017ceglarz portugalski jest cz\u0119sto mylony z meduz\u0105. W rzeczywisto\u015bci jest syfonoforem (p\u0142ywaj\u0105c\u0105 koloni\u0105 organizm\u00f3w, kt\u00f3re funkcjonuj\u0105 razem jako jeden organizm). \u0141atwo go rozpozna\u0107 po ma\u0142ej, fioletowej, przypominaj\u0105cej balonik p\u0142ywaczce, kt\u00f3ra unosi si\u0119 na powierzchni morza, z ci\u0105gn\u0105cymi si\u0119 pod spodem parzyde\u0142kowymi mackami.<\/p>\n\n\n\n<p>Jad uwalnia si\u0119 automatycznie w momencie kontaktu. Chocia\u017c u\u017c\u0105dlenia rzadko s\u0105 \u015bmiertelne, mog\u0105 by\u0107 niebezpieczne dla ma\u0142ych dzieci i os\u00f3b cierpi\u0105cych na reakcje alergiczne.<\/p>\n\n\n\n<p>Do typowych objaw\u00f3w nale\u017c\u0105 silny b\u00f3l w miejscu u\u017c\u0105dlenia, nudno\u015bci, wymioty i gor\u0105czka. W przypadku wyst\u0105pienia silnej reakcji zaleca si\u0119 natychmiastow\u0105 pomoc lekarsk\u0105.<\/p>\n\n\n\n<p>Foto: Noticias Fuerteventura<\/p>\n","protected":false},"excerpt":{"rendered":"<p>FUERTEVENTURA\/LANZAROTE: Niebezpieczny \u017ceglarz portugalski zosta\u0142 ponownie zauwa\u017cony u p\u00f3\u0142nocnych wybrze\u017cy Wysp Kanaryjskich. W marcu zauwa\u017cono go w okolicach znanych i licznie odwiedzanych przez miliony turyst\u00f3w wysp Lanzarote i Fuerteventura. Silne zimowe sztormy, pr\u0105dy morskie i fale dochodz\u0105ce na archipelagu do 5 &#8211; 7 metr\u00f3w wysoko\u015bci, kt\u00f3re w ci\u0105gu ostatnich kilku dni nawiedzi\u0142y Wyspy Kanaryjskie, przybli\u017cy\u0142y [&hellip;]<\/p>\n","protected":false},"author":4,"featured_media":13419,"comment_status":"closed","ping_status":"open","sticky":false,"template":"","format":"standard","meta":{"om_disable_all_campaigns":false,"_monsterinsights_skip_tracking":false,"_monsterinsights_sitenote_active":false,"_monsterinsights_sitenote_note":"","_monsterinsights_sitenote_category":0,"footnotes":""},"categories":[12],"tags":[],"class_list":["post-13418","post","type-post","status-publish","format-standard","has-post-thumbnail","hentry","category-aktualnosci"],"aioseo_notices":[],"blog_post_layout_featured_media_urls":{"thumbnail":["https:\/\/nakanarach.pl\/wp-content\/uploads\/2026\/03\/Zeglarz-portugalski-Noticias-Fuerteventura-150x150.webp",150,150,true],"full":["https:\/\/nakanarach.pl\/wp-content\/uploads\/2026\/03\/Zeglarz-portugalski-Noticias-Fuerteventura.webp",900,600,false]},"categories_names":{"12":{"name":"Aktualno\u015bci","link":"https:\/\/nakanarach.pl\/index.php\/category\/aktualnosci\/"}},"tags_names":[],"comments_number":"0","wpmagazine_modules_lite_featured_media_urls":{"thumbnail":["https:\/\/nakanarach.pl\/wp-content\/uploads\/2026\/03\/Zeglarz-portugalski-Noticias-Fuerteventura-150x150.webp",150,150,true],"cvmm-medium":["https:\/\/nakanarach.pl\/wp-content\/uploads\/2026\/03\/Zeglarz-portugalski-Noticias-Fuerteventura-300x300.webp",300,300,true],"cvmm-medium-plus":["https:\/\/nakanarach.pl\/wp-content\/uploads\/2026\/03\/Zeglarz-portugalski-Noticias-Fuerteventura-305x207.webp",305,207,true],"cvmm-portrait":["https:\/\/nakanarach.pl\/wp-content\/uploads\/2026\/03\/Zeglarz-portugalski-Noticias-Fuerteventura-400x600.webp",400,600,true],"cvmm-medium-square":["https:\/\/nakanarach.pl\/wp-content\/uploads\/2026\/03\/Zeglarz-portugalski-Noticias-Fuerteventura-600x600.webp",600,600,true],"cvmm-large":["https:\/\/nakanarach.pl\/wp-content\/uploads\/2026\/03\/Zeglarz-portugalski-Noticias-Fuerteventura.webp",900,600,false],"cvmm-small":["https:\/\/nakanarach.pl\/wp-content\/uploads\/2026\/03\/Zeglarz-portugalski-Noticias-Fuerteventura-130x95.webp",130,95,true],"full":["https:\/\/nakanarach.pl\/wp-content\/uploads\/2026\/03\/Zeglarz-portugalski-Noticias-Fuerteventura.webp",900,600,false]},"_links":{"self":[{"href":"https:\/\/nakanarach.pl\/index.php\/wp-json\/wp\/v2\/posts\/13418","targetHints":{"allow":["GET"]}}],"collection":[{"href":"https:\/\/nakanarach.pl\/index.php\/wp-json\/wp\/v2\/posts"}],"about":[{"href":"https:\/\/nakanarach.pl\/index.php\/wp-json\/wp\/v2\/types\/post"}],"author":[{"embeddable":true,"href":"https:\/\/nakanarach.pl\/index.php\/wp-json\/wp\/v2\/users\/4"}],"replies":[{"embeddable":true,"href":"https:\/\/nakanarach.pl\/index.php\/wp-json\/wp\/v2\/comments?post=13418"}],"version-history":[{"count":3,"href":"https:\/\/nakanarach.pl\/index.php\/wp-json\/wp\/v2\/posts\/13418\/revisions"}],"predecessor-version":[{"id":13428,"href":"https:\/\/nakanarach.pl\/index.php\/wp-json\/wp\/v2\/posts\/13418\/revisions\/13428"}],"wp:featuredmedia":[{"embeddable":true,"href":"https:\/\/nakanarach.pl\/index.php\/wp-json\/wp\/v2\/media\/13419"}],"wp:attachment":[{"href":"https:\/\/nakanarach.pl\/index.php\/wp-json\/wp\/v2\/media?parent=13418"}],"wp:term":[{"taxonomy":"category","embeddable":true,"href":"https:\/\/nakanarach.pl\/index.php\/wp-json\/wp\/v2\/categories?post=13418"},{"taxonomy":"post_tag","embeddable":true,"href":"https:\/\/nakanarach.pl\/index.php\/wp-json\/wp\/v2\/tags?post=13418"}],"curies":[{"name":"wp","href":"https:\/\/api.w.org\/{rel}","templated":true}]}}