{"id":13422,"date":"2026-03-17T08:10:44","date_gmt":"2026-03-17T08:10:44","guid":{"rendered":"https:\/\/nakanarach.pl\/?p=13422"},"modified":"2026-03-18T08:58:05","modified_gmt":"2026-03-18T08:58:05","slug":"rekordowa-ilosc-burz-i-alert","status":"publish","type":"post","link":"https:\/\/nakanarach.pl\/index.php\/2026\/03\/17\/rekordowa-ilosc-burz-i-alert\/","title":{"rendered":"REKORDOWA ILO\u015a\u0106 BURZ I ALERT"},"content":{"rendered":"\n<p><br><strong>HISZPANIA\/WYSPY KANARYJSKIE: Ten rajski archipelag zako\u0144czy sezon zimowy 2025 &#8211; 2026 z rekordow\u0105 ilo\u015bci\u0105 burz, co zdaniem meteorolog\u00f3w jest zwi\u0105zane ze zmianami klimatu i cz\u0119stszymi opadami deszczu, co wcze\u015bniej by\u0142o stosunkowo rzadkie, a niekt\u00f3re obszary wr\u0119cz zmaga\u0142y si\u0119 z ekstremaln\u0105 susz\u0105. Nie lepiej pod wzgl\u0119dem burz by\u0142o tak\u017ce w kontynentalnej Hiszpanii. W\u0142adze Wysp Kanaryjskich wyda\u0142y kolejny alert przed niebezpiecznym szkwa\u0142em, odwo\u0142a\u0142y imprezy plenerowe i zamkn\u0119\u0142y niekt\u00f3re drogi i szlaki turystyczne oraz Park Narodowy Teide. <\/strong><\/p>\n\n\n\n<p>Meteorolodzy wskazuj\u0105, \u017ce zbli\u017caj\u0105cy si\u0119 uk\u0142ad niskiego ci\u015bnienia przesuwa si\u0119 na po\u0142udnie od p\u00f3\u0142nocnego Atlantyku i ustawi si\u0119 na zach\u00f3d od Madery, a nast\u0119pnie stopniowo przesunie si\u0119 na po\u0142udniowy wsch\u00f3d w stron\u0119 Wysp Kanaryjskich.<\/p>\n\n\n\n<p>Nowy atlantycki uk\u0142ad pogodowy przyniesie kilka dni niespokojnych warunk\u00f3w atmosferycznych w kontynentalnej Hiszpanii oraz na Wyspach Kanaryjskich. Prognozy pogody przewiduj\u0105 obfite i ulewne opady deszczu, lokalne podtopienia, silne wiatry, a nawet opady \u015bniegu na najwy\u017cszych szczytach. W\u0142adze wprowadzi\u0142y \u017c\u00f3\u0142te ostrze\u017cenia na Teneryfie, Gran Canarii, La Palmie i El Hierro. W\u0142adze Teneryfy og\u0142osi\u0142y stan wyj\u0105tkowy na ca\u0142ej wyspie, co oznacza od godz. 15 w dniu 18 marca: odwo\u0142anie imprez plenerowych, zawieszenie zaj\u0119\u0107 na \u015bwie\u017cym powietrzu oraz zamkni\u0119cie niekt\u00f3rych dr\u00f3g m.in. ze wzgl\u0119du na mo\u017cliwe osuwiska skalne np. drogi TF-445 prowadz\u0105cej do Punta de Teno. Wprowadzono zakaz wst\u0119pu na szlaki turystyczne, \u015bcie\u017cki le\u015bne i tereny rekreacyjne oraz zamkni\u0119cie Parku Narodowego Teide z powodu \u015bniegu (od wysoko\u015bci 1800 m n.p.m.)<\/p>\n\n\n\n<p>Wed\u0142ug prognoz europejskiego modelu pogody (ECMWF) silna burza &#8222;Samuel&#8221; dotrze na archipelag w godzinach popo\u0142udniowych, 17 marca i mo\u017ce potrwa\u0107 do 22 marca, a temperatury w dzie\u0144 mog\u0105 spa\u015b\u0107 poni\u017cej 20 stopni Celsjusza w po\u0142udniowych kurortach turystycznych. Zgodnie z ocen\u0105 meteorologa Mario Picazo na portalu eltiempo.es od 18 marca mo\u017cna spodziewa\u0107 nasilania si\u0119 si\u0142y wiatru z kierunku zachodniego na wszystkich wyspach, cho\u0107 pocz\u0105tkowo najbardziej odczuj\u0105 go mieszka\u0144cy i tury\u015bci na wyspach zachodnich np. Teneryfa i La Palma. Jego zdaniem spodziewane s\u0105 porywy, kt\u00f3re przekrocz\u0105 100 kilometr\u00f3w na godzin\u0119, ale pojawi\u0105 si\u0119 tak\u017ce bardzo wysokie fale i sztorm, co mo\u017ce by\u0107 du\u017cym zagro\u017ceniem dla os\u00f3b p\u0142ywaj\u0105cych w Oceanie Atlantyckim. <\/p>\n\n\n\n<p>Pierwsze deszcze spodziewane s\u0105 na Teneryfie i zachodnich wyspach, a nast\u0119pnie stopniowo rozprzestrzeni\u0105 si\u0119 na wsch\u00f3d, obejmuj\u0105c reszt\u0119 archipelagu w ci\u0105gu kolejnych kilku dni. Najwi\u0119ksze opady nawet do 150 litr\u00f3w na metr kwadratowy spodziewane s\u0105 na La Palmie i Gran Canarii. Z kolei w kontynentalnej Hiszpanii ulewne deszcze spodziewane s\u0105 w prowincjach: Andaluzja, La Mancha, Estremadura i Leon. <\/p>\n\n\n\n<p>Mo\u017cliwe s\u0105 r\u00f3wnie\u017c &#8211; po raz trzeci w tym sezonie zimowym &#8211; opady \u015bniegu na najwy\u017cszych szczytach Teneryfy. <\/p>\n\n\n\n<p>Wed\u0142ug analiz Pa\u0144stwowej Agencji Meteorologicznej (AEMET), archipelag do\u015bwiadczy\u0142 trzech silnych uk\u0142ad\u00f3w burzowych w ci\u0105gu tej zimy i sze\u015b\u0107 rok do roku (nie wliczaj\u0105c obecnej burzy &#8222;Samuel&#8221;), co jest liczb\u0105 bezprecedensow\u0105 dla wysp reklamowanych cz\u0119sto sloganem: &#8222;S\u0142o\u0144ce przez ca\u0142y rok&#8221;. Jednak ta pora roku by\u0142a nieco ch\u0142odniejsza, a na szczytach La Palmy, Teneryfy i Gran Canarii spad\u0142 kilkukrotnie \u015bnieg, co dla mieszka\u0144c\u00f3w archipelagu by\u0142o olbrzymi\u0105 sensacj\u0105 i atrakcj\u0105. Temperatury w g\u00f3rach spad\u0142y do minus 5 stopni.<\/p>\n\n\n\n<p>Pocz\u0105tek zimy by\u0142 zauwa\u017calnie ch\u0142odniejszy. Przez ca\u0142y grudzie\u0144 i wi\u0119kszo\u015b\u0107 stycznia temperatury utrzymywa\u0142y si\u0119 poni\u017cej \u015bredniej. Najni\u017csza anomalia wyst\u0105pi\u0142a 13 grudnia, kiedy to podczas przej\u015bcia burzy Emilia temperatura spad\u0142a o 4,4 stopnie Celsjusza poni\u017cej normy. Jednak w lutym tendencja uleg\u0142a zmianie, kiedy temperatury wzros\u0142y powy\u017cej \u015bredniej (19-21 stopni Celsjusza). Najcieplejsz\u0105 anomali\u0119 odnotowano 23 lutego, kiedy temperatura wzros\u0142a o oko\u0142o 5\u00b0C powy\u017cej normy podczas epizodu tzw. kalimy, czyli drobnego py\u0142u znad afryka\u0144skiej Sahary.<\/p>\n\n\n\n<p>\u0141\u0105cznie meteorolodzy zanotowali na Kanarach:<\/p>\n\n\n\n<ul class=\"wp-block-list\">\n<li>27 rekord\u00f3w niskich temperatur w grudniu i 5 w styczniu<\/li>\n\n\n\n<li>13 rekord\u00f3w wysokich temperatur w lutym<\/li>\n<\/ul>\n\n\n\n<p>Mimo niezwyk\u0142ych burz sezon zimowy, mierzony pomi\u0119dzy 1 grudnia 2025 r. a 28 lutego 2026 r., zosta\u0142 opisany jako nieco ciep\u0142y, ale statystycznie normalny pod wzgl\u0119dem og\u00f3lnych warunk\u00f3w klimatycznych. \u015arednia temperatura zim\u0105 na Wyspach Kanaryjskich wynios\u0142a 15,4\u00b0C, co stanowi niewielk\u0105 dodatni\u0105 anomali\u0119 na poziomie 0,2\u00b0C. <\/p>\n\n\n\n<p>Na kilku facebook&#8217;owych grupach na Teneryfie turystka z Polski opisa\u0142a 19 grudnia 2025r., \u017ce podczas pobytu w jednym z hoteli w Puerto de La Cruz, na p\u00f3\u0142nocy najwi\u0119kszej kanaryjskiej wyspy jest jej po prostu zimno. Jej wymarzony urlop na rajskich wyspach szybko okaza\u0142 si\u0119 walk\u0105 z ch\u0142odem.<\/p>\n\n\n\n<ul class=\"wp-block-list\">\n<li>Hotel tak klimatyzuj\u0105 ca\u0142y, \u017ce to jest nie do zniesienia dla mnie. Pyta\u0142am czy zmniejsz\u0105, to powiedzieli \u017ce nie. Jestem w puerto de la cruz, aktualnie na dworze jest zimno i pada a ja siedz\u0119 pod kocem i marzn\u0119 w pokoju hotelowym. Macie pomys\u0142y co zrobi\u0107? Gdzie i\u015b\u0107? Gdzie mog\u0119 si\u0119 wygrza\u0107? \u2013 pyta Polka na Facebook\u2019u.<\/li>\n<\/ul>\n\n\n\n<p>Doda\u0142a on, \u017ce spraw\u0119 zg\u0142osi\u0142a w recepcji, to otrzyma\u0142a jedynie koc, ale niewiele to zmieni\u0142o, bo niska temperatura utrudnia\u0142a jej codzienne funkcjonowanie. Przekaza\u0142a ona r\u00f3wnie\u017c, \u017ce problem zg\u0142osi\u0142a tak\u017ce do rezydenta, ale otrzyma\u0142a odpowied\u017a, \u017ce nic nie mo\u017cna z tym zrobi\u0107, bo w hotelach na Kanarach po prostu nie ma ogrzewania. Paradoksalnie w gorszych pogodowo okresach, najzimniej bywa nie na zewn\u0105trz, a\u2026 w mieszkaniach i hotelach, w kt\u00f3rych rol\u0119 ogrzewania pe\u0142ni jedynie klimatyzacja, kt\u00f3ra nie zawsze dzia\u0142a poprawnie.<\/p>\n\n\n\n<p>Regionalny delegat agencji na Wyspach Kanaryjskich, David Su\u00e1rez, wyja\u015bni\u0142, \u017ce rzadko spotykane tu zimowe burze nadci\u0105ga\u0142y w tym sezonie zazwyczaj z p\u00f3\u0142nocy, a nie od strony po\u0142udniowego Atlantyku, co jest bardziej typow\u0105 tras\u0105 przemieszczania si\u0119 uk\u0142ad\u00f3w pogodowych wp\u0142ywaj\u0105cych na wyspy.<\/p>\n\n\n\n<p>Deszczu by\u0142o tak\u017ce wi\u0119cej ni\u017c zwykle. Ca\u0142kowita suma opad\u00f3w na archipelagu by\u0142a o oko\u0142o 22% wy\u017csza od \u015bredniej sezonowej:<\/p>\n\n\n\n<ul class=\"wp-block-list\">\n<li>W grudniu odnotowano o 33% wi\u0119cej opad\u00f3w ni\u017c zwykle<\/li>\n\n\n\n<li>W styczniu opady deszczu by\u0142y prawie dwukrotnie wi\u0119ksze ni\u017c oczekiwano<\/li>\n\n\n\n<li>Luty by\u0142 jednak suchy, a opady deszczu stanowi\u0142y zaledwie po\u0142ow\u0119 typowych opad\u00f3w.<\/li>\n<\/ul>\n\n\n\n<p>Tymczasem w kontynentalnej Hiszpanii tej zimy zanotowano najsilniejsze opady deszczu od 50 lat. Od grudnia do lutego przez kraj przesz\u0142o jedena\u015bcie powa\u017cnych burz, kt\u00f3re przynios\u0142y ulewne deszcze i silne wiatry &#8211; powiedzia\u0142 rzecznik AEMET, Ruben del Campo. Na P\u00f3\u0142wyspie Iberyjskim \u015brednie opady deszczu w wynios\u0142y w okresie grudzie\u0144 2025 &#8211; luty 2026 a\u017c 323,2 litra na metr kwadratowy, co stanowi 171 proc. warto\u015bci przeci\u0119tnej dla tej pory roku w okresie referencyjnym 1991\u20132020.<\/p>\n\n\n\n<p>W lutym na Kanarach odnotowano tak\u017ce dwa znacz\u0105ce i niebezpieczne dla zdrowia cz\u0142owieka (zw\u0142aszcza z chorobami p\u0142uc) zjawiska kalimy, w czasie kt\u00f3rych \u015brednie st\u0119\u017cenie py\u0142u osi\u0105gn\u0119\u0142o oko\u0142o 256 mikrogram\u00f3w na metr sze\u015bcienny powietrza. Meteorolodzy zauwa\u017caj\u0105, \u017ce okresy kalimy na ni\u017cszych wysoko\u015bciach zdarzaj\u0105 si\u0119 najcz\u0119\u015bciej pomi\u0119dzy grudniem a lutym.<\/p>\n\n\n\n<p>Zim\u0105 na wyspach odnotowano tak\u017ce nieco wy\u017cszy ni\u017c zwykle poziom nas\u0142onecznienia i og\u0142oszono nawet alert, aby unika\u0107 d\u0142ugiego przebywania na s\u0142o\u0144cu, ze wzgl\u0119du na wi\u0119kszy wsp\u00f3\u0142czynnik UV, kt\u00f3ry na tym rajskim archipelagu jest najwy\u017cszy w ca\u0142ej Hiszpanii. Zanotowano oko\u0142o 641 godzin s\u0142onecznych.<\/p>\n\n\n\n<p>Temperatura oceanu na Kanarach by\u0142a r\u00f3wnie\u017c nieznacznie wy\u017csza od \u015bredniej (grudzie\u0144 &#8211; marzec 19 &#8211; 20) i wynios\u0142a \u015brednio 20,36 stopni.<\/p>\n\n\n\n<p>Wiosna astronomiczna rozpocznie si\u0119 na Wyspach Kanaryjskich 20 marca o godzinie 14:46, a d\u0142ugoterminowe prognozy pogody &#8211;  po zako\u0144czeniu burz &#8211; przewiduj\u0105 pod koniec marca stopniow\u0105 popraw\u0119 pogody. <\/p>\n\n\n\n<p>Foto: Zdj\u0119cie ilustracyjne NaKanarach.pl<\/p>\n","protected":false},"excerpt":{"rendered":"<p>HISZPANIA\/WYSPY KANARYJSKIE: Ten rajski archipelag zako\u0144czy sezon zimowy 2025 &#8211; 2026 z rekordow\u0105 ilo\u015bci\u0105 burz, co zdaniem meteorolog\u00f3w jest zwi\u0105zane ze zmianami klimatu i cz\u0119stszymi opadami deszczu, co wcze\u015bniej by\u0142o stosunkowo rzadkie, a niekt\u00f3re obszary wr\u0119cz zmaga\u0142y si\u0119 z ekstremaln\u0105 susz\u0105. Nie lepiej pod wzgl\u0119dem burz by\u0142o tak\u017ce w kontynentalnej Hiszpanii. W\u0142adze Wysp Kanaryjskich wyda\u0142y [&hellip;]<\/p>\n","protected":false},"author":4,"featured_media":13439,"comment_status":"closed","ping_status":"open","sticky":false,"template":"","format":"standard","meta":{"om_disable_all_campaigns":false,"_monsterinsights_skip_tracking":false,"_monsterinsights_sitenote_active":false,"_monsterinsights_sitenote_note":"","_monsterinsights_sitenote_category":0,"footnotes":""},"categories":[12],"tags":[],"class_list":["post-13422","post","type-post","status-publish","format-standard","has-post-thumbnail","hentry","category-aktualnosci"],"aioseo_notices":[],"blog_post_layout_featured_media_urls":{"thumbnail":["https:\/\/nakanarach.pl\/wp-content\/uploads\/2026\/03\/Burza-ocean-chmury_11zon-150x150.jpg",150,150,true],"full":["https:\/\/nakanarach.pl\/wp-content\/uploads\/2026\/03\/Burza-ocean-chmury_11zon-scaled.jpg",2560,1441,false]},"categories_names":{"12":{"name":"Aktualno\u015bci","link":"https:\/\/nakanarach.pl\/index.php\/category\/aktualnosci\/"}},"tags_names":[],"comments_number":"0","wpmagazine_modules_lite_featured_media_urls":{"thumbnail":["https:\/\/nakanarach.pl\/wp-content\/uploads\/2026\/03\/Burza-ocean-chmury_11zon-150x150.jpg",150,150,true],"cvmm-medium":["https:\/\/nakanarach.pl\/wp-content\/uploads\/2026\/03\/Burza-ocean-chmury_11zon-300x300.jpg",300,300,true],"cvmm-medium-plus":["https:\/\/nakanarach.pl\/wp-content\/uploads\/2026\/03\/Burza-ocean-chmury_11zon-305x207.jpg",305,207,true],"cvmm-portrait":["https:\/\/nakanarach.pl\/wp-content\/uploads\/2026\/03\/Burza-ocean-chmury_11zon-400x600.jpg",400,600,true],"cvmm-medium-square":["https:\/\/nakanarach.pl\/wp-content\/uploads\/2026\/03\/Burza-ocean-chmury_11zon-600x600.jpg",600,600,true],"cvmm-large":["https:\/\/nakanarach.pl\/wp-content\/uploads\/2026\/03\/Burza-ocean-chmury_11zon-1024x1024.jpg",1024,1024,true],"cvmm-small":["https:\/\/nakanarach.pl\/wp-content\/uploads\/2026\/03\/Burza-ocean-chmury_11zon-130x95.jpg",130,95,true],"full":["https:\/\/nakanarach.pl\/wp-content\/uploads\/2026\/03\/Burza-ocean-chmury_11zon-scaled.jpg",2560,1441,false]},"_links":{"self":[{"href":"https:\/\/nakanarach.pl\/index.php\/wp-json\/wp\/v2\/posts\/13422","targetHints":{"allow":["GET"]}}],"collection":[{"href":"https:\/\/nakanarach.pl\/index.php\/wp-json\/wp\/v2\/posts"}],"about":[{"href":"https:\/\/nakanarach.pl\/index.php\/wp-json\/wp\/v2\/types\/post"}],"author":[{"embeddable":true,"href":"https:\/\/nakanarach.pl\/index.php\/wp-json\/wp\/v2\/users\/4"}],"replies":[{"embeddable":true,"href":"https:\/\/nakanarach.pl\/index.php\/wp-json\/wp\/v2\/comments?post=13422"}],"version-history":[{"count":7,"href":"https:\/\/nakanarach.pl\/index.php\/wp-json\/wp\/v2\/posts\/13422\/revisions"}],"predecessor-version":[{"id":13458,"href":"https:\/\/nakanarach.pl\/index.php\/wp-json\/wp\/v2\/posts\/13422\/revisions\/13458"}],"wp:featuredmedia":[{"embeddable":true,"href":"https:\/\/nakanarach.pl\/index.php\/wp-json\/wp\/v2\/media\/13439"}],"wp:attachment":[{"href":"https:\/\/nakanarach.pl\/index.php\/wp-json\/wp\/v2\/media?parent=13422"}],"wp:term":[{"taxonomy":"category","embeddable":true,"href":"https:\/\/nakanarach.pl\/index.php\/wp-json\/wp\/v2\/categories?post=13422"},{"taxonomy":"post_tag","embeddable":true,"href":"https:\/\/nakanarach.pl\/index.php\/wp-json\/wp\/v2\/tags?post=13422"}],"curies":[{"name":"wp","href":"https:\/\/api.w.org\/{rel}","templated":true}]}}