{"id":13597,"date":"2026-03-26T09:13:55","date_gmt":"2026-03-26T09:13:55","guid":{"rendered":"https:\/\/nakanarach.pl\/?p=13597"},"modified":"2026-04-01T07:58:06","modified_gmt":"2026-04-01T06:58:06","slug":"ofiara-burzy-i-kary-dla-turystow-video","status":"publish","type":"post","link":"https:\/\/nakanarach.pl\/index.php\/2026\/03\/26\/ofiara-burzy-i-kary-dla-turystow-video\/","title":{"rendered":"OFIARA BURZY I KARY DLA TURYST\u00d3W (VIDEO)"},"content":{"rendered":"\n<p><strong>WYSPY KANARYJSKIE: Burza Therese powoli opuszcza ten rajski archipelag. W wielu miejscach trwa szacowanie szk\u00f3d, trwaj\u0105 prace naprawcze m.in. na zniszczonych pla\u017cach i nadbrze\u017cach. Podczas szkwa\u0142u znaleziono zw\u0142oki m\u0119\u017cczyzny na turystycznym szlaku. Zawali\u0142a si\u0119 te\u017c cz\u0119\u015b\u0107 jednej z popularnych restauracji na Gran Canarii. Z kolei Gwardia Cywilna ukara\u0142a turyst\u00f3w, kt\u00f3rzy pomimo zakazu wst\u0119pu wybrali si\u0119 na piesze wycieczki. <\/strong><\/p>\n\n\n\n<p>25 marca w odleg\u0142ej okolicy stolicy wyspy &#8211; Santa Cruz de Tenerife znaleziono zw\u0142oki m\u0119\u017cczyzny w nast\u0119pstwie burzy. S\u0142u\u017cby ratunkowe wezwali dwaj tury\u015bci spaceruj\u0105cy w tej okolicy.<br>Wed\u0142ug lokalnych w\u0142adz cia\u0142o znaleziono na turystycznym szlaku w El Draguillo, niedaleko malowniczej i licznie odwiedzanej przez wczasowicz\u00f3w popularnej pla\u017cy Benijo z czarnym piaskiem. <br>Na miejsce zdarzenia jako pierwsi przybyli funkcjonariusze lokalnej policji w Santa Cruz, kt\u00f3rzy potwierdzili zgon m\u0119\u017cczyzny. Wys\u0142ano tam r\u00f3wnie\u017c stra\u017cak\u00f3w z Teneryfy oraz funkcjonariuszy policji krajowej, kt\u00f3rzy zgodnie ze prowadz\u0105 dochodzenie, aby ustali\u0107 okoliczno\u015bci \u015bmierci. Na tym etapie przyczyna zgonu nie zosta\u0142a potwierdzona, a dalsze szczeg\u00f3\u0142y b\u0119d\u0105 zale\u017ca\u0142y od wynik\u00f3w bada\u0144 kryminalistycznych.<\/p>\n\n\n\n<p>Stra\u017cacy z Teneryfy zostali wezwani, aby uratowa\u0107 cztery osoby, kt\u00f3re zosta\u0142y odci\u0119te od \u015bwiata w jaskini w w\u0105wozie Santos w Santa Cruz de Tenerife z powodu wzrostu przyp\u0142ywu wody. Gdy uda\u0142o im si\u0119 dosta\u0107 do tych os\u00f3b, noszami ewakuowali jednego z nich, aby przenie\u015b\u0107 go do karetki pogotowia, aby m\u00f3g\u0142 si\u0119 nim zaj\u0105\u0107 personel medyczny. <\/p>\n\n\n\n<figure class=\"wp-block-image size-large\"><img fetchpriority=\"high\" decoding=\"async\" width=\"1024\" height=\"567\" src=\"https:\/\/nakanarach.pl\/wp-content\/uploads\/2026\/03\/Strazacy-nosze-ranny-Bomberos-De-Tenerife-1024x567.jpg\" alt=\"\" class=\"wp-image-13598\" srcset=\"https:\/\/nakanarach.pl\/wp-content\/uploads\/2026\/03\/Strazacy-nosze-ranny-Bomberos-De-Tenerife-1024x567.jpg 1024w, https:\/\/nakanarach.pl\/wp-content\/uploads\/2026\/03\/Strazacy-nosze-ranny-Bomberos-De-Tenerife-300x166.jpg 300w, https:\/\/nakanarach.pl\/wp-content\/uploads\/2026\/03\/Strazacy-nosze-ranny-Bomberos-De-Tenerife-768x425.jpg 768w, https:\/\/nakanarach.pl\/wp-content\/uploads\/2026\/03\/Strazacy-nosze-ranny-Bomberos-De-Tenerife-1536x851.jpg 1536w, https:\/\/nakanarach.pl\/wp-content\/uploads\/2026\/03\/Strazacy-nosze-ranny-Bomberos-De-Tenerife.jpg 1831w\" sizes=\"(max-width: 1024px) 100vw, 1024px\" \/><figcaption class=\"wp-element-caption\"><strong><em>Foto: Facebook\/Bomberos de Tenerife<\/em><\/strong><\/figcaption><\/figure>\n\n\n\n<p>Na p\u00f3\u0142nocy Gran Canarii, w popularnej turystycznej miejscowo\u015bci Teror w czasie ulewnego deszczu dosz\u0142o do cz\u0119\u015bciowego zawalenia znanej restauracji El Secuestro, zlokalizowanej w miejscowo\u015bci Teror. Jeden z mur\u00f3w obiektu, znajduj\u0105cy si\u0119 tu\u017c przy kraw\u0119dzi w\u0105wozu, run\u0105\u0142 24 marca, ods\u0142aniaj\u0105c wn\u0119trze lokalu i rozrzucaj\u0105c po zboczu r\u00f3\u017cne przedmioty oraz gruz. Wed\u0142ug s\u0142u\u017cb ratunkowych tutaj nikt nie zosta\u0142 ranny. <strong>ZOBACZ VIDEO: <\/strong><\/p>\n\n\n\n<figure class=\"wp-block-embed is-type-rich is-provider-twitter wp-block-embed-twitter\"><div class=\"wp-block-embed__wrapper\">\n<blockquote class=\"twitter-tweet\" data-width=\"550\" data-dnt=\"true\"><p lang=\"es\" dir=\"ltr\">Las fuertes lluvias propiciaN que caiga parte del Restaurante El Secuestro, en Teror, Gran Canaria <a href=\"https:\/\/t.co\/374iPaohok\">pic.twitter.com\/374iPaohok<\/a><\/p>&mdash; rafaleon (@rafaleonortega) <a href=\"https:\/\/twitter.com\/rafaleonortega\/status\/2036423516912796086?ref_src=twsrc%5Etfw\">March 24, 2026<\/a><\/blockquote><script async src=\"https:\/\/platform.twitter.com\/widgets.js\" charset=\"utf-8\"><\/script>\n<\/div><\/figure>\n\n\n\n<p>25 marca w Santa Cruz de Tenerife w dzielnicy Valleseco w g\u00f3rnej cz\u0119\u015bci w\u0105wozu Naranjo Agrio, po okolicy rozleg\u0142 si\u0119 g\u0142o\u015bny huk, opisywany przez mieszka\u0144c\u00f3w jako \u201eprzypominaj\u0105cy eksplozj\u0119\u201d. Nagle zawali\u0142a si\u0119 \u015bciana muru oporowego i cz\u0119\u015b\u0107 ulicy, wywo\u0142uj\u0105c efekt domina, w wyniku kt\u00f3rego samochody spad\u0142y na pojazdy znajduj\u0105ce si\u0119 poni\u017cej, powoduj\u0105c powa\u017cne uszkodzenia \u0142\u0105cznie 7 samochod\u00f3w.<\/p>\n\n\n\n<figure class=\"wp-block-image size-full\"><img decoding=\"async\" width=\"900\" height=\"600\" src=\"https:\/\/nakanarach.pl\/wp-content\/uploads\/2026\/03\/Osuwisko-spadlo-na-auta-El-Dia-Andres-Gutierrez.webp\" alt=\"\" class=\"wp-image-13600\" srcset=\"https:\/\/nakanarach.pl\/wp-content\/uploads\/2026\/03\/Osuwisko-spadlo-na-auta-El-Dia-Andres-Gutierrez.webp 900w, https:\/\/nakanarach.pl\/wp-content\/uploads\/2026\/03\/Osuwisko-spadlo-na-auta-El-Dia-Andres-Gutierrez-300x200.webp 300w, https:\/\/nakanarach.pl\/wp-content\/uploads\/2026\/03\/Osuwisko-spadlo-na-auta-El-Dia-Andres-Gutierrez-768x512.webp 768w\" sizes=\"(max-width: 900px) 100vw, 900px\" \/><figcaption class=\"wp-element-caption\"><strong><em>Foto: El Dia \/ Andr\u00e9s Guti\u00e9rrez<\/em><\/strong><\/figcaption><\/figure>\n\n\n\n<p>Ulewne deszcze spowodowa\u0142y wiele szk\u00f3d na Wyspach Kanaryjskich. Woda zala\u0142a ulice, domy, gara\u017ce, sklepy, i parkingi. Rw\u0105ce potoki porwa\u0142y te\u017c kilka samochod\u00f3w. <strong>ZOBACZ VIDEO: <\/strong><\/p>\n\n\n\n<figure class=\"wp-block-embed is-type-video is-provider-tiktok wp-block-embed-tiktok\"><div class=\"wp-block-embed__wrapper\">\n<blockquote class=\"tiktok-embed\" cite=\"https:\/\/www.tiktok.com\/@vicp2257\/video\/7620788139128327446\" data-video-id=\"7620788139128327446\" data-embed-from=\"oembed\" style=\"max-width:605px; min-width:325px;\"> <section> <a target=\"_blank\" title=\"@vicp2257\" href=\"https:\/\/www.tiktok.com\/@vicp2257?refer=embed\">@vicp2257<\/a> <p>las fuertes lluvias ca\u00eddas se llevan todo lo que pillan a su paso. El video es de la zona de El Roque de Moya, GranCanaria. hay Viviendas inundadas y el agua llega a la costa con much\u00edsima fuerza <a title=\"canarias\" target=\"_blank\" href=\"https:\/\/www.tiktok.com\/tag\/canarias?refer=embed\">#canarias<\/a> <a title=\"lluvia\" target=\"_blank\" href=\"https:\/\/www.tiktok.com\/tag\/lluvia?refer=embed\">#lluvia<\/a> <a title=\"laspalmas\" target=\"_blank\" href=\"https:\/\/www.tiktok.com\/tag\/laspalmas?refer=embed\">#laspalmas<\/a><\/p> <a target=\"_blank\" title=\"\u266c sonido original - viva el humor\" href=\"https:\/\/www.tiktok.com\/music\/sonido-original-7620788167360138006?refer=embed\">\u266c sonido original &#8211; viva el humor<\/a> <\/section> <\/blockquote> <script async src=\"https:\/\/www.tiktok.com\/embed.js\"><\/script>\n<\/div><\/figure>\n\n\n\n<p>Ska\u0142y spada\u0142y te\u017c na jad\u0105ce auta. Najwi\u0119cej opad\u00f3w pojawi\u0142o si\u0119 na szczycie Roque de Los Muchachos na La Palmie (643,6 mm), w Corral de Los Juncos na Gran Canarii (429 mm) oraz w miejscowo\u015bci Frontera na El Hierro (313,2 mm). <strong>ZOBACZ VIDEO: <\/strong><\/p>\n\n\n\n<figure class=\"wp-block-embed is-type-video is-provider-tiktok wp-block-embed-tiktok\"><div class=\"wp-block-embed__wrapper\">\n<blockquote class=\"tiktok-embed\" cite=\"https:\/\/www.tiktok.com\/@afzaal_niazii\/video\/7620127482087329044\" data-video-id=\"7620127482087329044\" data-embed-from=\"oembed\" style=\"max-width:605px; min-width:325px;\"> <section> <a target=\"_blank\" title=\"@afzaal_niazii\" href=\"https:\/\/www.tiktok.com\/@afzaal_niazii?refer=embed\">@afzaal_niazii<\/a> <p>Heavy running  (21-03-2026) <a title=\"muscat\" target=\"_blank\" href=\"https:\/\/www.tiktok.com\/tag\/muscat?refer=embed\">#muscat<\/a> <a title=\"nature\" target=\"_blank\" href=\"https:\/\/www.tiktok.com\/tag\/nature?refer=embed\">#nature<\/a> <a title=\"oman\" target=\"_blank\" href=\"https:\/\/www.tiktok.com\/tag\/oman?refer=embed\">#oman<\/a> <\/p> <a target=\"_blank\" title=\"\u266c original sound - AKN\" href=\"https:\/\/www.tiktok.com\/music\/original-sound-7620127518447667975?refer=embed\">\u266c original sound &#8211; AKN<\/a> <\/section> <\/blockquote> <script async src=\"https:\/\/www.tiktok.com\/embed.js\"><\/script>\n<\/div><\/figure>\n\n\n\n<p>Na najwy\u017cszym szczycie Hiszpanii &#8211; Teide (3718 m.n.p.m.) ponownie spad\u0142 \u015bnieg, a w\u0142adze zamkn\u0119\u0142y wst\u0119p na g\u00f3rskie szlaki. <strong>ZOBACZ VIDEO: <\/strong><\/p>\n\n\n\n<figure class=\"wp-block-embed is-type-video is-provider-tiktok wp-block-embed-tiktok\"><div class=\"wp-block-embed__wrapper\">\n<blockquote class=\"tiktok-embed\" cite=\"https:\/\/www.tiktok.com\/@esthergomeztv\/video\/7621117713984785686\" data-video-id=\"7621117713984785686\" data-embed-from=\"oembed\" style=\"max-width:605px; min-width:325px;\"> <section> <a target=\"_blank\" title=\"@esthergomeztv\" href=\"https:\/\/www.tiktok.com\/@esthergomeztv?refer=embed\">@esthergomeztv<\/a> <p>V\u00eddeos de la nevada en el Teide durante las \u00faltimas horas. \u2744\ufe0f La situaci\u00f3n en el Parque Nacional ha obligado al cierre de TODOS los accesos, sin posibilidad de subir y sin activaci\u00f3n de la operaci\u00f3n nieve. \u26a0\ufe0f Se recuerda que est\u00e1 totalmente prohibido el acceso por seguridad. \ud83c\udfa5 Seguimos informando @Tenerife Plus+ TV \u26a0\ufe0f\ud83d\udc99 @8_islas_canarias <a title=\"teide\" target=\"_blank\" href=\"https:\/\/www.tiktok.com\/tag\/teide?refer=embed\">#Teide<\/a> <a title=\"tenerife\" target=\"_blank\" href=\"https:\/\/www.tiktok.com\/tag\/tenerife?refer=embed\">#Tenerife<\/a> <a title=\"nevada\" target=\"_blank\" href=\"https:\/\/www.tiktok.com\/tag\/nevada?refer=embed\">#Nevada<\/a> <a title=\"accesoscerrados\" target=\"_blank\" href=\"https:\/\/www.tiktok.com\/tag\/accesoscerrados?refer=embed\">#AccesosCerrados<\/a> <a title=\"parquenacionaldelteide\" target=\"_blank\" href=\"https:\/\/www.tiktok.com\/tag\/parquenacionaldelteide?refer=embed\">#ParqueNacionalDelTeide<\/a>        <\/p> <a target=\"_blank\" title=\"\u266c sonido original - Esther Gomez\" href=\"https:\/\/www.tiktok.com\/music\/sonido-original-7621117727511628547?refer=embed\">\u266c sonido original &#8211; Esther Gomez<\/a> <\/section> <\/blockquote> <script async src=\"https:\/\/www.tiktok.com\/embed.js\"><\/script>\n<\/div><\/figure>\n\n\n\n<p>Policja poinformowa\u0142a, \u017ce zatrzyma\u0142a kilka grup os\u00f3b, kt\u00f3re zlekcewa\u017cy\u0142y surowe ograniczenia bezpiecze\u0144stwa podczas burzy Therese, w zwi\u0105zku z tym, \u017ce hiszpa\u0144ska Gwardia Cywilna wzmocni\u0142a dzia\u0142ania kontrolne w ca\u0142ej prowincji Santa Cruz de Tenerife.<\/p>\n\n\n\n<p>Pomimo wyra\u017anych ostrze\u017ce\u0144, zamkni\u0119tych dr\u00f3g i odgrodzonych obszar\u00f3w, niekt\u00f3rych przy\u0142apano na celowym wkraczaniu na niebezpieczne tereny w szczytowym momencie alarmu burzowego, nara\u017caj\u0105c zar\u00f3wno siebie, jak i s\u0142u\u017cby ratownicze.<\/p>\n\n\n\n<p>Najpowa\u017cniejsze naruszenie przepis\u00f3w zanotowano w Laguna Grande, gdzie grupa 19 os\u00f3b zosta\u0142a przy\u0142apana na w\u0119dr\u00f3wce po terenie obj\u0119tym ograniczeniami w trudnych warunkach pogodowych. Grupa, z\u0142o\u017cona z turyst\u00f3w i prowadzona przez profesjonalnego przewodnika pracuj\u0105cego dla lokalnej firmy wycieczkowej, zignorowa\u0142a oficjalne ograniczenia i omin\u0119\u0142a kordony bezpiecze\u0144stwa ustawione w celu zapobiegania wypadkom. Funkcjonariusze zatrzymali grup\u0119 i przerwali jej dalsz\u0105 w\u0119dr\u00f3wk\u0119 podczas burzy.<\/p>\n\n\n\n<p>Gwardia Cywilna potwierdzi\u0142a, \u017ce utrzymuje wzmo\u017con\u0105 obecno\u015b\u0107 na ca\u0142ym zachodnim obszarze Wysp Kanaryjskich, aktywnie monitoruj\u0105c punkty dost\u0119pu, egzekwuj\u0105c zamkni\u0119cia dr\u00f3g i obszary obj\u0119te zakazem.<\/p>\n\n\n\n<p>Urz\u0119dnicy wydali surowe ostrze\u017cenie: osoby ignoruj\u0105ce przepisy nara\u017caj\u0105 si\u0119 na kary grzywny i ryzykuj\u0105 w\u0142asnym \u017cyciem, a tak\u017ce bezpiecze\u0144stwem ekip ratowniczych, kt\u00f3re mog\u0105 zosta\u0107 wezwane do udzielenia im pomocy.<\/p>\n\n\n\n<p>Zdaniem synoptyk\u00f3w na Wyspach Kanaryjskich nadal b\u0119d\u0105 wyst\u0119powa\u0142y silne wiatry z okazjonalnymi bardzo silnymi porywami na otwarych przestrzeniach, co mo\u017ce wp\u0142ywa\u0107 tak\u017ce na zak\u0142\u00f3cenia ruchu lotniczego. Przewiduje si\u0119 jednak stopniowe przeja\u015bnienie nieba, a zachmurzenie utrzyma si\u0119 g\u0142\u00f3wnie na p\u00f3\u0142nocy, gdzie prognozowane s\u0105 jedynie sporadyczne, niewielkie opady deszczu.<\/p>\n\n\n\n<p>Na Oceanie Atlantyckim wiatry p\u00f3\u0142nocne i p\u00f3\u0142nocno-wschodnie osi\u0105gn\u0105 si\u0142\u0119 4 do 5, sporadycznie 6 w skali Beauforta na niekt\u00f3rych obszarach, przy umiarkowanym lub wzburzonym morzu i falach o wysoko\u015bci od 1 do 2 metr\u00f3w.<\/p>\n\n\n\n<p>Wed\u0142ug Pa\u0144stowowej Agencji Meteorologicznej AEMET temperatury na wyspach pozostan\u0105 w wi\u0119kszo\u015bci stabilne &#8211; w dzie\u0144 \u015brednio od 20 &#8211; 22 stopnim w cieniu, a w nocy 13 (na najzimniejszej wyspie El Hierro) do 15-17 stopni na pozosta\u0142ej cz\u0119\u015bci archipelagu. <\/p>\n\n\n\n<p>Foto: X\/<a href=\"https:\/\/x.com\/rafaleonortega\">@rafaleonortega<\/a>, Facebook\/Bomberos de Tenerife, El Dia \/ Andr\u00e9s Guti\u00e9rrez<\/p>\n","protected":false},"excerpt":{"rendered":"<p>WYSPY KANARYJSKIE: Burza Therese powoli opuszcza ten rajski archipelag. W wielu miejscach trwa szacowanie szk\u00f3d, trwaj\u0105 prace naprawcze m.in. na zniszczonych pla\u017cach i nadbrze\u017cach. Podczas szkwa\u0142u znaleziono zw\u0142oki m\u0119\u017cczyzny na turystycznym szlaku. Zawali\u0142a si\u0119 te\u017c cz\u0119\u015b\u0107 jednej z popularnych restauracji na Gran Canarii. Z kolei Gwardia Cywilna ukara\u0142a turyst\u00f3w, kt\u00f3rzy pomimo zakazu wst\u0119pu wybrali si\u0119 [&hellip;]<\/p>\n","protected":false},"author":4,"featured_media":13599,"comment_status":"closed","ping_status":"open","sticky":false,"template":"","format":"standard","meta":{"om_disable_all_campaigns":false,"_monsterinsights_skip_tracking":false,"_monsterinsights_sitenote_active":false,"_monsterinsights_sitenote_note":"","_monsterinsights_sitenote_category":0,"footnotes":""},"categories":[12],"tags":[],"class_list":["post-13597","post","type-post","status-publish","format-standard","has-post-thumbnail","hentry","category-aktualnosci"],"aioseo_notices":[],"blog_post_layout_featured_media_urls":{"thumbnail":["https:\/\/nakanarach.pl\/wp-content\/uploads\/2026\/03\/Zawalona-restauracja-Teror-Gran-Canaria-150x150.webp",150,150,true],"full":["https:\/\/nakanarach.pl\/wp-content\/uploads\/2026\/03\/Zawalona-restauracja-Teror-Gran-Canaria.webp",1200,675,false]},"categories_names":{"12":{"name":"Aktualno\u015bci","link":"https:\/\/nakanarach.pl\/index.php\/category\/aktualnosci\/"}},"tags_names":[],"comments_number":"0","wpmagazine_modules_lite_featured_media_urls":{"thumbnail":["https:\/\/nakanarach.pl\/wp-content\/uploads\/2026\/03\/Zawalona-restauracja-Teror-Gran-Canaria-150x150.webp",150,150,true],"cvmm-medium":["https:\/\/nakanarach.pl\/wp-content\/uploads\/2026\/03\/Zawalona-restauracja-Teror-Gran-Canaria-300x300.webp",300,300,true],"cvmm-medium-plus":["https:\/\/nakanarach.pl\/wp-content\/uploads\/2026\/03\/Zawalona-restauracja-Teror-Gran-Canaria-305x207.webp",305,207,true],"cvmm-portrait":["https:\/\/nakanarach.pl\/wp-content\/uploads\/2026\/03\/Zawalona-restauracja-Teror-Gran-Canaria-400x600.webp",400,600,true],"cvmm-medium-square":["https:\/\/nakanarach.pl\/wp-content\/uploads\/2026\/03\/Zawalona-restauracja-Teror-Gran-Canaria-600x600.webp",600,600,true],"cvmm-large":["https:\/\/nakanarach.pl\/wp-content\/uploads\/2026\/03\/Zawalona-restauracja-Teror-Gran-Canaria-1024x675.webp",1024,675,true],"cvmm-small":["https:\/\/nakanarach.pl\/wp-content\/uploads\/2026\/03\/Zawalona-restauracja-Teror-Gran-Canaria-130x95.webp",130,95,true],"full":["https:\/\/nakanarach.pl\/wp-content\/uploads\/2026\/03\/Zawalona-restauracja-Teror-Gran-Canaria.webp",1200,675,false]},"_links":{"self":[{"href":"https:\/\/nakanarach.pl\/index.php\/wp-json\/wp\/v2\/posts\/13597","targetHints":{"allow":["GET"]}}],"collection":[{"href":"https:\/\/nakanarach.pl\/index.php\/wp-json\/wp\/v2\/posts"}],"about":[{"href":"https:\/\/nakanarach.pl\/index.php\/wp-json\/wp\/v2\/types\/post"}],"author":[{"embeddable":true,"href":"https:\/\/nakanarach.pl\/index.php\/wp-json\/wp\/v2\/users\/4"}],"replies":[{"embeddable":true,"href":"https:\/\/nakanarach.pl\/index.php\/wp-json\/wp\/v2\/comments?post=13597"}],"version-history":[{"count":5,"href":"https:\/\/nakanarach.pl\/index.php\/wp-json\/wp\/v2\/posts\/13597\/revisions"}],"predecessor-version":[{"id":13609,"href":"https:\/\/nakanarach.pl\/index.php\/wp-json\/wp\/v2\/posts\/13597\/revisions\/13609"}],"wp:featuredmedia":[{"embeddable":true,"href":"https:\/\/nakanarach.pl\/index.php\/wp-json\/wp\/v2\/media\/13599"}],"wp:attachment":[{"href":"https:\/\/nakanarach.pl\/index.php\/wp-json\/wp\/v2\/media?parent=13597"}],"wp:term":[{"taxonomy":"category","embeddable":true,"href":"https:\/\/nakanarach.pl\/index.php\/wp-json\/wp\/v2\/categories?post=13597"},{"taxonomy":"post_tag","embeddable":true,"href":"https:\/\/nakanarach.pl\/index.php\/wp-json\/wp\/v2\/tags?post=13597"}],"curies":[{"name":"wp","href":"https:\/\/api.w.org\/{rel}","templated":true}]}}