{"id":13613,"date":"2026-03-26T12:33:56","date_gmt":"2026-03-26T12:33:56","guid":{"rendered":"https:\/\/nakanarach.pl\/?p=13613"},"modified":"2026-03-31T13:05:40","modified_gmt":"2026-03-31T12:05:40","slug":"strajki-na-lotniskach-w-hiszpanii","status":"publish","type":"post","link":"https:\/\/nakanarach.pl\/index.php\/2026\/03\/26\/strajki-na-lotniskach-w-hiszpanii\/","title":{"rendered":"STRAJKI NA LOTNISKACH W HISZPANII"},"content":{"rendered":"\n<p><strong>HISZPANIA\/WYSPY KANARYJSKIE: Sporo problem\u00f3w w szczycie wiosennego i \u015bwi\u0105tecznego sezonu turystycznego mog\u0105 mie\u0107 pasa\u017cerowie lot\u00f3w do Hiszpanii, na Baleary i na Wyspy Kanaryjskie. Od 27 marca rozpoczn\u0105 si\u0119 strajki na najwi\u0119kszych lotniskach w tym kraju. <\/strong><\/p>\n\n\n\n<p>Jak donosi Euronews, podczas&nbsp;\u015bwi\u0105t wielkanocnych w 2026 roku&nbsp;pasa\u017cerowie, kt\u00f3rzy maj\u0105 zaplanowane podr\u00f3\u017ce do&nbsp;kontynentalnej Hiszpanii<strong>&nbsp;<\/strong>oraz na Baleary i Kanary mog\u0105 do\u015bwiadczy\u0107 utrudnie\u0144 i op\u00f3\u017anie\u0144 lot\u00f3w. <\/p>\n\n\n\n<p>Powodem s\u0105 masowe strajki personelu naziemnego i zwi\u0105zane z tym: spory o niski poziom p\u0142ac; niezadowalaj\u0105ce warunki pracy oraz brak nowych porozumie\u0144 sektorowych.<\/p>\n\n\n\n<p>Wed\u0142ug zapowiedzi zwi\u0105zkowc\u00f3w, strajki obejm\u0105 Wielki Tydzie\u0144. Protest rozpocznie si\u0119 od&nbsp;27 marca 2026 r.  B\u0119dzie kontynuowany w ka\u017cdy poniedzia\u0142ek, \u015brod\u0119 i pi\u0105tek w godz: 5:00\u20137:00, 11:00\u201317:00, 22:00\u20130:00.&nbsp;Z kolei 28-29 marca, 2- 6 kwietnia <strong>&#8211;&nbsp;<\/strong>potrwa 24 godziny na dob\u0119.<\/p>\n\n\n\n<p>Oznacza to, \u017ce utrudnienia b\u0119d\u0105 dotyczy\u0107 g\u0142\u00f3wnych w\u0119z\u0142\u00f3w transportowych w Hiszpanii i na nale\u017c\u0105cych do tego kraju kilku wyspach:<\/p>\n\n\n\n<ul class=\"wp-block-list\">\n<li><strong>Lotnisko Madryt-Barajas<\/strong><\/li>\n\n\n\n<li><strong>Lotnisko Barcelona-El Prat<\/strong><\/li>\n\n\n\n<li><strong>Lotnisko Malaga-Costa del Sol<\/strong><\/li>\n\n\n\n<li><strong>Lotnisko Palma de Mallorca<\/strong><\/li>\n\n\n\n<li><strong>Lotnisko Alicante-Elche<\/strong><\/li>\n\n\n\n<li><strong>lotniska m.in. Ibizie, Walencji, Bilbao<\/strong><\/li>\n\n\n\n<li><strong>Na Wyspach Kanaryjskich odbywaj\u0105 si\u0119 dwa r\u00f3wnoleg\u0142e strajki zwi\u0105zk\u00f3w zawodowych.<\/strong> S\u0105 zwi\u0105zane z si\u0142ami l\u0105dowymi i rozpocz\u0119\u0142y si\u0119 w 27 marca, b\u0119d\u0105 kontynuowane na razie w niesko\u0144czono\u015b\u0107 na lotniskach na Gran Canarii, Fuerteventurze i Lanzarote. Tymczasem sp\u00f3r z udzia\u0142em Menziesa dotyczy personelu lotniska Teneryfa P\u00f3\u0142noc, Teneryfa Po\u0142udnie i Gran Canarii. Tutaj 24-godzinne strajki zaplanowano na 28 i 29 marca oraz ponownie na 2, 3, 4, 5 i 6 kwietnia, zbiegaj\u0105c si\u0119 z pracowitym okresem podr\u00f3\u017cy wielkanocnych. Tymczasem sp\u00f3r z udzia\u0142em zwi\u0105zkowc\u00f3w Menziesa dotyczy personelu lotniska Teneryfa P\u00f3\u0142noc, Teneryfa Po\u0142udnie i Gran Canarii. Tutaj 24-godzinne strajki zaplanowano na 28 i 29 marca oraz ponownie na 2, 3, 4, 5 i 6 kwietnia, zbiegaj\u0105c si\u0119 z pracowitym okresem podr\u00f3\u017cy wielkanocnych.<\/li>\n<\/ul>\n\n\n\n<p>Przedsatawiciele lotnisk zapewniaj\u0105, \u017ce op\u00f3\u017anienia mog\u0105 dotyczy\u0107 zar\u00f3wno lot\u00f3w mi\u0119dzynarodowych, jak i krajowych. Pomimo strajk\u00f3w, nie planuje si\u0119 jednak ca\u0142kowitego odwo\u0142ania lot\u00f3w. <\/p>\n\n\n\n<p>Foto: Zdj\u0119cie ilustracyjne NaKanarach.pl<\/p>\n","protected":false},"excerpt":{"rendered":"<p>HISZPANIA\/WYSPY KANARYJSKIE: Sporo problem\u00f3w w szczycie wiosennego i \u015bwi\u0105tecznego sezonu turystycznego mog\u0105 mie\u0107 pasa\u017cerowie lot\u00f3w do Hiszpanii, na Baleary i na Wyspy Kanaryjskie. Od 27 marca rozpoczn\u0105 si\u0119 strajki na najwi\u0119kszych lotniskach w tym kraju. Jak donosi Euronews, podczas&nbsp;\u015bwi\u0105t wielkanocnych w 2026 roku&nbsp;pasa\u017cerowie, kt\u00f3rzy maj\u0105 zaplanowane podr\u00f3\u017ce do&nbsp;kontynentalnej Hiszpanii&nbsp;oraz na Baleary i Kanary mog\u0105 do\u015bwiadczy\u0107 [&hellip;]<\/p>\n","protected":false},"author":4,"featured_media":2606,"comment_status":"closed","ping_status":"open","sticky":false,"template":"","format":"standard","meta":{"om_disable_all_campaigns":false,"_monsterinsights_skip_tracking":false,"_monsterinsights_sitenote_active":false,"_monsterinsights_sitenote_note":"","_monsterinsights_sitenote_category":0,"footnotes":""},"categories":[17],"tags":[],"class_list":["post-13613","post","type-post","status-publish","format-standard","has-post-thumbnail","hentry","category-turystyka"],"aioseo_notices":[],"blog_post_layout_featured_media_urls":{"thumbnail":["https:\/\/nakanarach.pl\/wp-content\/uploads\/2021\/09\/Lotnisko-Teneryfa-150x150.jpg",150,150,true],"full":["https:\/\/nakanarach.pl\/wp-content\/uploads\/2021\/09\/Lotnisko-Teneryfa.jpg",1728,972,false]},"categories_names":{"17":{"name":"Turystyka","link":"https:\/\/nakanarach.pl\/index.php\/category\/turystyka\/"}},"tags_names":[],"comments_number":"0","wpmagazine_modules_lite_featured_media_urls":{"thumbnail":["https:\/\/nakanarach.pl\/wp-content\/uploads\/2021\/09\/Lotnisko-Teneryfa-150x150.jpg",150,150,true],"cvmm-medium":["https:\/\/nakanarach.pl\/wp-content\/uploads\/2021\/09\/Lotnisko-Teneryfa-300x300.jpg",300,300,true],"cvmm-medium-plus":["https:\/\/nakanarach.pl\/wp-content\/uploads\/2021\/09\/Lotnisko-Teneryfa-305x207.jpg",305,207,true],"cvmm-portrait":["https:\/\/nakanarach.pl\/wp-content\/uploads\/2021\/09\/Lotnisko-Teneryfa-400x600.jpg",400,600,true],"cvmm-medium-square":["https:\/\/nakanarach.pl\/wp-content\/uploads\/2021\/09\/Lotnisko-Teneryfa-600x600.jpg",600,600,true],"cvmm-large":["https:\/\/nakanarach.pl\/wp-content\/uploads\/2021\/09\/Lotnisko-Teneryfa-1024x972.jpg",1024,972,true],"cvmm-small":["https:\/\/nakanarach.pl\/wp-content\/uploads\/2021\/09\/Lotnisko-Teneryfa-130x95.jpg",130,95,true],"full":["https:\/\/nakanarach.pl\/wp-content\/uploads\/2021\/09\/Lotnisko-Teneryfa.jpg",1728,972,false]},"_links":{"self":[{"href":"https:\/\/nakanarach.pl\/index.php\/wp-json\/wp\/v2\/posts\/13613","targetHints":{"allow":["GET"]}}],"collection":[{"href":"https:\/\/nakanarach.pl\/index.php\/wp-json\/wp\/v2\/posts"}],"about":[{"href":"https:\/\/nakanarach.pl\/index.php\/wp-json\/wp\/v2\/types\/post"}],"author":[{"embeddable":true,"href":"https:\/\/nakanarach.pl\/index.php\/wp-json\/wp\/v2\/users\/4"}],"replies":[{"embeddable":true,"href":"https:\/\/nakanarach.pl\/index.php\/wp-json\/wp\/v2\/comments?post=13613"}],"version-history":[{"count":8,"href":"https:\/\/nakanarach.pl\/index.php\/wp-json\/wp\/v2\/posts\/13613\/revisions"}],"predecessor-version":[{"id":13704,"href":"https:\/\/nakanarach.pl\/index.php\/wp-json\/wp\/v2\/posts\/13613\/revisions\/13704"}],"wp:featuredmedia":[{"embeddable":true,"href":"https:\/\/nakanarach.pl\/index.php\/wp-json\/wp\/v2\/media\/2606"}],"wp:attachment":[{"href":"https:\/\/nakanarach.pl\/index.php\/wp-json\/wp\/v2\/media?parent=13613"}],"wp:term":[{"taxonomy":"category","embeddable":true,"href":"https:\/\/nakanarach.pl\/index.php\/wp-json\/wp\/v2\/categories?post=13613"},{"taxonomy":"post_tag","embeddable":true,"href":"https:\/\/nakanarach.pl\/index.php\/wp-json\/wp\/v2\/tags?post=13613"}],"curies":[{"name":"wp","href":"https:\/\/api.w.org\/{rel}","templated":true}]}}