{"id":13620,"date":"2026-03-27T08:28:47","date_gmt":"2026-03-27T08:28:47","guid":{"rendered":"https:\/\/nakanarach.pl\/?p=13620"},"modified":"2026-04-01T07:56:35","modified_gmt":"2026-04-01T06:56:35","slug":"wznowili-imprezy-czas-zaczac-zabawe","status":"publish","type":"post","link":"https:\/\/nakanarach.pl\/index.php\/2026\/03\/27\/wznowili-imprezy-czas-zaczac-zabawe\/","title":{"rendered":"WZNOWILI IMPREZY, CZAS ZACZ\u0104\u0106 ZABAW\u0118"},"content":{"rendered":"\n<p><strong>GRAN CANARIA: Po przej\u015bciu gwa\u0142townej burzy i zawieszeniu przez w\u0142adze regionalne wszystkich imprez plenerowych, na ten rajski archipelag wr\u00f3ci\u0142o s\u0142o\u0144ce i czas zabawy. 28 i 29 marca odb\u0119d\u0105 si\u0119 m.in. najwa\u017cniejsze wydarzenia podczas Mi\u0119dzynarodowego Karnawa\u0142u Maspalomas na po\u0142udniu Gran Canarii. <\/strong><\/p>\n\n\n\n<p>Z powodu burzowej pogody ju\u017c wcze\u015bniej odwo\u0142ano zaplanowane na 21 i 22 marca fina\u0142owe wydarzenia Mi\u0119dzynarodowego Karnawa\u0142u Maspalomas, kt\u00f3rego w tym roku tematem przewodnim jest &#8222;Cyrk&#8221; i zwi\u0105zane z tym stroje. Co do zasady, impreza ma charakter otwarty. Ka\u017cdy z jej uczestnik\u00f3w mo\u017ce obserwowa\u0107 przejazd platform na ulicy lub chodniku, albo po prostu w ka\u017cdym momencie mo\u017cna do\u0142\u0105czy\u0107 si\u0119 do tancerzy, kt\u00f3rzy id\u0105 za kolorowymi ci\u0119\u017car\u00f3wkami. Samo wej\u015bcie na platform\u0119 jest odp\u0142atne i obowi\u0105zuj\u0105 tam bilety wst\u0119pu.<\/p>\n\n\n\n<figure class=\"wp-block-image size-large\"><img fetchpriority=\"high\" decoding=\"async\" width=\"1024\" height=\"577\" src=\"https:\/\/nakanarach.pl\/wp-content\/uploads\/2026\/03\/Karnawal-2026-1-1024x577.jpg\" alt=\"\" class=\"wp-image-13668\" srcset=\"https:\/\/nakanarach.pl\/wp-content\/uploads\/2026\/03\/Karnawal-2026-1-1024x577.jpg 1024w, https:\/\/nakanarach.pl\/wp-content\/uploads\/2026\/03\/Karnawal-2026-1-300x169.jpg 300w, https:\/\/nakanarach.pl\/wp-content\/uploads\/2026\/03\/Karnawal-2026-1-768x432.jpg 768w, https:\/\/nakanarach.pl\/wp-content\/uploads\/2026\/03\/Karnawal-2026-1-1536x865.jpg 1536w, https:\/\/nakanarach.pl\/wp-content\/uploads\/2026\/03\/Karnawal-2026-1-2048x1153.jpg 2048w\" sizes=\"(max-width: 1024px) 100vw, 1024px\" \/><\/figure>\n\n\n\n<p>Zmiana, cho\u0107 uzasadniona wzgl\u0119dami bezpiecze\u0144stwa, by\u0142a ogromnym rozczarowaniem dla mieszka\u0144c\u00f3w i turyst\u00f3w, kt\u00f3ry w wi\u0119kszo\u015bci specjalnie przylecieli na t\u0119 wyj\u0105tkow\u0105 imprez\u0119. Organizatorzy szacowali frekwencj\u0119 na ponad 300 tys. os\u00f3b, z kt\u00f3rych wiele zarezerwowa\u0142o apartamenty i hotele na po\u0142udniu, a nawet planowa\u0142o przyjazd na wysp\u0119 specjalnie na fina\u0142ow\u0105 parad\u0119. <\/p>\n\n\n\n<figure class=\"wp-block-image size-large\"><img decoding=\"async\" width=\"1024\" height=\"577\" src=\"https:\/\/nakanarach.pl\/wp-content\/uploads\/2026\/03\/Karnawal-tancerki-1024x577.jpg\" alt=\"\" class=\"wp-image-13665\" srcset=\"https:\/\/nakanarach.pl\/wp-content\/uploads\/2026\/03\/Karnawal-tancerki-1024x577.jpg 1024w, https:\/\/nakanarach.pl\/wp-content\/uploads\/2026\/03\/Karnawal-tancerki-300x169.jpg 300w, https:\/\/nakanarach.pl\/wp-content\/uploads\/2026\/03\/Karnawal-tancerki-768x432.jpg 768w, https:\/\/nakanarach.pl\/wp-content\/uploads\/2026\/03\/Karnawal-tancerki-1536x865.jpg 1536w, https:\/\/nakanarach.pl\/wp-content\/uploads\/2026\/03\/Karnawal-tancerki-2048x1153.jpg 2048w\" sizes=\"(max-width: 1024px) 100vw, 1024px\" \/><\/figure>\n\n\n\n<p>27 marca odb\u0119dzie si\u0119 m.in. symulowana akcja ratunkowa \u201eAction of the Sardine\u201d w samo po\u0142udnie na pla\u017cy Maspalomas, a nast\u0119pnie zaplanowana jest Gala Turystyczna o godz. 21:00 w Centrum Handlowym Yumbo w Playa del Ingl\u00e9s. Wieczorne uroczysto\u015bci b\u0119d\u0105 kontynuowane z muzyk\u0105 i rozrywk\u0105 od godz. 23:00.<\/p>\n\n\n\n<p>Prze\u0142o\u017cona Wielka Parada Karnawa\u0142owa z udzia\u0142em ponad 100 platform z muzyk\u0105 i tancerzami odb\u0119dzie si\u0119 28 marca od godziny 17:00, po czym zaplanowano nocne imprezy z wyst\u0119pami na \u017cywo i DJ-ami. Wielka Parada Maspalomas 2026&nbsp;wyruszy w miejscowo\u015bci Playa del Ingl\u00e9s w El Veril (Hotel Parque Tropical), mijaj\u0105c Avenida de Italia, Avenida de Gran Canaria i Avenida 8 de Marzo, ko\u0144cz\u0105c na Avenida Touroperador TUI (w pobli\u017cu latarni morskiej Faro de Maspalomas).<\/p>\n\n\n\n<figure class=\"wp-block-image size-large\"><img decoding=\"async\" width=\"1024\" height=\"577\" src=\"https:\/\/nakanarach.pl\/wp-content\/uploads\/2026\/03\/Karnawal-Maspalomas-Platformy-2-1-1-1024x577.jpg\" alt=\"\" class=\"wp-image-13664\" srcset=\"https:\/\/nakanarach.pl\/wp-content\/uploads\/2026\/03\/Karnawal-Maspalomas-Platformy-2-1-1-1024x577.jpg 1024w, https:\/\/nakanarach.pl\/wp-content\/uploads\/2026\/03\/Karnawal-Maspalomas-Platformy-2-1-1-300x169.jpg 300w, https:\/\/nakanarach.pl\/wp-content\/uploads\/2026\/03\/Karnawal-Maspalomas-Platformy-2-1-1-768x432.jpg 768w, https:\/\/nakanarach.pl\/wp-content\/uploads\/2026\/03\/Karnawal-Maspalomas-Platformy-2-1-1-1536x865.jpg 1536w, https:\/\/nakanarach.pl\/wp-content\/uploads\/2026\/03\/Karnawal-Maspalomas-Platformy-2-1-1-2048x1153.jpg 2048w\" sizes=\"(max-width: 1024px) 100vw, 1024px\" \/><\/figure>\n\n\n\n<figure class=\"wp-block-gallery has-nested-images columns-default is-cropped wp-block-gallery-1 is-layout-flex wp-block-gallery-is-layout-flex\">\n<figure class=\"wp-block-image size-large\"><img loading=\"lazy\" decoding=\"async\" width=\"1024\" height=\"577\" data-id=\"13663\" src=\"https:\/\/nakanarach.pl\/wp-content\/uploads\/2026\/03\/Karnawal-Parada-noc-platforma-1-1024x577.jpg\" alt=\"\" class=\"wp-image-13663\" srcset=\"https:\/\/nakanarach.pl\/wp-content\/uploads\/2026\/03\/Karnawal-Parada-noc-platforma-1-1024x577.jpg 1024w, https:\/\/nakanarach.pl\/wp-content\/uploads\/2026\/03\/Karnawal-Parada-noc-platforma-1-300x169.jpg 300w, https:\/\/nakanarach.pl\/wp-content\/uploads\/2026\/03\/Karnawal-Parada-noc-platforma-1-768x432.jpg 768w, https:\/\/nakanarach.pl\/wp-content\/uploads\/2026\/03\/Karnawal-Parada-noc-platforma-1-1536x865.jpg 1536w, https:\/\/nakanarach.pl\/wp-content\/uploads\/2026\/03\/Karnawal-Parada-noc-platforma-1-2048x1153.jpg 2048w\" sizes=\"(max-width: 1024px) 100vw, 1024px\" \/><\/figure>\n<\/figure>\n\n\n\n<p>Uroczysto\u015bci zako\u0144cz\u0105 si\u0119 29 marca tradycyjnym groteskowym pogrzebem i spaleniem kuk\u0142y sardynki o godzinie 19:00 na pla\u017cy w Playa del Ingl\u00e9s. <strong>ZOBACZ VIDEO: <\/strong><\/p>\n\n\n\n<figure class=\"wp-block-embed is-type-video is-provider-tiktok wp-block-embed-tiktok\"><div class=\"wp-block-embed__wrapper\">\n<blockquote class=\"tiktok-embed\" cite=\"https:\/\/www.tiktok.com\/@nakanarach.pl\/video\/7623002867267341601\" data-video-id=\"7623002867267341601\" data-embed-from=\"oembed\" style=\"max-width:605px; min-width:325px;\"> <section> <a target=\"_blank\" title=\"@nakanarach.pl\" href=\"https:\/\/www.tiktok.com\/@nakanarach.pl?refer=embed\">@nakanarach.pl<\/a> <p>POGRZEB SARDYNKI NA KONIEC KARNAWA\u0141U GRAN CANARIA: Po przej\u015bciu gwa\u0142townej burzy i zawieszeniu przez w\u0142adze regionalne wszystkich imprez plenerowych, na ten rajski archipelag wr\u00f3ci\u0142o s\u0142o\u0144ce i czas zabawy.  28 i 29 marca odb\u0119d\u0105 si\u0119 m.in. najwa\u017cniejsze wydarzenia podczas Mi\u0119dzynarodowego Karnawa\u0142u Maspalomas na po\u0142udniu Gran Canarii. 29 marca 2026 r. by\u0142 tu tradycyjny pogrzeb sardynki, czyli groteskowy kondukt \u017ca\u0142obny.  Uczestnicy przebrani s\u0105 na czarno, za wdowy, wdowc\u00f3w, ksi\u0119\u017cy lub siostry zakonne (wdow\u0105 m\u00f3g\u0142 by\u0107 te\u017c m\u0119\u017cczyzna), uroczy\u015bcie zosta\u0142a spalona wielka kuk\u0142a sardynki co oznacza, \u017ce karnawa\u0142 dobieg\u0142 ko\u0144ca. CZYTAJ WI\u0118CEJ na portalu NaKanarach.pl: https:\/\/nakanarach.pl\/index.php\/2026\/03\/27\/wznowili-imprezy-czas-zaczac-zabawe\/<\/p> <a target=\"_blank\" title=\"\u266c oryginalny d\u017awi\u0119k - NaKanarach.pl\" href=\"https:\/\/www.tiktok.com\/music\/oryginalny-d\u017awi\u0119k-7623002915145304865?refer=embed\">\u266c oryginalny d\u017awi\u0119k &#8211; NaKanarach.pl<\/a> <\/section> <\/blockquote> <script async src=\"https:\/\/www.tiktok.com\/embed.js\"><\/script>\n<\/div><\/figure>\n\n\n\n<figure class=\"wp-block-image size-large\"><img loading=\"lazy\" decoding=\"async\" width=\"1024\" height=\"577\" src=\"https:\/\/nakanarach.pl\/wp-content\/uploads\/2026\/03\/Sardynka-na-plazy-Karnawal-1024x577.jpg\" alt=\"\" class=\"wp-image-13669\" srcset=\"https:\/\/nakanarach.pl\/wp-content\/uploads\/2026\/03\/Sardynka-na-plazy-Karnawal-1024x577.jpg 1024w, https:\/\/nakanarach.pl\/wp-content\/uploads\/2026\/03\/Sardynka-na-plazy-Karnawal-300x169.jpg 300w, https:\/\/nakanarach.pl\/wp-content\/uploads\/2026\/03\/Sardynka-na-plazy-Karnawal-768x432.jpg 768w, https:\/\/nakanarach.pl\/wp-content\/uploads\/2026\/03\/Sardynka-na-plazy-Karnawal-1536x865.jpg 1536w, https:\/\/nakanarach.pl\/wp-content\/uploads\/2026\/03\/Sardynka-na-plazy-Karnawal-2048x1153.jpg 2048w\" sizes=\"(max-width: 1024px) 100vw, 1024px\" \/><\/figure>\n\n\n\n<p>Karnawa\u0142 zako\u0144czy si\u0119 koncertem ku czci Juana Luisa Guerry o godzinie 21:00.<\/p>\n\n\n\n<p>Foto: Archiwum NaKanarach.pl<\/p>\n","protected":false},"excerpt":{"rendered":"<p>GRAN CANARIA: Po przej\u015bciu gwa\u0142townej burzy i zawieszeniu przez w\u0142adze regionalne wszystkich imprez plenerowych, na ten rajski archipelag wr\u00f3ci\u0142o s\u0142o\u0144ce i czas zabawy. 28 i 29 marca odb\u0119d\u0105 si\u0119 m.in. najwa\u017cniejsze wydarzenia podczas Mi\u0119dzynarodowego Karnawa\u0142u Maspalomas na po\u0142udniu Gran Canarii. Z powodu burzowej pogody ju\u017c wcze\u015bniej odwo\u0142ano zaplanowane na 21 i 22 marca fina\u0142owe wydarzenia [&hellip;]<\/p>\n","protected":false},"author":4,"featured_media":13660,"comment_status":"closed","ping_status":"open","sticky":false,"template":"","format":"standard","meta":{"om_disable_all_campaigns":false,"_monsterinsights_skip_tracking":false,"_monsterinsights_sitenote_active":false,"_monsterinsights_sitenote_note":"","_monsterinsights_sitenote_category":0,"footnotes":""},"categories":[12,54],"tags":[],"class_list":["post-13620","post","type-post","status-publish","format-standard","has-post-thumbnail","hentry","category-aktualnosci","category-imprezy"],"aioseo_notices":[],"blog_post_layout_featured_media_urls":{"thumbnail":["https:\/\/nakanarach.pl\/wp-content\/uploads\/2026\/03\/Parada-Karnawal-Maspalomas-2026-Ogolne-z-gory-150x150.jpg",150,150,true],"full":["https:\/\/nakanarach.pl\/wp-content\/uploads\/2026\/03\/Parada-Karnawal-Maspalomas-2026-Ogolne-z-gory-scaled.jpg",2560,1441,false]},"categories_names":{"12":{"name":"Aktualno\u015bci","link":"https:\/\/nakanarach.pl\/index.php\/category\/aktualnosci\/"},"54":{"name":"Imprezy","link":"https:\/\/nakanarach.pl\/index.php\/category\/imprezy\/"}},"tags_names":[],"comments_number":"0","wpmagazine_modules_lite_featured_media_urls":{"thumbnail":["https:\/\/nakanarach.pl\/wp-content\/uploads\/2026\/03\/Parada-Karnawal-Maspalomas-2026-Ogolne-z-gory-150x150.jpg",150,150,true],"cvmm-medium":["https:\/\/nakanarach.pl\/wp-content\/uploads\/2026\/03\/Parada-Karnawal-Maspalomas-2026-Ogolne-z-gory-300x300.jpg",300,300,true],"cvmm-medium-plus":["https:\/\/nakanarach.pl\/wp-content\/uploads\/2026\/03\/Parada-Karnawal-Maspalomas-2026-Ogolne-z-gory-305x207.jpg",305,207,true],"cvmm-portrait":["https:\/\/nakanarach.pl\/wp-content\/uploads\/2026\/03\/Parada-Karnawal-Maspalomas-2026-Ogolne-z-gory-400x600.jpg",400,600,true],"cvmm-medium-square":["https:\/\/nakanarach.pl\/wp-content\/uploads\/2026\/03\/Parada-Karnawal-Maspalomas-2026-Ogolne-z-gory-600x600.jpg",600,600,true],"cvmm-large":["https:\/\/nakanarach.pl\/wp-content\/uploads\/2026\/03\/Parada-Karnawal-Maspalomas-2026-Ogolne-z-gory-1024x1024.jpg",1024,1024,true],"cvmm-small":["https:\/\/nakanarach.pl\/wp-content\/uploads\/2026\/03\/Parada-Karnawal-Maspalomas-2026-Ogolne-z-gory-130x95.jpg",130,95,true],"full":["https:\/\/nakanarach.pl\/wp-content\/uploads\/2026\/03\/Parada-Karnawal-Maspalomas-2026-Ogolne-z-gory-scaled.jpg",2560,1441,false]},"_links":{"self":[{"href":"https:\/\/nakanarach.pl\/index.php\/wp-json\/wp\/v2\/posts\/13620","targetHints":{"allow":["GET"]}}],"collection":[{"href":"https:\/\/nakanarach.pl\/index.php\/wp-json\/wp\/v2\/posts"}],"about":[{"href":"https:\/\/nakanarach.pl\/index.php\/wp-json\/wp\/v2\/types\/post"}],"author":[{"embeddable":true,"href":"https:\/\/nakanarach.pl\/index.php\/wp-json\/wp\/v2\/users\/4"}],"replies":[{"embeddable":true,"href":"https:\/\/nakanarach.pl\/index.php\/wp-json\/wp\/v2\/comments?post=13620"}],"version-history":[{"count":8,"href":"https:\/\/nakanarach.pl\/index.php\/wp-json\/wp\/v2\/posts\/13620\/revisions"}],"predecessor-version":[{"id":13715,"href":"https:\/\/nakanarach.pl\/index.php\/wp-json\/wp\/v2\/posts\/13620\/revisions\/13715"}],"wp:featuredmedia":[{"embeddable":true,"href":"https:\/\/nakanarach.pl\/index.php\/wp-json\/wp\/v2\/media\/13660"}],"wp:attachment":[{"href":"https:\/\/nakanarach.pl\/index.php\/wp-json\/wp\/v2\/media?parent=13620"}],"wp:term":[{"taxonomy":"category","embeddable":true,"href":"https:\/\/nakanarach.pl\/index.php\/wp-json\/wp\/v2\/categories?post=13620"},{"taxonomy":"post_tag","embeddable":true,"href":"https:\/\/nakanarach.pl\/index.php\/wp-json\/wp\/v2\/tags?post=13620"}],"curies":[{"name":"wp","href":"https:\/\/api.w.org\/{rel}","templated":true}]}}