{"id":13643,"date":"2026-03-26T13:36:32","date_gmt":"2026-03-26T13:36:32","guid":{"rendered":"https:\/\/nakanarach.pl\/?p=13643"},"modified":"2026-03-31T12:00:06","modified_gmt":"2026-03-31T11:00:06","slug":"wiosenna-gazeta-pt-nakanarach-pl","status":"publish","type":"post","link":"https:\/\/nakanarach.pl\/index.php\/2026\/03\/26\/wiosenna-gazeta-pt-nakanarach-pl\/","title":{"rendered":"WIOSENNA GAZETA PT. &#8222;NAKANARACH.PL&#8221;"},"content":{"rendered":"\n<p><strong>WYSPY KANARYJSKIE: Wraz z nadej\u015bciem wiosny na archipelagu na najwi\u0119kszych wyspach pojawi\u0142o si\u0119 nowe wydanie bezp\u0142atnej i jedynej tutaj gazety polonijnej pt. \u201e<a href=\"http:\/\/nakanarach.pl\/?fbclid=IwZXh0bgNhZW0CMTAAc3J0YwZhcHBfaWQQMjIyMDM5MTc4ODIwMDg5MgABHmkGuVe2oF6bqCybWyMTYlPClSAcL4r1BL87TRwgayZ8pyoodC-Qr4_40z6i_aem_9YV_l8poKXPJdFFy5FYYVA\" target=\"_blank\" rel=\"noreferrer noopener\">NaKanarach.pl<\/a>\u201d. <\/strong><\/p>\n\n\n\n<p>Raz na kwarta\u0142 pojawia si\u0119 nasza bezp\u0142atna gazeta, kt\u00f3r\u0105 czytaj\u0105 zar\u00f3wno polskoj\u0119zyczni mieszka\u0144cy, jak i tury\u015bci na rajskich Wyspach Kanaryjskich.<\/p>\n\n\n\n<figure class=\"wp-block-image size-large\"><img fetchpriority=\"high\" decoding=\"async\" width=\"577\" height=\"1024\" src=\"http:\/\/nakanarach.pl\/wp-content\/uploads\/2026\/03\/NaKanarach-Wiosna-26-Fot-1_11zon-577x1024.jpg\" alt=\"\" class=\"wp-image-13644\" srcset=\"https:\/\/nakanarach.pl\/wp-content\/uploads\/2026\/03\/NaKanarach-Wiosna-26-Fot-1_11zon-577x1024.jpg 577w, https:\/\/nakanarach.pl\/wp-content\/uploads\/2026\/03\/NaKanarach-Wiosna-26-Fot-1_11zon-169x300.jpg 169w, https:\/\/nakanarach.pl\/wp-content\/uploads\/2026\/03\/NaKanarach-Wiosna-26-Fot-1_11zon-768x1364.jpg 768w, https:\/\/nakanarach.pl\/wp-content\/uploads\/2026\/03\/NaKanarach-Wiosna-26-Fot-1_11zon-865x1536.jpg 865w, https:\/\/nakanarach.pl\/wp-content\/uploads\/2026\/03\/NaKanarach-Wiosna-26-Fot-1_11zon-1153x2048.jpg 1153w, https:\/\/nakanarach.pl\/wp-content\/uploads\/2026\/03\/NaKanarach-Wiosna-26-Fot-1_11zon-scaled.jpg 1441w\" sizes=\"(max-width: 577px) 100vw, 577px\" \/><\/figure>\n\n\n\n<p>Bezp\u0142atna gazeta polonijna jest dost\u0119pna na najwi\u0119kszych wyspach archipelagu m.in. na Teneryfie (<a href=\"https:\/\/www.facebook.com\/DELICIASDEPOLONIA2019?__cft__[0]=AZbHYyG5PUrGYzNhTHg-d1qedcbitxcAju1qSlSYgEOao4GoS14vZ2RtgOMJnJpVfguZ9CU7E_xgIkr_nQvrUjzI0VvccCCopTertBf0CzIfWVSsoy4vXHWtnvhr7o_iYOgQ35-1MiSJ8dBOAc4MSJsaFn9hiCsWoZnmmJx_RvuVVA&amp;__tn__=-]K-R\">Delicias de Polonia en Tenerife<\/a>), Gran Canaria (@<a href=\"https:\/\/www.facebook.com\/profile.php?id=100067313464478&amp;__cft__[0]=AZbHYyG5PUrGYzNhTHg-d1qedcbitxcAju1qSlSYgEOao4GoS14vZ2RtgOMJnJpVfguZ9CU7E_xgIkr_nQvrUjzI0VvccCCopTertBf0CzIfWVSsoy4vXHWtnvhr7o_iYOgQ35-1MiSJ8dBOAc4MSJsaFn9hiCsWoZnmmJx_RvuVVA&amp;__tn__=-]K-R\">Bg-Booom<\/a>, Informacja Turystyna &#8211; Latarnia Faro de Maspalomas, Centrum Handlowe Yumbo i firma GranCan Tours), Furteventura (kiosk Fuertecharter w Corralejo) oraz Lanzarote (Restauracja El Polaco).<\/p>\n\n\n\n<figure class=\"wp-block-image size-large\"><img decoding=\"async\" width=\"768\" height=\"1024\" src=\"http:\/\/nakanarach.pl\/wp-content\/uploads\/2026\/03\/NaKanarach.pl-Wiosna-26-Fuertecharter-768x1024.jpg\" alt=\"\" class=\"wp-image-13647\" srcset=\"https:\/\/nakanarach.pl\/wp-content\/uploads\/2026\/03\/NaKanarach.pl-Wiosna-26-Fuertecharter-768x1024.jpg 768w, https:\/\/nakanarach.pl\/wp-content\/uploads\/2026\/03\/NaKanarach.pl-Wiosna-26-Fuertecharter-225x300.jpg 225w, https:\/\/nakanarach.pl\/wp-content\/uploads\/2026\/03\/NaKanarach.pl-Wiosna-26-Fuertecharter-1152x1536.jpg 1152w, https:\/\/nakanarach.pl\/wp-content\/uploads\/2026\/03\/NaKanarach.pl-Wiosna-26-Fuertecharter.jpg 1200w\" sizes=\"(max-width: 768px) 100vw, 768px\" \/><\/figure>\n\n\n\n<p>Zam\u00f3w reklam\u0119 w pakiecie na naszej stronie internetowej i w gazecie!<\/p>\n\n\n\n<p>INTERNETOWE BIURO REKLAMY<\/p>\n\n\n\n<p>tel. +34 644 081 688<\/p>\n\n\n\n<p>e-mail: nakanarachpl@gmail.com<\/p>\n\n\n\n<p>Foto: NaKanarach.pl, Fuertecharter<\/p>\n","protected":false},"excerpt":{"rendered":"<p>WYSPY KANARYJSKIE: Wraz z nadej\u015bciem wiosny na archipelagu na najwi\u0119kszych wyspach pojawi\u0142o si\u0119 nowe wydanie bezp\u0142atnej i jedynej tutaj gazety polonijnej pt. \u201eNaKanarach.pl\u201d. Raz na kwarta\u0142 pojawia si\u0119 nasza bezp\u0142atna gazeta, kt\u00f3r\u0105 czytaj\u0105 zar\u00f3wno polskoj\u0119zyczni mieszka\u0144cy, jak i tury\u015bci na rajskich Wyspach Kanaryjskich. Bezp\u0142atna gazeta polonijna jest dost\u0119pna na najwi\u0119kszych wyspach archipelagu m.in. na Teneryfie [&hellip;]<\/p>\n","protected":false},"author":4,"featured_media":13695,"comment_status":"closed","ping_status":"open","sticky":false,"template":"","format":"standard","meta":{"om_disable_all_campaigns":false,"_monsterinsights_skip_tracking":false,"_monsterinsights_sitenote_active":false,"_monsterinsights_sitenote_note":"","_monsterinsights_sitenote_category":0,"footnotes":""},"categories":[79],"tags":[],"class_list":["post-13643","post","type-post","status-publish","format-standard","has-post-thumbnail","hentry","category-wiecej-informacji"],"aioseo_notices":[],"blog_post_layout_featured_media_urls":{"thumbnail":["https:\/\/nakanarach.pl\/wp-content\/uploads\/2026\/03\/Gazeta-NK-Wiosna-2026-150x150.jpg",150,150,true],"full":["https:\/\/nakanarach.pl\/wp-content\/uploads\/2026\/03\/Gazeta-NK-Wiosna-2026.jpg",1536,2048,false]},"categories_names":{"79":{"name":"Wi\u0119cej informacji","link":"https:\/\/nakanarach.pl\/index.php\/category\/wiecej-informacji\/"}},"tags_names":[],"comments_number":"0","wpmagazine_modules_lite_featured_media_urls":{"thumbnail":["https:\/\/nakanarach.pl\/wp-content\/uploads\/2026\/03\/Gazeta-NK-Wiosna-2026-150x150.jpg",150,150,true],"cvmm-medium":["https:\/\/nakanarach.pl\/wp-content\/uploads\/2026\/03\/Gazeta-NK-Wiosna-2026-300x300.jpg",300,300,true],"cvmm-medium-plus":["https:\/\/nakanarach.pl\/wp-content\/uploads\/2026\/03\/Gazeta-NK-Wiosna-2026-305x207.jpg",305,207,true],"cvmm-portrait":["https:\/\/nakanarach.pl\/wp-content\/uploads\/2026\/03\/Gazeta-NK-Wiosna-2026-400x600.jpg",400,600,true],"cvmm-medium-square":["https:\/\/nakanarach.pl\/wp-content\/uploads\/2026\/03\/Gazeta-NK-Wiosna-2026-600x600.jpg",600,600,true],"cvmm-large":["https:\/\/nakanarach.pl\/wp-content\/uploads\/2026\/03\/Gazeta-NK-Wiosna-2026-1024x1024.jpg",1024,1024,true],"cvmm-small":["https:\/\/nakanarach.pl\/wp-content\/uploads\/2026\/03\/Gazeta-NK-Wiosna-2026-130x95.jpg",130,95,true],"full":["https:\/\/nakanarach.pl\/wp-content\/uploads\/2026\/03\/Gazeta-NK-Wiosna-2026.jpg",1536,2048,false]},"_links":{"self":[{"href":"https:\/\/nakanarach.pl\/index.php\/wp-json\/wp\/v2\/posts\/13643","targetHints":{"allow":["GET"]}}],"collection":[{"href":"https:\/\/nakanarach.pl\/index.php\/wp-json\/wp\/v2\/posts"}],"about":[{"href":"https:\/\/nakanarach.pl\/index.php\/wp-json\/wp\/v2\/types\/post"}],"author":[{"embeddable":true,"href":"https:\/\/nakanarach.pl\/index.php\/wp-json\/wp\/v2\/users\/4"}],"replies":[{"embeddable":true,"href":"https:\/\/nakanarach.pl\/index.php\/wp-json\/wp\/v2\/comments?post=13643"}],"version-history":[{"count":3,"href":"https:\/\/nakanarach.pl\/index.php\/wp-json\/wp\/v2\/posts\/13643\/revisions"}],"predecessor-version":[{"id":13696,"href":"https:\/\/nakanarach.pl\/index.php\/wp-json\/wp\/v2\/posts\/13643\/revisions\/13696"}],"wp:featuredmedia":[{"embeddable":true,"href":"https:\/\/nakanarach.pl\/index.php\/wp-json\/wp\/v2\/media\/13695"}],"wp:attachment":[{"href":"https:\/\/nakanarach.pl\/index.php\/wp-json\/wp\/v2\/media?parent=13643"}],"wp:term":[{"taxonomy":"category","embeddable":true,"href":"https:\/\/nakanarach.pl\/index.php\/wp-json\/wp\/v2\/categories?post=13643"},{"taxonomy":"post_tag","embeddable":true,"href":"https:\/\/nakanarach.pl\/index.php\/wp-json\/wp\/v2\/tags?post=13643"}],"curies":[{"name":"wp","href":"https:\/\/api.w.org\/{rel}","templated":true}]}}