{"id":13650,"date":"2026-03-30T07:39:11","date_gmt":"2026-03-30T06:39:11","guid":{"rendered":"https:\/\/nakanarach.pl\/?p=13650"},"modified":"2026-03-30T09:08:29","modified_gmt":"2026-03-30T08:08:29","slug":"tragedia-w-oceanie","status":"publish","type":"post","link":"https:\/\/nakanarach.pl\/index.php\/2026\/03\/30\/tragedia-w-oceanie\/","title":{"rendered":"TRAGEDIA W OCEANIE"},"content":{"rendered":"\n<p><strong>GRAN CANARIA: 15-letnia urlopowiczka zosta\u0142 znaleziona martwa w wodach Atlantyku w pobli\u017cu doku w turystycznym kurorcie Puerto Rico, na po\u0142udniu Gran Canarii. <\/strong><\/p>\n\n\n\n<p>Cia\u0142o norweskiej nastolatki odkryto w wodzie 28 marca 2026 r. i zosta\u0142o formalnie zidentyfikowane przez jej matk\u0119. <\/p>\n\n\n\n<p>Cia\u0142o dziewczyny znaleziono dryfuj\u0105ce na oceanie pomi\u0119dzy portem a Balito, po tym jak zauwa\u017cy\u0142 je jeden z przechodni\u00f3w.<\/p>\n\n\n\n<p>Przyczyna zgonu nie jest jeszcze znana. Po identyfikacji cia\u0142o przewieziono do Instytutu Medycyny S\u0105dowej i Nauk S\u0105dowych w Las Palmas de Gran Canaria w celu przeprowadzenia sekcji zw\u0142ok.<\/p>\n\n\n\n<p>S\u0142u\u017cby ratunkowe zosta\u0142y zaalarmowane oko\u0142o godziny 9:00, kiedy centrum telefoniczne 112 otrzyma\u0142o zg\u0142oszenie o ciele znajduj\u0105cym si\u0119 w wodzie oko\u0142o 40-50 metr\u00f3w od wybrze\u017ca.<\/p>\n\n\n\n<p>Funkcjonariusze Gwardii Cywilnej potwierdzili, \u017ce na miejscu zdarzenia pojawi\u0142 si\u0119 zesp\u00f3\u0142 policji s\u0105dowej, kt\u00f3ry bada okoliczno\u015bci \u015bmierci, i nie wyklucza \u017cadnej hipotezy w toku swojego \u015bledztwa.<\/p>\n\n\n\n<p>Nastoletnia turystka by\u0142a zakwaterowana z rodzin\u0105 w mieszkaniach w dzielnicy Barranco Agua La Perra, na po\u0142udniu wyspy.<\/p>\n\n\n\n<p>Na tym etapie nie ujawniono \u017cadnych dalszych szczeg\u00f3\u0142\u00f3w, a dok\u0142adna przyczyna zdarzenia wci\u0105\u017c pozostaje do wyja\u015bnienia.<\/p>\n\n\n\n<p>Foto: Zdj\u0119cie ilustracyjne NaKanarach.pl<\/p>\n","protected":false},"excerpt":{"rendered":"<p>GRAN CANARIA: 15-letnia urlopowiczka zosta\u0142 znaleziona martwa w wodach Atlantyku w pobli\u017cu doku w turystycznym kurorcie Puerto Rico, na po\u0142udniu Gran Canarii. Cia\u0142o norweskiej nastolatki odkryto w wodzie 28 marca 2026 r. i zosta\u0142o formalnie zidentyfikowane przez jej matk\u0119. Cia\u0142o dziewczyny znaleziono dryfuj\u0105ce na oceanie pomi\u0119dzy portem a Balito, po tym jak zauwa\u017cy\u0142 je jeden [&hellip;]<\/p>\n","protected":false},"author":4,"featured_media":13651,"comment_status":"closed","ping_status":"open","sticky":false,"template":"","format":"standard","meta":{"om_disable_all_campaigns":false,"_monsterinsights_skip_tracking":false,"_monsterinsights_sitenote_active":false,"_monsterinsights_sitenote_note":"","_monsterinsights_sitenote_category":0,"footnotes":""},"categories":[12],"tags":[],"class_list":["post-13650","post","type-post","status-publish","format-standard","has-post-thumbnail","hentry","category-aktualnosci"],"aioseo_notices":[],"blog_post_layout_featured_media_urls":{"thumbnail":["https:\/\/nakanarach.pl\/wp-content\/uploads\/2026\/03\/Ogrodzona-plaza-1-150x150.jpg",150,150,true],"full":["https:\/\/nakanarach.pl\/wp-content\/uploads\/2026\/03\/Ogrodzona-plaza-1-scaled.jpg",2560,1441,false]},"categories_names":{"12":{"name":"Aktualno\u015bci","link":"https:\/\/nakanarach.pl\/index.php\/category\/aktualnosci\/"}},"tags_names":[],"comments_number":"0","wpmagazine_modules_lite_featured_media_urls":{"thumbnail":["https:\/\/nakanarach.pl\/wp-content\/uploads\/2026\/03\/Ogrodzona-plaza-1-150x150.jpg",150,150,true],"cvmm-medium":["https:\/\/nakanarach.pl\/wp-content\/uploads\/2026\/03\/Ogrodzona-plaza-1-300x300.jpg",300,300,true],"cvmm-medium-plus":["https:\/\/nakanarach.pl\/wp-content\/uploads\/2026\/03\/Ogrodzona-plaza-1-305x207.jpg",305,207,true],"cvmm-portrait":["https:\/\/nakanarach.pl\/wp-content\/uploads\/2026\/03\/Ogrodzona-plaza-1-400x600.jpg",400,600,true],"cvmm-medium-square":["https:\/\/nakanarach.pl\/wp-content\/uploads\/2026\/03\/Ogrodzona-plaza-1-600x600.jpg",600,600,true],"cvmm-large":["https:\/\/nakanarach.pl\/wp-content\/uploads\/2026\/03\/Ogrodzona-plaza-1-1024x1024.jpg",1024,1024,true],"cvmm-small":["https:\/\/nakanarach.pl\/wp-content\/uploads\/2026\/03\/Ogrodzona-plaza-1-130x95.jpg",130,95,true],"full":["https:\/\/nakanarach.pl\/wp-content\/uploads\/2026\/03\/Ogrodzona-plaza-1-scaled.jpg",2560,1441,false]},"_links":{"self":[{"href":"https:\/\/nakanarach.pl\/index.php\/wp-json\/wp\/v2\/posts\/13650","targetHints":{"allow":["GET"]}}],"collection":[{"href":"https:\/\/nakanarach.pl\/index.php\/wp-json\/wp\/v2\/posts"}],"about":[{"href":"https:\/\/nakanarach.pl\/index.php\/wp-json\/wp\/v2\/types\/post"}],"author":[{"embeddable":true,"href":"https:\/\/nakanarach.pl\/index.php\/wp-json\/wp\/v2\/users\/4"}],"replies":[{"embeddable":true,"href":"https:\/\/nakanarach.pl\/index.php\/wp-json\/wp\/v2\/comments?post=13650"}],"version-history":[{"count":3,"href":"https:\/\/nakanarach.pl\/index.php\/wp-json\/wp\/v2\/posts\/13650\/revisions"}],"predecessor-version":[{"id":13656,"href":"https:\/\/nakanarach.pl\/index.php\/wp-json\/wp\/v2\/posts\/13650\/revisions\/13656"}],"wp:featuredmedia":[{"embeddable":true,"href":"https:\/\/nakanarach.pl\/index.php\/wp-json\/wp\/v2\/media\/13651"}],"wp:attachment":[{"href":"https:\/\/nakanarach.pl\/index.php\/wp-json\/wp\/v2\/media?parent=13650"}],"wp:term":[{"taxonomy":"category","embeddable":true,"href":"https:\/\/nakanarach.pl\/index.php\/wp-json\/wp\/v2\/categories?post=13650"},{"taxonomy":"post_tag","embeddable":true,"href":"https:\/\/nakanarach.pl\/index.php\/wp-json\/wp\/v2\/tags?post=13650"}],"curies":[{"name":"wp","href":"https:\/\/api.w.org\/{rel}","templated":true}]}}