{"id":13781,"date":"2026-04-30T09:47:12","date_gmt":"2026-04-30T08:47:12","guid":{"rendered":"https:\/\/nakanarach.pl\/?p=13781"},"modified":"2026-04-30T09:47:14","modified_gmt":"2026-04-30T08:47:14","slug":"ceny-paliwa-drastycznie-w-gore","status":"publish","type":"post","link":"https:\/\/nakanarach.pl\/index.php\/2026\/04\/30\/ceny-paliwa-drastycznie-w-gore\/","title":{"rendered":"CENY PALIWA DRASTYCZNIE W G\u00d3R\u0118"},"content":{"rendered":"\n<p><strong>WYSPY KANARYJSKIE: Jeszcze do niedawna Wyspy Kanaryjskie by\u0142y rajem nie tylko dla milion\u00f3w turyst\u00f3w, ale tak\u017ce dla wielu kierowc\u00f3w. By\u0142y tu najni\u017csze ceny benzyny w Unii Europejskiej. Teraz u\u017cytkownicy pojazd\u00f3w przecieraj\u0105 oczy ze zdziwienia, patrz\u0105c na dro\u017cej\u0105cy rynek paliwowy. <\/strong><\/p>\n\n\n\n<p>Jak wynika z danych opublikowanych w lipcu 2025 r. w Biuletynie Naftowym Komisji Europejskiej (European Commission\u2019s Oil Bulletin&nbsp;\u2013 https:\/\/energy.ec.europa.eu\/data-and-analysis\/weekly-oil-bulletin_en) kontynentalna Hiszpania nie znajdowa\u0142a si\u0119 w\u00f3wczas w czo\u0142\u00f3wce kraj\u00f3w z najta\u0144szym paliwem: Euro super 95 \u2013 1,5 euro (6,37 z\u0142) oraz za diesla \u2013 1,43 euro (6.07 z\u0142). Okazuje si\u0119, \u017ce najwi\u0119ksze powody do rado\u015bci mieli dotychczas kierowcy i tury\u015bci na hiszpa\u0144skich Wyspach Kanaryjskich. Na 2. miejscu za Kanarami znalaz\u0142a si\u0119 w 2025 roku Bu\u0142garia (1,24 euro \u2013 5,30 z\u0142), a na kolejnym Malta (1,34 euro \u2013 5,76 z\u0142). <\/p>\n\n\n\n<p>Jak sprawdzi\u0142 portal NaKanarach.pl w tutystycznym obszarze Maspalomas na po\u0142udniu Gran Canarii na jednej ze stacji paliwo kosztowa\u0142o w lipcu 2025 r. zaledwie 1,069 za litr (przy \u00f3wczesnym kursie euro w przeliczeniu ok. 4,6 z\u0142). Na p\u00f3\u0142nocy wyspy cena wynosi\u0142a nawet 0,98 euro (w\u00f3wczas 4,15 z\u0142). Na kolejnych ok. 1,15 i 1,16 euro (poni\u017cej 5 z\u0142). Wp\u0142yw na ceny benzyny na archipelagu ma m.in. niski odpowiednik podatku VAT tzw. IGIC w wysoko\u015bci 7 procent. <\/p>\n\n\n\n<figure class=\"wp-block-image size-large\"><img fetchpriority=\"high\" decoding=\"async\" width=\"1024\" height=\"717\" src=\"http:\/\/nakanarach.pl\/wp-content\/uploads\/2025\/07\/Paliwo-Lipiec-2025_11zon-1024x717.jpg\" alt=\"\" class=\"wp-image-10932\" srcset=\"https:\/\/nakanarach.pl\/wp-content\/uploads\/2025\/07\/Paliwo-Lipiec-2025_11zon-1024x717.jpg 1024w, https:\/\/nakanarach.pl\/wp-content\/uploads\/2025\/07\/Paliwo-Lipiec-2025_11zon-300x210.jpg 300w, https:\/\/nakanarach.pl\/wp-content\/uploads\/2025\/07\/Paliwo-Lipiec-2025_11zon-768x538.jpg 768w, https:\/\/nakanarach.pl\/wp-content\/uploads\/2025\/07\/Paliwo-Lipiec-2025_11zon-1536x1076.jpg 1536w, https:\/\/nakanarach.pl\/wp-content\/uploads\/2025\/07\/Paliwo-Lipiec-2025_11zon-2048x1435.jpg 2048w\" sizes=\"(max-width: 1024px) 100vw, 1024px\" \/><figcaption class=\"wp-element-caption\"><strong><em>Foto: Archiwum z lipca 2025 r. \/ NaKanarach.pl<\/em><\/strong><\/figcaption><\/figure>\n\n\n\n<p>Teraz ta cena wystrzeli\u0142a w g\u00f3r\u0119 do ok. 1,39 &#8211; 1,5 euro (przy obecnym kursie walutowym po przeliczeniu ok. 5,97 &#8211; 6,45 z\u0142) za litr benzyny PB95, a do diesla jest o ponad 1 euro dro\u017cszy, co wielu kierowc\u00f3w nie tylko na tym rajskim archipelagu przyprawia obecnie o zawr\u00f3t g\u0142owy i pow\u00f3d do zmartwienia.<\/p>\n\n\n\n<p>Rz\u0105d centralny Hiszpanii chcia\u0142 obni\u017cy\u0107 podatek VAT na paliwo z 22 do 10 procent, ale Komisja Europejska wys\u0142a\u0142a natychmiast do Madrytu pismo ostrzegawcze na podstawie dyrektywy 2006\/112, gro\u017c\u0105c sankcjami i karami grzywny po wdro\u017ceniu takich regulacji, kt\u00f3re w praktyce mia\u0142y ul\u017cy\u0107 portfelom milion\u00f3w kierowc\u00f3w. <\/p>\n\n\n\n<p>Jeszcze dalej planowa\u0142 posun\u0105\u0107 si\u0119 Autonomiczny Rz\u0105d Wysp Kanaryjskich, kt\u00f3ry potwierdzi\u0142 plany obni\u017cenia podatku od paliw do 0% w ramach pakietu nadzwyczajnych \u015brodk\u00f3w maj\u0105cych na celu z\u0142agodzenie rosn\u0105cych koszt\u00f3w utrzymania. Decyzja ta, og\u0142oszona przez wiceprezydenta archipalgu Manuela Dom\u00edngueza, wpisuje si\u0119 w szersz\u0105 reakcj\u0119 na gospodarcze skutki trwaj\u0105cego kryzysu mi\u0119dzynarodowego na Bliskim Wschodzie, kt\u00f3ry doprowadzi\u0142 do wzrostu cen paliw i energii.<\/p>\n\n\n\n<p>Kluczow\u0105 zmian\u0105 jest obni\u017cenie stawki IGIC, kanaryjskiego odpowiednika podatku VAT, na paliwo z 1% do 0%. Celem jest obni\u017cenie cen na stacjach benzynowych i zmniejszenie presji na gospodarstwa domowe i firmy. Ceny paliw na Wyspach Kanaryjskich nadal rosn\u0105, pomimo zniesienia przez rz\u0105d 1% podatku po\u015bredniego IGIC (og\u00f3lnego podatku po\u015bredniego Wysp Kanaryjskich) stosowanego wcze\u015bniej do importu i sprzeda\u017cy paliw. <\/p>\n\n\n\n<p>Wed\u0142ug danych Krajowej Komisji ds. Rynk\u00f3w i Konkurencji (Comisi\u00f3n Nacional de los Mercados y la Competencia CNMC) ceny paliw faktycznie wzros\u0142y od czasu wej\u015bcia w \u017cycie obni\u017cki podatk\u00f3w.<\/p>\n\n\n\n<p>W dniu poprzedzaj\u0105cym zmian\u0119 \u015brednia cena benzyny (95 oktan\u00f3w) wynosi\u0142a 1,43 euro za litr, a oleju nap\u0119dowego 1,56 euro. Kilka tygodni p\u00f3\u017aniej ceny te wzros\u0142y odpowiednio do 1,46 euro i 1,62 euro.<\/p>\n\n\n\n<p>Mimo \u017ce tempo wzrostu nieco spad\u0142o, dane wskazuj\u0105, \u017ce obni\u017cka podatk\u00f3w nie przynios\u0142a jeszcze znacz\u0105cych korzy\u015bci konsumentom.<\/p>\n\n\n\n<p>Opr\u00f3cz paliwa rz\u0105d planuje r\u00f3wnie\u017c wprowadzi\u0107 0% podatek na szereg artyku\u0142\u00f3w spo\u017cywczych, kt\u00f3re nadal s\u0105 opodatkowane, np. kaw\u0119, s\u00f3l i mas\u0142o.<\/p>\n\n\n\n<p>Obni\u017cka podatk\u00f3w to tylko cz\u0119\u015b\u0107 szerszego pakietu wsparcia o warto\u015bci prawie 30 milion\u00f3w euro, kt\u00f3ry planowano rozdysponowa\u0107 na nast\u0119pne 100 dni.<\/p>\n\n\n\n<p>Inne \u015brodki obejmuj\u0105:<\/p>\n\n\n\n<ul class=\"wp-block-list\">\n<li>Ulgi podatkowe od paliw do 99% dla pracownik\u00f3w transportu i rolnik\u00f3w<\/li>\n\n\n\n<li>Bezpo\u015brednie wsparcie finansowe dla rolnictwa, rybo\u0142\u00f3wstwa i przemys\u0142u<\/li>\n\n\n\n<li>Ulga podatkowa dla ma\u0142ych samozatrudnionych pracownik\u00f3w zarabiaj\u0105cych poni\u017cej 50 tys. euro rocznie<\/li>\n<\/ul>\n\n\n\n<p>Poniewa\u017c Wyspy Kanaryjskie maj\u0105 w\u0142asny system podatkowy, nie mog\u0105 bezpo\u015brednio korzysta\u0107 z obni\u017cek podatku VAT w kontynentalnej cz\u0119\u015bci Hiszpanii. W zwi\u0105zku z tym w\u0142adze lokalne planuj\u0105 w\u0142asne \u015brodki, maj\u0105ce na celu ochron\u0119 mieszka\u0144c\u00f3w.<\/p>\n\n\n\n<p>Urz\u0119dnicy stwierdzili, \u017ce chocia\u017c obni\u017cka podatk\u00f3w ma na celu redukcj\u0119 koszt\u00f3w, to b\u0119d\u0105 monitorowa\u0107, czy oszcz\u0119dno\u015bci przek\u0142adaj\u0105 si\u0119 na korzy\u015bci dla konsument\u00f3w na stacjach benzynowych i w sklepach.<\/p>\n\n\n\n<p>Oczekuje si\u0119, \u017ce \u015brodki te mog\u0142yby wej\u015b\u0107 w \u017cycie wkr\u00f3tce, chocia\u017c na razie nie wiadomo, jaki wp\u0142yw na t\u0119 decyzj\u0119 b\u0119dzie mie\u0107 niedawne pismo ostrzegawcze z Komisji Europejskiej do hiszpa\u0144skiego rz\u0105du centralnego. <\/p>\n\n\n\n<p>Foto: NaKanarach.pl<\/p>\n","protected":false},"excerpt":{"rendered":"<p>WYSPY KANARYJSKIE: Jeszcze do niedawna Wyspy Kanaryjskie by\u0142y rajem nie tylko dla milion\u00f3w turyst\u00f3w, ale tak\u017ce dla wielu kierowc\u00f3w. By\u0142y tu najni\u017csze ceny benzyny w Unii Europejskiej. Teraz u\u017cytkownicy pojazd\u00f3w przecieraj\u0105 oczy ze zdziwienia, patrz\u0105c na dro\u017cej\u0105cy rynek paliwowy. Jak wynika z danych opublikowanych w lipcu 2025 r. w Biuletynie Naftowym Komisji Europejskiej (European Commission\u2019s [&hellip;]<\/p>\n","protected":false},"author":4,"featured_media":13834,"comment_status":"closed","ping_status":"open","sticky":false,"template":"","format":"standard","meta":{"om_disable_all_campaigns":false,"_monsterinsights_skip_tracking":false,"_monsterinsights_sitenote_active":false,"_monsterinsights_sitenote_note":"","_monsterinsights_sitenote_category":0,"footnotes":""},"categories":[89,79],"tags":[],"class_list":["post-13781","post","type-post","status-publish","format-standard","has-post-thumbnail","hentry","category-samochody-2","category-wiecej-informacji"],"aioseo_notices":[],"blog_post_layout_featured_media_urls":{"thumbnail":["https:\/\/nakanarach.pl\/wp-content\/uploads\/2026\/04\/Paliwo-2026-Maspalomas_11zon-150x150.jpg",150,150,true],"full":["https:\/\/nakanarach.pl\/wp-content\/uploads\/2026\/04\/Paliwo-2026-Maspalomas_11zon-scaled.jpg",2560,1441,false]},"categories_names":{"89":{"name":"Samochody","link":"https:\/\/nakanarach.pl\/index.php\/category\/samochody-2\/"},"79":{"name":"Wi\u0119cej informacji","link":"https:\/\/nakanarach.pl\/index.php\/category\/wiecej-informacji\/"}},"tags_names":[],"comments_number":"0","wpmagazine_modules_lite_featured_media_urls":{"thumbnail":["https:\/\/nakanarach.pl\/wp-content\/uploads\/2026\/04\/Paliwo-2026-Maspalomas_11zon-150x150.jpg",150,150,true],"cvmm-medium":["https:\/\/nakanarach.pl\/wp-content\/uploads\/2026\/04\/Paliwo-2026-Maspalomas_11zon-300x300.jpg",300,300,true],"cvmm-medium-plus":["https:\/\/nakanarach.pl\/wp-content\/uploads\/2026\/04\/Paliwo-2026-Maspalomas_11zon-305x207.jpg",305,207,true],"cvmm-portrait":["https:\/\/nakanarach.pl\/wp-content\/uploads\/2026\/04\/Paliwo-2026-Maspalomas_11zon-400x600.jpg",400,600,true],"cvmm-medium-square":["https:\/\/nakanarach.pl\/wp-content\/uploads\/2026\/04\/Paliwo-2026-Maspalomas_11zon-600x600.jpg",600,600,true],"cvmm-large":["https:\/\/nakanarach.pl\/wp-content\/uploads\/2026\/04\/Paliwo-2026-Maspalomas_11zon-1024x1024.jpg",1024,1024,true],"cvmm-small":["https:\/\/nakanarach.pl\/wp-content\/uploads\/2026\/04\/Paliwo-2026-Maspalomas_11zon-130x95.jpg",130,95,true],"full":["https:\/\/nakanarach.pl\/wp-content\/uploads\/2026\/04\/Paliwo-2026-Maspalomas_11zon-scaled.jpg",2560,1441,false]},"_links":{"self":[{"href":"https:\/\/nakanarach.pl\/index.php\/wp-json\/wp\/v2\/posts\/13781","targetHints":{"allow":["GET"]}}],"collection":[{"href":"https:\/\/nakanarach.pl\/index.php\/wp-json\/wp\/v2\/posts"}],"about":[{"href":"https:\/\/nakanarach.pl\/index.php\/wp-json\/wp\/v2\/types\/post"}],"author":[{"embeddable":true,"href":"https:\/\/nakanarach.pl\/index.php\/wp-json\/wp\/v2\/users\/4"}],"replies":[{"embeddable":true,"href":"https:\/\/nakanarach.pl\/index.php\/wp-json\/wp\/v2\/comments?post=13781"}],"version-history":[{"count":5,"href":"https:\/\/nakanarach.pl\/index.php\/wp-json\/wp\/v2\/posts\/13781\/revisions"}],"predecessor-version":[{"id":14087,"href":"https:\/\/nakanarach.pl\/index.php\/wp-json\/wp\/v2\/posts\/13781\/revisions\/14087"}],"wp:featuredmedia":[{"embeddable":true,"href":"https:\/\/nakanarach.pl\/index.php\/wp-json\/wp\/v2\/media\/13834"}],"wp:attachment":[{"href":"https:\/\/nakanarach.pl\/index.php\/wp-json\/wp\/v2\/media?parent=13781"}],"wp:term":[{"taxonomy":"category","embeddable":true,"href":"https:\/\/nakanarach.pl\/index.php\/wp-json\/wp\/v2\/categories?post=13781"},{"taxonomy":"post_tag","embeddable":true,"href":"https:\/\/nakanarach.pl\/index.php\/wp-json\/wp\/v2\/tags?post=13781"}],"curies":[{"name":"wp","href":"https:\/\/api.w.org\/{rel}","templated":true}]}}