{"id":14030,"date":"2026-04-27T07:09:09","date_gmt":"2026-04-27T06:09:09","guid":{"rendered":"https:\/\/nakanarach.pl\/?p=14030"},"modified":"2026-04-27T07:09:13","modified_gmt":"2026-04-27T06:09:13","slug":"kolejny-protest-kamperowcow-video-2","status":"publish","type":"post","link":"https:\/\/nakanarach.pl\/index.php\/2026\/04\/27\/kolejny-protest-kamperowcow-video-2\/","title":{"rendered":"KOLEJNY PROTEST KAMPEROWC\u00d3W (VIDEO)"},"content":{"rendered":"\n<p><strong>TENERYFA: Ponad p\u00f3\u0142 tysi\u0105ca kamper\u00f3w i van\u00f3w kempingowych wzi\u0119\u0142o udzia\u0142 w du\u017cej demonstracji na najwi\u0119kszej kanaryjskiej wyspie, kt\u00f3ra odby\u0142a si\u0119 25 kwietnia. Organizatorzy zarzucaj\u0105 lokalnym w\u0142adzom m.in., \u017ce nie ma dla nich wielu legalnych miejsc na taki rodzaj turystyki, a dodatkowo s\u0105 n\u0119kani przez policj\u0119.<\/strong><\/p>\n\n\n\n<p>G\u0142\u00f3wnym celem jest zwr\u00f3cenie uwagi na ci\u0105g\u0142e obawy w bran\u017cy dotycz\u0105ce braku miejsc parkingowych, braku udogodnie\u0144 oraz tego, dlaczego w\u0142a\u015bciciele kamper\u00f3w czuj\u0105 si\u0119 coraz bardziej obserwowani i n\u0119kani, nie maj\u0105c mo\u017cliwo\u015bci korzystania ze swoich van\u00f3w w wyznaczonych miejscach.\u00a0Dodatkowo sp\u00f3r zaostrzy\u0142 wprowadzony niedawno zakaz wjazdu kamperem na teren parku narodowego Teide.<\/p>\n\n\n\n<ul class=\"wp-block-list\">\n<li>Wskazujemy na niesprawiedliwy zakaz ze wzgl\u0119du na typologi\u0119 pojazdu. Zakaz parkowania za bycie pojazdem mieszkalnym jest dyskryminacj\u0105. \u017b\u0105damy r\u00f3wno\u015bci, pewno\u015bci prawa i szacunku &#8211; pisz\u0105 przedstawiciele \u00a0Federacji Regionalnych Stowarzysze\u0144 W\u0142a\u015bcicieli Kamper\u00f3w \u00a0(G3A &#8211; Federaci\u00f3n Grupo de Asociaciones Auton\u00f3micas de Autocaravanistas)<\/li>\n<\/ul>\n\n\n\n<p>Demonstranci podkre\u015blaj\u0105, \u017ce to zdecydowana reakcja na ju\u017c nie do zaakceptowania sytuacj\u0119 m.in.: arbitralne zakazy wjazdu dla kamper\u00f3w i bez podstaw prawnych (Arico), dyskryminuj\u0105ce znaki na parkingach \u201etylko samochody osobowe\u201d (Candelaria). <\/p>\n\n\n\n<figure class=\"wp-block-gallery has-nested-images columns-default is-cropped wp-block-gallery-1 is-layout-flex wp-block-gallery-is-layout-flex\">\n<figure class=\"wp-block-image size-large\"><img fetchpriority=\"high\" decoding=\"async\" width=\"769\" height=\"1024\" data-id=\"14049\" src=\"https:\/\/nakanarach.pl\/wp-content\/uploads\/2026\/04\/Protest-kamperow1-769x1024.jpg\" alt=\"\" class=\"wp-image-14049\" srcset=\"https:\/\/nakanarach.pl\/wp-content\/uploads\/2026\/04\/Protest-kamperow1-769x1024.jpg 769w, https:\/\/nakanarach.pl\/wp-content\/uploads\/2026\/04\/Protest-kamperow1-225x300.jpg 225w, https:\/\/nakanarach.pl\/wp-content\/uploads\/2026\/04\/Protest-kamperow1-768x1023.jpg 768w, https:\/\/nakanarach.pl\/wp-content\/uploads\/2026\/04\/Protest-kamperow1.jpg 1072w\" sizes=\"(max-width: 769px) 100vw, 769px\" \/><\/figure>\n\n\n\n<figure class=\"wp-block-image size-large\"><img decoding=\"async\" width=\"682\" height=\"1024\" data-id=\"14050\" src=\"https:\/\/nakanarach.pl\/wp-content\/uploads\/2026\/04\/Protest-kamperow2-682x1024.jpg\" alt=\"\" class=\"wp-image-14050\" srcset=\"https:\/\/nakanarach.pl\/wp-content\/uploads\/2026\/04\/Protest-kamperow2-682x1024.jpg 682w, https:\/\/nakanarach.pl\/wp-content\/uploads\/2026\/04\/Protest-kamperow2-200x300.jpg 200w, https:\/\/nakanarach.pl\/wp-content\/uploads\/2026\/04\/Protest-kamperow2-768x1154.jpg 768w, https:\/\/nakanarach.pl\/wp-content\/uploads\/2026\/04\/Protest-kamperow2-400x600.jpg 400w, https:\/\/nakanarach.pl\/wp-content\/uploads\/2026\/04\/Protest-kamperow2.jpg 852w\" sizes=\"(max-width: 682px) 100vw, 682px\" \/><\/figure>\n<\/figure>\n\n\n\n<p>Na Wyspach Kanaryjskich oficjalnie zarejestrowanych jest 15 tys. kamper\u00f3w i samochod\u00f3w kempingowych, a dodatkowo ka\u017cdego roku z port\u00f3w kontynentalnych przyp\u0142ywa tu promem 12 tys. turyst\u00f3w, kt\u00f3rzy przyczyniaj\u0105 si\u0119 do rozwoju lokalnej gospodarki.<\/p>\n\n\n\n<p>Protest zosta\u0142 zorganizowany 25 kwietnia 2026 r. przez Federacj\u0119 G3A we wsp\u00f3\u0142pracy z ACAT Tenerife i jest opisywany jako \u201ezjednoczona, pokojowa i otwarta\u201d demonstracja, w kt\u00f3rej uczestniczyli zar\u00f3wno stowarzyszenia, jak i indywidualni w\u0142a\u015bciciele pojazd\u00f3w. Na trasie protestu do\u0142\u0105czali kolejni kierowcy.<\/p>\n\n\n\n<p>Kamperowcy przejechali przez Granadill\u0119 de Abona, Abades, Candelari\u0119 i Santa Cruz de Tenerife, a nast\u0119pnie powr\u00f3cili t\u0105 sam\u0105 tras\u0105 z kilkoma punktami zbiorczymi po drodze. <strong>ZOBACZ VIDEO: <\/strong><\/p>\n\n\n\n<figure class=\"wp-block-embed is-type-video is-provider-tiktok wp-block-embed-tiktok\"><div class=\"wp-block-embed__wrapper\">\n<blockquote class=\"tiktok-embed\" cite=\"https:\/\/www.tiktok.com\/@javier.garca.gonz22\/video\/7632844968435977494\" data-video-id=\"7632844968435977494\" data-embed-from=\"oembed\" style=\"max-width:605px; min-width:325px;\"> <section> <a target=\"_blank\" title=\"@javier.garca.gonz22\" href=\"https:\/\/www.tiktok.com\/@javier.garca.gonz22?refer=embed\">@javier.garca.gonz22<\/a> <p><a title=\"manifestacion\" target=\"_blank\" href=\"https:\/\/www.tiktok.com\/tag\/manifestacion?refer=embed\">#manifestacion<\/a> <a title=\"autocaravana\" target=\"_blank\" href=\"https:\/\/www.tiktok.com\/tag\/autocaravana?refer=embed\">#autocaravana<\/a> <a title=\"tenerife\" target=\"_blank\" href=\"https:\/\/www.tiktok.com\/tag\/tenerife?refer=embed\">#tenerife<\/a> <\/p> <a target=\"_blank\" title=\"\u266c original sound - Lillyrics\" href=\"https:\/\/www.tiktok.com\/music\/original-sound-7379970475383163649?refer=embed\">\u266c original sound &#8211; Lillyrics<\/a> <\/section> <\/blockquote> <script async src=\"https:\/\/www.tiktok.com\/embed.js\"><\/script>\n<\/div><\/figure>\n\n\n\n<p>W\u0142a\u015bciciele kamper\u00f3w ju\u017c wcze\u015bniej kilkukrotnie protestowali na Wyspach Kanaryjskich. Domagali si\u0119 m.in. dyskryminuj\u0105cych znak\u00f3w drogowych, stworzenia odpowiednich miejsc parkingowych i zmiany restrykcyjnych lub abstrakcyjnych przepis\u00f3w, kt\u00f3re utrudniaj\u0105 w\u0142a\u015bcicielom kamper\u00f3w legalne parkowanie. A ich zdaniem niekt\u00f3re przepisy odstaj\u0105 od reali\u00f3w np. bariery wysoko\u015bci wynosz\u0105 2 lub 2,2 metra, podczas gdy \u015brednia wysoko\u015b\u0107 wi\u0119kszo\u015bci kamper\u00f3w wynosi 3,1 metra. Liczba miejsc parkingowych ograniczona jest do d\u0142ugo\u015bci 5 metr\u00f3w, mimo \u017ce najmniejszy kamper ma 6 metr\u00f3w.<\/p>\n\n\n\n<p><\/p>\n\n\n\n<p>Z kolei jak pisza\u0142a w lutym 2026 r. gazeta El Diario grupa mieszka\u0144c\u00f3w nadmorskiej strefy Amarilla Golf w gminie San Miguel de Abona na po\u0142udniu Teneryfy narzeka\u0142a  na nielegalne parkowanie kamper\u00f3w na jednej z dzia\u0142ek nale\u017c\u0105cych do samorz\u0105du. <\/p>\n\n\n\n<figure class=\"wp-block-image size-large\"><img decoding=\"async\" width=\"1024\" height=\"576\" src=\"http:\/\/nakanarach.pl\/wp-content\/uploads\/2026\/02\/Protest-przeciw-turystom-1024x576.webp\" alt=\"\" class=\"wp-image-13059\" srcset=\"https:\/\/nakanarach.pl\/wp-content\/uploads\/2026\/02\/Protest-przeciw-turystom-1024x576.webp 1024w, https:\/\/nakanarach.pl\/wp-content\/uploads\/2026\/02\/Protest-przeciw-turystom-300x169.webp 300w, https:\/\/nakanarach.pl\/wp-content\/uploads\/2026\/02\/Protest-przeciw-turystom-768x432.webp 768w, https:\/\/nakanarach.pl\/wp-content\/uploads\/2026\/02\/Protest-przeciw-turystom.webp 1200w\" sizes=\"(max-width: 1024px) 100vw, 1024px\" \/><figcaption class=\"wp-element-caption\"><strong><em>Foto: El Diario<\/em><\/strong><\/figcaption><\/figure>\n\n\n\n<p>Teren jest formalnie przeznaczony na parking, ale w&nbsp; rzeczywisto\u015bci jest zajmowany prawie w ca\u0142o\u015bci przez kampery, mimo \u017ce nie ma tam podstawowej infrastruktury dla tego typu pojazd\u00f3w np. dost\u0119pu do wody pitnej, przy\u0142\u0105czy elektrycznych ani ubikacji.<\/p>\n","protected":false},"excerpt":{"rendered":"<p>TENERYFA: Ponad p\u00f3\u0142 tysi\u0105ca kamper\u00f3w i van\u00f3w kempingowych wzi\u0119\u0142o udzia\u0142 w du\u017cej demonstracji na najwi\u0119kszej kanaryjskiej wyspie, kt\u00f3ra odby\u0142a si\u0119 25 kwietnia. Organizatorzy zarzucaj\u0105 lokalnym w\u0142adzom m.in., \u017ce nie ma dla nich wielu legalnych miejsc na taki rodzaj turystyki, a dodatkowo s\u0105 n\u0119kani przez policj\u0119. G\u0142\u00f3wnym celem jest zwr\u00f3cenie uwagi na ci\u0105g\u0142e obawy w bran\u017cy [&hellip;]<\/p>\n","protected":false},"author":4,"featured_media":14051,"comment_status":"closed","ping_status":"open","sticky":false,"template":"","format":"standard","meta":{"om_disable_all_campaigns":false,"_monsterinsights_skip_tracking":false,"_monsterinsights_sitenote_active":false,"_monsterinsights_sitenote_note":"","_monsterinsights_sitenote_category":0,"footnotes":""},"categories":[12],"tags":[],"class_list":["post-14030","post","type-post","status-publish","format-standard","has-post-thumbnail","hentry","category-aktualnosci"],"aioseo_notices":[],"blog_post_layout_featured_media_urls":{"thumbnail":["https:\/\/nakanarach.pl\/wp-content\/uploads\/2026\/04\/Protest-Kamperow-150x150.jpg",150,150,true],"full":["https:\/\/nakanarach.pl\/wp-content\/uploads\/2026\/04\/Protest-Kamperow.jpg",2048,1364,false]},"categories_names":{"12":{"name":"Aktualno\u015bci","link":"https:\/\/nakanarach.pl\/index.php\/category\/aktualnosci\/"}},"tags_names":[],"comments_number":"0","wpmagazine_modules_lite_featured_media_urls":{"thumbnail":["https:\/\/nakanarach.pl\/wp-content\/uploads\/2026\/04\/Protest-Kamperow-150x150.jpg",150,150,true],"cvmm-medium":["https:\/\/nakanarach.pl\/wp-content\/uploads\/2026\/04\/Protest-Kamperow-300x300.jpg",300,300,true],"cvmm-medium-plus":["https:\/\/nakanarach.pl\/wp-content\/uploads\/2026\/04\/Protest-Kamperow-305x207.jpg",305,207,true],"cvmm-portrait":["https:\/\/nakanarach.pl\/wp-content\/uploads\/2026\/04\/Protest-Kamperow-400x600.jpg",400,600,true],"cvmm-medium-square":["https:\/\/nakanarach.pl\/wp-content\/uploads\/2026\/04\/Protest-Kamperow-600x600.jpg",600,600,true],"cvmm-large":["https:\/\/nakanarach.pl\/wp-content\/uploads\/2026\/04\/Protest-Kamperow-1024x1024.jpg",1024,1024,true],"cvmm-small":["https:\/\/nakanarach.pl\/wp-content\/uploads\/2026\/04\/Protest-Kamperow-130x95.jpg",130,95,true],"full":["https:\/\/nakanarach.pl\/wp-content\/uploads\/2026\/04\/Protest-Kamperow.jpg",2048,1364,false]},"_links":{"self":[{"href":"https:\/\/nakanarach.pl\/index.php\/wp-json\/wp\/v2\/posts\/14030","targetHints":{"allow":["GET"]}}],"collection":[{"href":"https:\/\/nakanarach.pl\/index.php\/wp-json\/wp\/v2\/posts"}],"about":[{"href":"https:\/\/nakanarach.pl\/index.php\/wp-json\/wp\/v2\/types\/post"}],"author":[{"embeddable":true,"href":"https:\/\/nakanarach.pl\/index.php\/wp-json\/wp\/v2\/users\/4"}],"replies":[{"embeddable":true,"href":"https:\/\/nakanarach.pl\/index.php\/wp-json\/wp\/v2\/comments?post=14030"}],"version-history":[{"count":3,"href":"https:\/\/nakanarach.pl\/index.php\/wp-json\/wp\/v2\/posts\/14030\/revisions"}],"predecessor-version":[{"id":14052,"href":"https:\/\/nakanarach.pl\/index.php\/wp-json\/wp\/v2\/posts\/14030\/revisions\/14052"}],"wp:featuredmedia":[{"embeddable":true,"href":"https:\/\/nakanarach.pl\/index.php\/wp-json\/wp\/v2\/media\/14051"}],"wp:attachment":[{"href":"https:\/\/nakanarach.pl\/index.php\/wp-json\/wp\/v2\/media?parent=14030"}],"wp:term":[{"taxonomy":"category","embeddable":true,"href":"https:\/\/nakanarach.pl\/index.php\/wp-json\/wp\/v2\/categories?post=14030"},{"taxonomy":"post_tag","embeddable":true,"href":"https:\/\/nakanarach.pl\/index.php\/wp-json\/wp\/v2\/tags?post=14030"}],"curies":[{"name":"wp","href":"https:\/\/api.w.org\/{rel}","templated":true}]}}