{"id":14063,"date":"2026-04-28T08:17:10","date_gmt":"2026-04-28T07:17:10","guid":{"rendered":"https:\/\/nakanarach.pl\/?p=14063"},"modified":"2026-04-28T08:45:09","modified_gmt":"2026-04-28T07:45:09","slug":"ocean-porwal-ponton-z-dziecmi","status":"publish","type":"post","link":"https:\/\/nakanarach.pl\/index.php\/2026\/04\/28\/ocean-porwal-ponton-z-dziecmi\/","title":{"rendered":"OCEAN PORWA\u0141 PONTON Z DZIE\u0106MI"},"content":{"rendered":"\n<p><strong>LANZAROTE:\u00a0Chwile grozy prze\u017cy\u0142o dwoje dzieci, po tym jak fala wci\u0105gn\u0119\u0142a w g\u0142\u0105b oceanu ich ponton\u00a0na popularnej kanaryjskiej wyspie.\u00a0W tym czasie matka pozostawi\u0142a ich bez \u017cadnej opieki, bo na chwil\u0119 wysz\u0142a z pla\u017cy.<\/strong><\/p>\n\n\n\n<p>S\u0142u\u017cy ratunkowe poinformowa\u0142y, \u017ce do zdarzenia dosz\u0142o 25 kwietnia 2026 r, kr\u00f3tko przed godz. 17, na pla\u017cy El Reducto w Arrecife na Lanzarote. To g\u0142\u00f3wna miejska pla\u017ca w stolicy wyspy, wyr\u00f3\u017cniona B\u0142\u0119kitn\u0105 Flag\u0105 za m.in. za spe\u0142nienie rygorystycznych kryteri\u00f3w w czterech g\u0142\u00f3wnych obszarach:\u00a0doskona\u0142ej jako\u015bci wody,\u00a0wysokiego poziomu bezpiecze\u0144stwa\u00a0(ratownicy, sprz\u0119t),\u00a0infrastruktury i dost\u0119pno\u015bci\u00a0(toalety, czysto\u015b\u0107) oraz\u00a0edukacji ekologicznej. Jest tu 500-700 metr\u00f3w jasnego piasku, spokojne wody (dzi\u0119ki pobliskiej rafie). W internecie reklamowana jest jako idealna dla rodzin z dzie\u0107mi, cho\u0107 bywa zat\u0142oczona. Ale nawet w tym pozornie spokojnym miejscu mo\u017ce by\u0107 niebezpiecznie. <\/p>\n\n\n\n<p>Ratownicy zauwa\u017cyli ma\u0142\u0105 plastikow\u0105 dmuchan\u0105 \u0142\u00f3dk\u0119 dryfuj\u0105c\u0105 coraz dalej od brzegu. Dzieci w wieku 8 i 9 lat bawi\u0142y si\u0119 bez opieki doros\u0142ych na pontonie, gdy silny wiatr i pr\u0105dy zni\u00f3s\u0142 je nagle na otwarty Ocean Atlantycki i nie mog\u0142y one samodzielnie dop\u0142yn\u0105\u0107 do brzegu. Widz\u0105c zagro\u017cenie, ratownicy wskoczyli do wody i wyci\u0105gn\u0119li dwoje ma\u0142ych dzieci i ich \u0142\u00f3dk\u0119, dzi\u0119ki czemu uda\u0142o si\u0119 unikn\u0105\u0107 tragedii. Ratownicy dotarli do pary w odleg\u0142o\u015bci oko\u0142o 200 metr\u00f3w od brzegu. P\u00f3\u017aniej dzieci wr\u00f3ci\u0142y ca\u0142e i zdrowie do \u200b\u200bswojej matki.<\/p>\n\n\n\n<p>Wed\u0142ug lokalnego urz\u0119du, opiekunka dzieci powiedzia\u0142a personelowi, \u017ce na chwil\u0119 wr\u00f3ci\u0142a do samochodu, zostawiaj\u0105c je faktycznie bez opieki. W tym momencie dzieci wesz\u0142y do \u200b\u200bwody z pontonem, a wiatr szybko je wypchn\u0105\u0142 na ocean. <\/p>\n\n\n\n<p>Incydent pokazuje, jak szybko warunki na wybrze\u017cu mog\u0105 si\u0119 zmienia\u0107, nawet w pozornie spokojne dni. Pla\u017ce na Wyspach Kanaryjskich mog\u0105 by\u0107 nara\u017cone na nag\u0142e podmuchy wiatru i silne pr\u0105dy wsteczne, szczeg\u00f3lnie na otwartych przestrzeniach. R\u00f3wnie\u017c trzeba uwa\u017ca\u0107 podczas spaceru tak\u017ce przy brzegu, bo nag\u0142y przyp\u0142yw i fala potrafi\u0105 przewr\u00f3ci\u0107 i wci\u0105gn\u0105\u0107 doros\u0142ego cz\u0142owieka. <\/p>\n\n\n\n<p>Foto: Ayuntamiento de Arrecife<\/p>\n","protected":false},"excerpt":{"rendered":"<p>LANZAROTE:\u00a0Chwile grozy prze\u017cy\u0142o dwoje dzieci, po tym jak fala wci\u0105gn\u0119\u0142a w g\u0142\u0105b oceanu ich ponton\u00a0na popularnej kanaryjskiej wyspie.\u00a0W tym czasie matka pozostawi\u0142a ich bez \u017cadnej opieki, bo na chwil\u0119 wysz\u0142a z pla\u017cy. S\u0142u\u017cy ratunkowe poinformowa\u0142y, \u017ce do zdarzenia dosz\u0142o 25 kwietnia 2026 r, kr\u00f3tko przed godz. 17, na pla\u017cy El Reducto w Arrecife na Lanzarote. [&hellip;]<\/p>\n","protected":false},"author":4,"featured_media":14064,"comment_status":"closed","ping_status":"open","sticky":false,"template":"","format":"standard","meta":{"om_disable_all_campaigns":false,"_monsterinsights_skip_tracking":false,"_monsterinsights_sitenote_active":false,"_monsterinsights_sitenote_note":"","_monsterinsights_sitenote_category":0,"footnotes":""},"categories":[12,78],"tags":[],"class_list":["post-14063","post","type-post","status-publish","format-standard","has-post-thumbnail","hentry","category-aktualnosci","category-interwencje"],"aioseo_notices":[],"blog_post_layout_featured_media_urls":{"thumbnail":["https:\/\/nakanarach.pl\/wp-content\/uploads\/2026\/04\/Plaza-El-Reducto-Arrecife-150x150.webp",150,150,true],"full":["https:\/\/nakanarach.pl\/wp-content\/uploads\/2026\/04\/Plaza-El-Reducto-Arrecife.webp",900,600,false]},"categories_names":{"12":{"name":"Aktualno\u015bci","link":"https:\/\/nakanarach.pl\/index.php\/category\/aktualnosci\/"},"78":{"name":"Interwencje","link":"https:\/\/nakanarach.pl\/index.php\/category\/interwencje\/"}},"tags_names":[],"comments_number":"0","wpmagazine_modules_lite_featured_media_urls":{"thumbnail":["https:\/\/nakanarach.pl\/wp-content\/uploads\/2026\/04\/Plaza-El-Reducto-Arrecife-150x150.webp",150,150,true],"cvmm-medium":["https:\/\/nakanarach.pl\/wp-content\/uploads\/2026\/04\/Plaza-El-Reducto-Arrecife-300x300.webp",300,300,true],"cvmm-medium-plus":["https:\/\/nakanarach.pl\/wp-content\/uploads\/2026\/04\/Plaza-El-Reducto-Arrecife-305x207.webp",305,207,true],"cvmm-portrait":["https:\/\/nakanarach.pl\/wp-content\/uploads\/2026\/04\/Plaza-El-Reducto-Arrecife-400x600.webp",400,600,true],"cvmm-medium-square":["https:\/\/nakanarach.pl\/wp-content\/uploads\/2026\/04\/Plaza-El-Reducto-Arrecife-600x600.webp",600,600,true],"cvmm-large":["https:\/\/nakanarach.pl\/wp-content\/uploads\/2026\/04\/Plaza-El-Reducto-Arrecife.webp",900,600,false],"cvmm-small":["https:\/\/nakanarach.pl\/wp-content\/uploads\/2026\/04\/Plaza-El-Reducto-Arrecife-130x95.webp",130,95,true],"full":["https:\/\/nakanarach.pl\/wp-content\/uploads\/2026\/04\/Plaza-El-Reducto-Arrecife.webp",900,600,false]},"_links":{"self":[{"href":"https:\/\/nakanarach.pl\/index.php\/wp-json\/wp\/v2\/posts\/14063","targetHints":{"allow":["GET"]}}],"collection":[{"href":"https:\/\/nakanarach.pl\/index.php\/wp-json\/wp\/v2\/posts"}],"about":[{"href":"https:\/\/nakanarach.pl\/index.php\/wp-json\/wp\/v2\/types\/post"}],"author":[{"embeddable":true,"href":"https:\/\/nakanarach.pl\/index.php\/wp-json\/wp\/v2\/users\/4"}],"replies":[{"embeddable":true,"href":"https:\/\/nakanarach.pl\/index.php\/wp-json\/wp\/v2\/comments?post=14063"}],"version-history":[{"count":6,"href":"https:\/\/nakanarach.pl\/index.php\/wp-json\/wp\/v2\/posts\/14063\/revisions"}],"predecessor-version":[{"id":14077,"href":"https:\/\/nakanarach.pl\/index.php\/wp-json\/wp\/v2\/posts\/14063\/revisions\/14077"}],"wp:featuredmedia":[{"embeddable":true,"href":"https:\/\/nakanarach.pl\/index.php\/wp-json\/wp\/v2\/media\/14064"}],"wp:attachment":[{"href":"https:\/\/nakanarach.pl\/index.php\/wp-json\/wp\/v2\/media?parent=14063"}],"wp:term":[{"taxonomy":"category","embeddable":true,"href":"https:\/\/nakanarach.pl\/index.php\/wp-json\/wp\/v2\/categories?post=14063"},{"taxonomy":"post_tag","embeddable":true,"href":"https:\/\/nakanarach.pl\/index.php\/wp-json\/wp\/v2\/tags?post=14063"}],"curies":[{"name":"wp","href":"https:\/\/api.w.org\/{rel}","templated":true}]}}