{"id":14089,"date":"2026-04-26T15:03:00","date_gmt":"2026-04-26T14:03:00","guid":{"rendered":"https:\/\/nakanarach.pl\/?p=14089"},"modified":"2026-04-30T10:46:24","modified_gmt":"2026-04-30T09:46:24","slug":"zadymienie-i-ewakuacja-na-lotnisku","status":"publish","type":"post","link":"https:\/\/nakanarach.pl\/index.php\/2026\/04\/26\/zadymienie-i-ewakuacja-na-lotnisku\/","title":{"rendered":"ZADYMIENIE I EWAKUACJA NA LOTNISKU (VIDEO)"},"content":{"rendered":"\n<p><strong>TENERYFA: Wszyscy pasa\u017cerowie czekaj\u0105cy na wej\u015bcie na pok\u0142ad samolotu zostali ewakuowani z hali odlot\u00f3w na lotnisku Teneryfa P\u00f3\u0142noc, po tym jak w budynku terminala wykryto du\u017ce zadymienie.<\/strong> <\/p>\n\n\n\n<p>Alarm, og\u0142oszony rano, 26 kwietnia 2026 r. sk\u0142oni\u0142 ekipy bezpiecze\u0144stwa sp\u00f3\u0142ki zarz\u0105dzaj\u0105cej hiszpa\u0144skimi lotniskami AENA do natychmiastowego uruchomienia procedur awaryjnych. System nag\u0142o\u015bnieniowy nakaza\u0142 pasa\u017cerom spokojne opuszczenie terenu, a pasa\u017cerowie zostali szybko ewakuowani z zagro\u017conego obszaru w ramach \u015brodk\u00f3w ostro\u017cno\u015bci, co wywo\u0142a\u0142o zamieszanie i niepok\u00f3j w\u015br\u00f3d os\u00f3b oczekuj\u0105cych na wej\u015bcie na pok\u0142ad samolotu.<\/p>\n\n\n\n<p>Stra\u017c po\u017carna zosta\u0142a niezw\u0142ocznie wezwana w celu oceny sytuacji i zlokalizowania \u017ar\u00f3d\u0142a dymu. Okaza\u0142o si\u0119, \u017ce zadymienie powsta\u0142o awarii systemu wentylacyjnego na pobliskim parkingu przy terminalu. Szybka reakcja pozwoli\u0142a na zabezpieczenie terenu i kontynuowanie ewakuacji. <strong>ZOBACZ VIDEO: <\/strong><\/p>\n\n\n\n<figure class=\"wp-block-embed is-type-video is-provider-tiktok wp-block-embed-tiktok\"><div class=\"wp-block-embed__wrapper\">\n<blockquote class=\"tiktok-embed\" cite=\"https:\/\/www.tiktok.com\/@rtvcanaria\/video\/7633340741464558871\" data-video-id=\"7633340741464558871\" data-embed-from=\"oembed\" style=\"max-width:605px; min-width:325px;\"> <section> <a target=\"_blank\" title=\"@rtvcanaria\" href=\"https:\/\/www.tiktok.com\/@rtvcanaria?refer=embed\">@rtvcanaria<\/a> <p>Una aver\u00eda en el sistema de ventilaci\u00f3n provoc\u00f3 este domingo que el humo invadiera la zona de embarque del Aeropuerto Tenerife Norte La incidencia oblig\u00f3 a la evacuaci\u00f3n de los pasajeros, lo que provoc\u00f3 algunos retrasos en la salida de los vuelos <a title=\"aeropuerto\" target=\"_blank\" href=\"https:\/\/www.tiktok.com\/tag\/aeropuerto?refer=embed\">#Aeropuerto<\/a> <a title=\"vuelos\" target=\"_blank\" href=\"https:\/\/www.tiktok.com\/tag\/vuelos?refer=embed\">#Vuelos<\/a> <a title=\"retrasos\" target=\"_blank\" href=\"https:\/\/www.tiktok.com\/tag\/retrasos?refer=embed\">#Retrasos<\/a><\/p> <a target=\"_blank\" title=\"\u266c sonido original - Radio Televisi\u00f3n Canaria - Radio Televisi\u00f3n Canaria\" href=\"https:\/\/www.tiktok.com\/music\/sonido-original-Radio-Televisi\u00f3n-Canaria-7633340777699068694?refer=embed\">\u266c sonido original &#8211; Radio Televisi\u00f3n Canaria &#8211; Radio Televisi\u00f3n Canaria<\/a> <\/section> <\/blockquote> <script async src=\"https:\/\/www.tiktok.com\/embed.js\"><\/script>\n<\/div><\/figure>\n\n\n\n<p>Podczas incydentu dost\u0119p do cz\u0119\u015bci terminala zosta\u0142 ograniczony, a normalne procedury wej\u015bcia na pok\u0142ad zosta\u0142y tymczasowo wstrzymane. Utrudnienia doprowadzi\u0142y do \u200b\u200bop\u00f3\u017anie\u0144 kilku odlot\u00f3w, poniewa\u017c pasa\u017cerowie byli przetrzymywani poza stref\u0105 dotkni\u0119t\u0105 incydentem. <\/p>\n\n\n\n<p>Pasa\u017cerom podr\u00f3\u017cuj\u0105cym przez Teneryf\u0119 zalecono sprawdzanie informacji u swoich linii lotniczych, poniewa\u017c po incydencie rozk\u0142ady lot\u00f3w uleg\u0142y zmianie. Wszystkie operacje wr\u00f3ci\u0142y ju\u017c do normy.<\/p>\n\n\n\n<p>Foto: Screen Telewizja Canaria<\/p>\n","protected":false},"excerpt":{"rendered":"<p>TENERYFA: Wszyscy pasa\u017cerowie czekaj\u0105cy na wej\u015bcie na pok\u0142ad samolotu zostali ewakuowani z hali odlot\u00f3w na lotnisku Teneryfa P\u00f3\u0142noc, po tym jak w budynku terminala wykryto du\u017ce zadymienie. Alarm, og\u0142oszony rano, 26 kwietnia 2026 r. sk\u0142oni\u0142 ekipy bezpiecze\u0144stwa sp\u00f3\u0142ki zarz\u0105dzaj\u0105cej hiszpa\u0144skimi lotniskami AENA do natychmiastowego uruchomienia procedur awaryjnych. System nag\u0142o\u015bnieniowy nakaza\u0142 pasa\u017cerom spokojne opuszczenie terenu, a [&hellip;]<\/p>\n","protected":false},"author":4,"featured_media":14090,"comment_status":"closed","ping_status":"open","sticky":false,"template":"","format":"standard","meta":{"om_disable_all_campaigns":false,"_monsterinsights_skip_tracking":false,"_monsterinsights_sitenote_active":false,"_monsterinsights_sitenote_note":"","_monsterinsights_sitenote_category":0,"footnotes":""},"categories":[12],"tags":[],"class_list":["post-14089","post","type-post","status-publish","format-standard","has-post-thumbnail","hentry","category-aktualnosci"],"aioseo_notices":[],"blog_post_layout_featured_media_urls":{"thumbnail":["https:\/\/nakanarach.pl\/wp-content\/uploads\/2026\/04\/Pozar-lotnisko-Teneryfa-150x150.jpg",150,150,true],"full":["https:\/\/nakanarach.pl\/wp-content\/uploads\/2026\/04\/Pozar-lotnisko-Teneryfa.jpg",519,507,false]},"categories_names":{"12":{"name":"Aktualno\u015bci","link":"https:\/\/nakanarach.pl\/index.php\/category\/aktualnosci\/"}},"tags_names":[],"comments_number":"0","wpmagazine_modules_lite_featured_media_urls":{"thumbnail":["https:\/\/nakanarach.pl\/wp-content\/uploads\/2026\/04\/Pozar-lotnisko-Teneryfa-150x150.jpg",150,150,true],"cvmm-medium":["https:\/\/nakanarach.pl\/wp-content\/uploads\/2026\/04\/Pozar-lotnisko-Teneryfa-300x300.jpg",300,300,true],"cvmm-medium-plus":["https:\/\/nakanarach.pl\/wp-content\/uploads\/2026\/04\/Pozar-lotnisko-Teneryfa-305x207.jpg",305,207,true],"cvmm-portrait":["https:\/\/nakanarach.pl\/wp-content\/uploads\/2026\/04\/Pozar-lotnisko-Teneryfa-400x507.jpg",400,507,true],"cvmm-medium-square":["https:\/\/nakanarach.pl\/wp-content\/uploads\/2026\/04\/Pozar-lotnisko-Teneryfa.jpg",519,507,false],"cvmm-large":["https:\/\/nakanarach.pl\/wp-content\/uploads\/2026\/04\/Pozar-lotnisko-Teneryfa.jpg",519,507,false],"cvmm-small":["https:\/\/nakanarach.pl\/wp-content\/uploads\/2026\/04\/Pozar-lotnisko-Teneryfa-130x95.jpg",130,95,true],"full":["https:\/\/nakanarach.pl\/wp-content\/uploads\/2026\/04\/Pozar-lotnisko-Teneryfa.jpg",519,507,false]},"_links":{"self":[{"href":"https:\/\/nakanarach.pl\/index.php\/wp-json\/wp\/v2\/posts\/14089","targetHints":{"allow":["GET"]}}],"collection":[{"href":"https:\/\/nakanarach.pl\/index.php\/wp-json\/wp\/v2\/posts"}],"about":[{"href":"https:\/\/nakanarach.pl\/index.php\/wp-json\/wp\/v2\/types\/post"}],"author":[{"embeddable":true,"href":"https:\/\/nakanarach.pl\/index.php\/wp-json\/wp\/v2\/users\/4"}],"replies":[{"embeddable":true,"href":"https:\/\/nakanarach.pl\/index.php\/wp-json\/wp\/v2\/comments?post=14089"}],"version-history":[{"count":2,"href":"https:\/\/nakanarach.pl\/index.php\/wp-json\/wp\/v2\/posts\/14089\/revisions"}],"predecessor-version":[{"id":14094,"href":"https:\/\/nakanarach.pl\/index.php\/wp-json\/wp\/v2\/posts\/14089\/revisions\/14094"}],"wp:featuredmedia":[{"embeddable":true,"href":"https:\/\/nakanarach.pl\/index.php\/wp-json\/wp\/v2\/media\/14090"}],"wp:attachment":[{"href":"https:\/\/nakanarach.pl\/index.php\/wp-json\/wp\/v2\/media?parent=14089"}],"wp:term":[{"taxonomy":"category","embeddable":true,"href":"https:\/\/nakanarach.pl\/index.php\/wp-json\/wp\/v2\/categories?post=14089"},{"taxonomy":"post_tag","embeddable":true,"href":"https:\/\/nakanarach.pl\/index.php\/wp-json\/wp\/v2\/tags?post=14089"}],"curies":[{"name":"wp","href":"https:\/\/api.w.org\/{rel}","templated":true}]}}